{"id":9684,"date":"2018-03-09T11:46:39","date_gmt":"2018-03-09T10:46:39","guid":{"rendered":"http:\/\/obaloviny.rajapack.cz\/?p=9684"},"modified":"2023-05-16T14:12:21","modified_gmt":"2023-05-16T12:12:21","slug":"10-let","status":"publish","type":"post","link":"https:\/\/www.rajapack.cz\/blog-cz\/10-let","title":{"rendered":"Jsme tu u\u017e 10 let. A prodan\u00fdmi krabicemi bychom vydl\u00e1\u017edili cestu z Prahy do Pa\u0159\u00ed\u017ee a zp\u00e1tky. T\u0159ikr\u00e1t!"},"content":{"rendered":"<p>Jsme v \u010cR u\u017e 10 let. Oslavte narozeniny s n\u00e1mi! Rozd\u00e1v\u00e1me grily, kolob\u011b\u017eky i tablety.<\/p>\n<p><em>Na \u010desk\u00fd trh jsme vstoupili v roce 2007. A po 10 letech m\u016f\u017eeme hrd\u011b konstatovat, \u017ee se n\u00e1m da\u0159\u00ed. Jen krabic, na\u0161eho nejpopul\u00e1rn\u011bj\u0161\u00edho produktu, ro\u010dn\u011b prod\u00e1me v\u00edce ne\u017e p\u016fl milionu kus\u016f. A proto chceme 10. narozeniny a neust\u00e1le rostouc\u00ed prodeje oslavit i s v\u00e1mi, na\u0161imi z\u00e1kazn\u00edky.<\/em><br \/>\nA\u017e do 31. b\u0159ezna se m\u016f\u017eete z\u00fa\u010dastnit <a href=\"https:\/\/www.rajapack.cz\/darkomanie_cms_000078.html\" target=\"_blank\" rel=\"noopener\">D\u00e1rkom\u00e1nie<\/a>. Ka\u017ed\u00fd, kdo u n\u00e1s v tomto obdob\u00ed nakoup\u00ed, bez ohledu, zda je nov\u00fd, nebo st\u00e1vaj\u00edc\u00ed z\u00e1kazn\u00edk, m\u016f\u017ee z\u00edskat n\u011bkter\u00fd z d\u00e1rk\u016f. Podle v\u00fd\u0161e objedn\u00e1vky rozd\u00e1v\u00e1me t\u0159eba sady \u0161perk\u016f Swarovski, tablet, hodinky nebo elektrick\u00fd gril.<\/p>\n<h2>Jak se Rajapacku v p\u0159edchoz\u00edch 10 letech da\u0159ilo?<\/h2>\n<p>Na\u0161e statistiky mluv\u00ed jasn\u011b: Za 10 let na trhu, jsme na\u0161im z\u00e1kazn\u00edk\u016fm dodali <strong>6 milion\u016f kartonov\u00fdch krabi<\/strong>c. Kdybychom je vyskl\u00e1dali jednu vedle druh\u00e9, vydl\u00e1\u017ed\u00edme jimi cestu z Prahy do Pa\u0159\u00ed\u017ee t\u0159ikr\u00e1t tam a zp\u00e1tky. A takovou <strong>bublinkovou foli\u00ed<\/strong> prodanou za p\u0159edchoz\u00edch 10 let bychom spojili Prahu s Dubaj\u00ed. Prodali jsme j\u00ed toti\u017e t\u00e9m\u011b\u0159 <strong>60 tis\u00edc rol\u00ed<\/strong>.<\/p>\n<p>Pokud by v\u0161echny na\u0161e v roce 2016 prodan\u00e9 krabice poslou\u017eily jako bal\u00edky, pak by ka\u017ed\u00fd \u010dtvrt\u00fd bal\u00edk doru\u010den\u00fd \u010ceskou po\u0161tou, byl v obalu od RAJAPACK. Krom\u011b toho jsme za 10 let vyrobili <strong>origin\u00e1ln\u00ed produkty s vlastn\u00edm potiskem pro v\u00edce ne\u017e 6200 z\u00e1kazn\u00edk\u016f<\/strong>.<\/p>\n<h2>Rosteme a z\u00e1rove\u0148 mysl\u00edme ekologicky<\/h2>\n<p>\u201e<em>R\u016fst n\u00e1s t\u011b\u0161\u00ed, ale z\u00e1rove\u0148 i zavazuje k tomu, abychom p\u0159em\u00fd\u0161leli nad na\u0161\u00ed ekologickou zodpov\u011bdnost\u00ed,<\/em>\u201c \u0159\u00edk\u00e1 gener\u00e1ln\u00ed mana\u017eerka RAJAPACK, Gabriela Fabi\u00e1nov\u00e1. I proto tvo\u0159\u00ed u\u017e v\u00edce ne\u017e polovinu z 2500 v\u00fdrobk\u016f na\u0161\u00ed firmy takzvan\u00e9 \u201ezelen\u00e9\u201c zbo\u017e\u00ed. Mimochodem, za 10 let u n\u00e1s na\u0161i z\u00e1kazn\u00edci nakoupili t\u00e9m\u011b\u0159 <strong>23,5 milionu ekologick\u00fdch obal\u016f<\/strong>.<\/p>\n<p><strong>\u201eZa t\u00edm, \u017ee se n\u00e1m da\u0159\u00ed, je nejen kvalita \u0161\u00ed\u0159ka na\u0161\u00ed nab\u00eddky, ale p\u0159edev\u0161\u00edm perfektn\u00ed komunikace a skv\u011bl\u00e1 z\u00e1kaznick\u00e1 podpora,\u201c<\/strong> shrnuje hlavn\u00ed pil\u00ed\u0159e \u00fasp\u011bchu Gabriela Fabi\u00e1nov\u00e1. Dok\u00e1\u017eeme v\u00e1m poradit nejen s t\u00edm, jak\u00fd materi\u00e1l koupit, ale i jak s n\u00edm nalo\u017eit, jak zbo\u017e\u00ed balit ekonomicky, ale z\u00e1rove\u0148 tak, aby p\u0159i p\u0159eprav\u011b neutrp\u011blo.<\/p>\n<p>Nav\u00edc si uv\u011bdomujeme, \u017ee p\u0159i st\u00e1le rostouc\u00edm objemu prodej\u016f je velmi d\u016fle\u017eit\u00e9 <strong>p\u0159em\u00fd\u0161let nad ochranou \u017eivotn\u00edho prost\u0159ed\u00ed<\/strong>. Proto klademe d\u016fraz na ekologickou zodpov\u011bdnost a recyklaci materi\u00e1l\u016f. Pro ka\u017ed\u00fd nab\u00edzen\u00fd typ obalu u n\u00e1s najdete udr\u017eitelnou alternativu \u2013 tedy v\u00fdrobek z recyklovan\u00e9ho nebo recyklovateln\u00e9ho materi\u00e1lu, kter\u00fd nezat\u00ed\u017e\u00ed \u017eivotn\u00ed prost\u0159ed\u00ed.<\/p>\n<p>Ekologick\u00fd p\u0159\u00edstup pak uplat\u0148ujeme i v r\u00e1mci firmy. N\u00e1\u0161 <a href=\"https:\/\/www.rajapack.cz\/catalogues.html\" target=\"_blank\" rel=\"noopener\">katalog <\/a>si m\u016f\u017eete prohl\u00e9dnout on-line a jeho ti\u0161t\u011bnou podobu jsme v posledn\u00ed dob\u011b spot\u0159ebovali o 26 % m\u00e9n\u011b pap\u00edru. RAJAPACK m\u00e1 i certifikaci ISO 14001, kter\u00e1 \u0159e\u0161\u00ed pr\u00e1v\u011b enviroment\u00e1ln\u00ed management.<\/p>\n<p>V\u011b\u0159\u00edme, \u017ee n\u00e1m, jste-li na\u0161i st\u00e1l\u00ed z\u00e1kazn\u00edci, zachov\u00e1te p\u0159\u00edze\u0148 i nad\u00e1le. A pokud jste u n\u00e1s je\u0161t\u011b nic nepo\u0159\u00eddili, budeme r\u00e1di, kdy\u017e se p\u0159id\u00e1te k 20 tis\u00edc\u016fm spokojen\u00fdch z\u00e1kazn\u00edk\u016f.<\/p>\n","protected":false},"excerpt":{"rendered":"<p>Jsme v \u010cR u\u017e 10 let. Oslavte narozeniny s n\u00e1mi! Rozd\u00e1v\u00e1me grily, kolob\u011b\u017eky i tablety. Na \u010desk\u00fd trh jsme vstoupili v roce 2007. A po 10 letech m\u016f\u017eeme hrd\u011b konstatovat, [&#8230;]<\/p>\n","protected":false},"author":13,"featured_media":11383,"comment_status":"open","ping_status":"open","sticky":false,"template":"","format":"standard","meta":{"_acf_changed":false,"footnotes":""},"categories":[1209],"tags":[1210],"class_list":["post-9684","post","type-post","status-publish","format-standard","has-post-thumbnail","hentry","category-udalosti-v-rajapack","tag-firemni-udalosti"],"acf":[],"yoast_head":"\n<title>Jsme tu u\u017e 10 let. A prodan\u00fdmi krabicemi bychom vydl\u00e1\u017edili cestu z Prahy do Pa\u0159\u00ed\u017ee a zp\u00e1tky. T\u0159ikr\u00e1t! - Tipy a rady z oblasti logistiky, obal\u016f i p\u0159epravy | Rajapack<\/title>\n<meta name=\"robots\" content=\"index, follow, max-snippet:-1, max-image-preview:large, max-video-preview:-1\" \/>\n<link rel=\"canonical\" href=\"https:\/\/www.rajapack.cz\/blog-cz\/10-let\" \/>\n<meta property=\"og:locale\" content=\"cs_CZ\" \/>\n<meta property=\"og:type\" content=\"article\" \/>\n<meta property=\"og:title\" content=\"Jsme tu u\u017e 10 let. A prodan\u00fdmi krabicemi bychom vydl\u00e1\u017edili cestu z Prahy do Pa\u0159\u00ed\u017ee a zp\u00e1tky. T\u0159ikr\u00e1t! - Tipy a rady z oblasti logistiky, obal\u016f i p\u0159epravy | Rajapack\" \/>\n<meta property=\"og:description\" content=\"Jsme v \u010cR u\u017e 10 let. Oslavte narozeniny s n\u00e1mi! Rozd\u00e1v\u00e1me grily, kolob\u011b\u017eky i tablety. Na \u010desk\u00fd trh jsme vstoupili v roce 2007. A po 10 letech m\u016f\u017eeme hrd\u011b konstatovat, [...]\" \/>\n<meta property=\"og:url\" content=\"https:\/\/www.rajapack.cz\/blog-cz\/10-let\" \/>\n<meta property=\"og:site_name\" content=\"Tipy a rady z oblasti logistiky, obal\u016f i p\u0159epravy | Rajapack\" \/>\n<meta property=\"article:published_time\" content=\"2018-03-09T10:46:39+00:00\" \/>\n<meta property=\"article:modified_time\" content=\"2023-05-16T12:12:21+00:00\" \/>\n<meta property=\"og:image\" content=\"https:\/\/www.rajapack.cz\/blog-cz\/wp-content\/uploads\/2023\/05\/10-let-blog-1.jpg\" \/>\n\t<meta property=\"og:image:width\" content=\"720\" \/>\n\t<meta property=\"og:image:height\" content=\"480\" \/>\n\t<meta property=\"og:image:type\" content=\"image\/jpeg\" \/>\n<meta name=\"author\" content=\"Kommunikation Rajapack\" \/>\n<meta name=\"twitter:label1\" content=\"Napsal(a)\" \/>\n\t<meta name=\"twitter:data1\" content=\"Kommunikation Rajapack\" \/>\n\t<meta name=\"twitter:label2\" content=\"Odhadovan\u00e1 doba \u010dten\u00ed\" \/>\n\t<meta name=\"twitter:data2\" content=\"3 minuty\" \/>\n<script type=\"application\/ld+json\" class=\"yoast-schema-graph\">{\n\t    \"@context\": \"https:\/\/schema.org\",\n\t    \"@graph\": [\n\t        {\n\t            \"@type\": \"WebPage\",\n\t            \"@id\": \"https:\/\/www.rajapack.cz\/blog-cz\/10-let\",\n\t            \"url\": \"https:\/\/www.rajapack.cz\/blog-cz\/10-let\",\n\t            \"name\": \"Jsme tu u\u017e 10 let. A prodan\u00fdmi krabicemi bychom vydl\u00e1\u017edili cestu z Prahy do Pa\u0159\u00ed\u017ee a zp\u00e1tky. T\u0159ikr\u00e1t! - Tipy a rady z oblasti logistiky, obal\u016f i p\u0159epravy | Rajapack\",\n\t            \"isPartOf\": {\n\t                \"@id\": \"https:\/\/www.rajapack.cz\/blog-cz\/#website\"\n\t            },\n\t            \"primaryImageOfPage\": {\n\t                \"@id\": \"https:\/\/www.rajapack.cz\/blog-cz\/10-let#primaryimage\"\n\t            },\n\t            \"image\": {\n\t                \"@id\": \"https:\/\/www.rajapack.cz\/blog-cz\/10-let#primaryimage\"\n\t            },\n\t            \"thumbnailUrl\": \"https:\/\/www.rajapack.cz\/blog-cz\/wp-content\/uploads\/2023\/05\/10-let-blog-1.jpg\",\n\t            \"datePublished\": \"2018-03-09T10:46:39+00:00\",\n\t            \"dateModified\": \"2023-05-16T12:12:21+00:00\",\n\t            \"author\": {\n\t                \"@id\": \"https:\/\/www.rajapack.cz\/blog-cz\/#\/schema\/person\/26420b4851ac6b6f516c8b2c5fc737bc\"\n\t            },\n\t            \"inLanguage\": \"cs\",\n\t            \"potentialAction\": [\n\t                {\n\t                    \"@type\": \"ReadAction\",\n\t                    \"target\": [\n\t                        \"https:\/\/www.rajapack.cz\/blog-cz\/10-let\"\n\t                    ]\n\t                }\n\t            ]\n\t        },\n\t        {\n\t            \"@type\": \"ImageObject\",\n\t            \"inLanguage\": \"cs\",\n\t            \"@id\": \"https:\/\/www.rajapack.cz\/blog-cz\/10-let#primaryimage\",\n\t            \"url\": \"https:\/\/www.rajapack.cz\/blog-cz\/wp-content\/uploads\/2023\/05\/10-let-blog-1.jpg\",\n\t            \"contentUrl\": \"https:\/\/www.rajapack.cz\/blog-cz\/wp-content\/uploads\/2023\/05\/10-let-blog-1.jpg\",\n\t            \"width\": 720,\n\t            \"height\": 480\n\t        },\n\t        {\n\t            \"@type\": \"WebSite\",\n\t            \"@id\": \"https:\/\/www.rajapack.cz\/blog-cz\/#website\",\n\t            \"url\": \"https:\/\/www.rajapack.cz\/blog-cz\/\",\n\t            \"name\": \"Tipy a rady z oblasti logistiky, obal\u016f i p\u0159epravy | Rajapack\",\n\t            \"description\": \"Na\u010derpejte na na\u0161em blogu odborn\u00e9 tipy v oblasti logistiky i obal\u016f pro r\u016fzn\u00e9 typy balen\u00ed \u2714 Zaj\u00edmav\u00e9 \u010dl\u00e1nky a aktuality ze sv\u011bta obalov\u00fdch materi\u00e1l\u016f \u2714\",\n\t            \"potentialAction\": [\n\t                {\n\t                    \"@type\": \"SearchAction\",\n\t                    \"target\": {\n\t                        \"@type\": \"EntryPoint\",\n\t                        \"urlTemplate\": \"https:\/\/www.rajapack.cz\/blog-cz\/?s={search_term_string}\"\n\t                    },\n\t                    \"query-input\": \"required name=search_term_string\"\n\t                }\n\t            ],\n\t            \"inLanguage\": \"cs\"\n\t        },\n\t        {\n\t            \"@type\": \"Person\",\n\t            \"@id\": \"https:\/\/www.rajapack.cz\/blog-cz\/#\/schema\/person\/26420b4851ac6b6f516c8b2c5fc737bc\",\n\t            \"name\": \"Kommunikation Rajapack\",\n\t            \"image\": {\n\t                \"@type\": \"ImageObject\",\n\t                \"inLanguage\": \"cs\",\n\t                \"@id\": \"https:\/\/www.rajapack.cz\/blog-cz\/#\/schema\/person\/image\/\",\n\t                \"url\": \"https:\/\/secure.gravatar.com\/avatar\/f531e2daa0e26cba4c78bb3c17648b0e?s=96&d=mm&r=g\",\n\t                \"contentUrl\": \"https:\/\/secure.gravatar.com\/avatar\/f531e2daa0e26cba4c78bb3c17648b0e?s=96&d=mm&r=g\",\n\t                \"caption\": \"Kommunikation Rajapack\"\n\t            },\n\t            \"sameAs\": [\n\t                \"http:\/\/www.rajapack.de\"\n\t            ],\n\t            \"url\": \"https:\/\/www.rajapack.cz\/blog-cz\/author\/rajapack\"\n\t        }\n\t    ]\n\t}<\/script>\n","yoast_head_json":{"title":"Jsme tu u\u017e 10 let. A prodan\u00fdmi krabicemi bychom vydl\u00e1\u017edili cestu z Prahy do Pa\u0159\u00ed\u017ee a zp\u00e1tky. T\u0159ikr\u00e1t! - Tipy a rady z oblasti logistiky, obal\u016f i p\u0159epravy | Rajapack","robots":{"index":"index","follow":"follow","max-snippet":"max-snippet:-1","max-image-preview":"max-image-preview:large","max-video-preview":"max-video-preview:-1"},"canonical":"https:\/\/www.rajapack.cz\/blog-cz\/10-let","og_locale":"cs_CZ","og_type":"article","og_title":"Jsme tu u\u017e 10 let. A prodan\u00fdmi krabicemi bychom vydl\u00e1\u017edili cestu z Prahy do Pa\u0159\u00ed\u017ee a zp\u00e1tky. T\u0159ikr\u00e1t! - Tipy a rady z oblasti logistiky, obal\u016f i p\u0159epravy | Rajapack","og_description":"Jsme v \u010cR u\u017e 10 let. Oslavte narozeniny s n\u00e1mi! Rozd\u00e1v\u00e1me grily, kolob\u011b\u017eky i tablety. Na \u010desk\u00fd trh jsme vstoupili v roce 2007. A po 10 letech m\u016f\u017eeme hrd\u011b konstatovat, [...]","og_url":"https:\/\/www.rajapack.cz\/blog-cz\/10-let","og_site_name":"Tipy a rady z oblasti logistiky, obal\u016f i p\u0159epravy | Rajapack","article_published_time":"2018-03-09T10:46:39+00:00","article_modified_time":"2023-05-16T12:12:21+00:00","og_image":[{"width":720,"height":480,"url":"https:\/\/www.rajapack.cz\/blog-cz\/wp-content\/uploads\/2023\/05\/10-let-blog-1.jpg","type":"image\/jpeg"}],"author":"Kommunikation Rajapack","twitter_misc":{"Napsal(a)":"Kommunikation Rajapack","Odhadovan\u00e1 doba \u010dten\u00ed":"3 minuty"},"schema":{"@context":"https:\/\/schema.org","@graph":[{"@type":"WebPage","@id":"https:\/\/www.rajapack.cz\/blog-cz\/10-let","url":"https:\/\/www.rajapack.cz\/blog-cz\/10-let","name":"Jsme tu u\u017e 10 let. A prodan\u00fdmi krabicemi bychom vydl\u00e1\u017edili cestu z Prahy do Pa\u0159\u00ed\u017ee a zp\u00e1tky. T\u0159ikr\u00e1t! - Tipy a rady z oblasti logistiky, obal\u016f i p\u0159epravy | Rajapack","isPartOf":{"@id":"https:\/\/www.rajapack.cz\/blog-cz\/#website"},"primaryImageOfPage":{"@id":"https:\/\/www.rajapack.cz\/blog-cz\/10-let#primaryimage"},"image":{"@id":"https:\/\/www.rajapack.cz\/blog-cz\/10-let#primaryimage"},"thumbnailUrl":"https:\/\/www.rajapack.cz\/blog-cz\/wp-content\/uploads\/2023\/05\/10-let-blog-1.jpg","datePublished":"2018-03-09T10:46:39+00:00","dateModified":"2023-05-16T12:12:21+00:00","author":{"@id":"https:\/\/www.rajapack.cz\/blog-cz\/#\/schema\/person\/26420b4851ac6b6f516c8b2c5fc737bc"},"inLanguage":"cs","potentialAction":[{"@type":"ReadAction","target":["https:\/\/www.rajapack.cz\/blog-cz\/10-let"]}]},{"@type":"ImageObject","inLanguage":"cs","@id":"https:\/\/www.rajapack.cz\/blog-cz\/10-let#primaryimage","url":"https:\/\/www.rajapack.cz\/blog-cz\/wp-content\/uploads\/2023\/05\/10-let-blog-1.jpg","contentUrl":"https:\/\/www.rajapack.cz\/blog-cz\/wp-content\/uploads\/2023\/05\/10-let-blog-1.jpg","width":720,"height":480},{"@type":"WebSite","@id":"https:\/\/www.rajapack.cz\/blog-cz\/#website","url":"https:\/\/www.rajapack.cz\/blog-cz\/","name":"Tipy a rady z oblasti logistiky, obal\u016f i p\u0159epravy | Rajapack","description":"Na\u010derpejte na na\u0161em blogu odborn\u00e9 tipy v oblasti logistiky i obal\u016f pro r\u016fzn\u00e9 typy balen\u00ed \u2714 Zaj\u00edmav\u00e9 \u010dl\u00e1nky a aktuality ze sv\u011bta obalov\u00fdch materi\u00e1l\u016f \u2714","potentialAction":[{"@type":"SearchAction","target":{"@type":"EntryPoint","urlTemplate":"https:\/\/www.rajapack.cz\/blog-cz\/?s={search_term_string}"},"query-input":"required name=search_term_string"}],"inLanguage":"cs"},{"@type":"Person","@id":"https:\/\/www.rajapack.cz\/blog-cz\/#\/schema\/person\/26420b4851ac6b6f516c8b2c5fc737bc","name":"Kommunikation Rajapack","image":{"@type":"ImageObject","inLanguage":"cs","@id":"https:\/\/www.rajapack.cz\/blog-cz\/#\/schema\/person\/image\/","url":"https:\/\/secure.gravatar.com\/avatar\/f531e2daa0e26cba4c78bb3c17648b0e?s=96&d=mm&r=g","contentUrl":"https:\/\/secure.gravatar.com\/avatar\/f531e2daa0e26cba4c78bb3c17648b0e?s=96&d=mm&r=g","caption":"Kommunikation Rajapack"},"sameAs":["http:\/\/www.rajapack.de"],"url":"https:\/\/www.rajapack.cz\/blog-cz\/author\/rajapack"}]}},"_links":{"self":[{"href":"https:\/\/www.rajapack.cz\/blog-cz\/wp-json\/wp\/v2\/posts\/9684"}],"collection":[{"href":"https:\/\/www.rajapack.cz\/blog-cz\/wp-json\/wp\/v2\/posts"}],"about":[{"href":"https:\/\/www.rajapack.cz\/blog-cz\/wp-json\/wp\/v2\/types\/post"}],"author":[{"embeddable":true,"href":"https:\/\/www.rajapack.cz\/blog-cz\/wp-json\/wp\/v2\/users\/13"}],"replies":[{"embeddable":true,"href":"https:\/\/www.rajapack.cz\/blog-cz\/wp-json\/wp\/v2\/comments?post=9684"}],"version-history":[{"count":0,"href":"https:\/\/www.rajapack.cz\/blog-cz\/wp-json\/wp\/v2\/posts\/9684\/revisions"}],"wp:featuredmedia":[{"embeddable":true,"href":"https:\/\/www.rajapack.cz\/blog-cz\/wp-json\/wp\/v2\/media\/11383"}],"wp:attachment":[{"href":"https:\/\/www.rajapack.cz\/blog-cz\/wp-json\/wp\/v2\/media?parent=9684"}],"wp:term":[{"taxonomy":"category","embeddable":true,"href":"https:\/\/www.rajapack.cz\/blog-cz\/wp-json\/wp\/v2\/categories?post=9684"},{"taxonomy":"post_tag","embeddable":true,"href":"https:\/\/www.rajapack.cz\/blog-cz\/wp-json\/wp\/v2\/tags?post=9684"}],"curies":[{"name":"wp","href":"https:\/\/api.w.org\/{rel}","templated":true}]}}