{"id":9546,"date":"2017-05-30T07:05:11","date_gmt":"2017-05-30T05:05:11","guid":{"rendered":"http:\/\/obaloviny.rajapack.cz\/?p=9546"},"modified":"2024-01-12T10:08:50","modified_gmt":"2024-01-12T09:08:50","slug":"vypln-fixace-ochrana-spravnem-materialu-zalezi","status":"publish","type":"post","link":"https:\/\/www.rajapack.cz\/blog-cz\/vypln-fixace-ochrana-spravnem-materialu-zalezi","title":{"rendered":"V\u00fdpl\u0148, fixace, ochrana &#8211; na spr\u00e1vn\u00e9m materi\u00e1lu z\u00e1le\u017e\u00ed!"},"content":{"rendered":"<p>Spolehliv\u00e1 ochrana p\u0159i p\u0159eprav\u011b zbo\u017e\u00ed je velmi d\u016fle\u017eit\u00e1! K tomu pat\u0159\u00ed samoz\u0159ejm\u011b vedle vysoce kvalitn\u00edho obalu tak\u00e9 ten spr\u00e1vn\u00fd v\u00fdpl\u0148ov\u00fd materi\u00e1l, kter\u00fd chr\u00e1n\u00ed nejen p\u0159ed n\u00e1razy a ot\u0159esy, ale tak\u00e9 p\u0159ed ostatn\u00edmi vlivy p\u0159i doprav\u011b. Ale jak\u00fd je ten nejvhodn\u011bj\u0161\u00ed fixa\u010dn\u00ed a v\u00fdpl\u0148ov\u00fd materi\u00e1l?<\/p>\n<p>Jak\u00e9 materi\u00e1ly budete pou\u017e\u00edvat zcela z\u00e1le\u017e\u00ed na individu\u00e1ln\u00edch faktorech: Jak velk\u00e9 a t\u011b\u017ek\u00e9 je p\u0159epravovan\u00e9 zbo\u017e\u00ed? Chcete zas\u00edlat obzvl\u00e1\u0161\u0165 \u0161etrn\u011b k \u017eivotn\u00edmu prost\u0159ed\u00ed? Jak citliv\u00e9 jsou Va\u0161e produkty, nap\u0159. ochrana\u00a0proti po\u0161kr\u00e1b\u00e1n\u00ed nebo je t\u0159eba v\u011bnovat zv\u00fd\u0161enou pozornost elektronick\u00fdm sou\u010d\u00e1stk\u00e1m?<\/p>\n<p>V\u0161eobecn\u011b plat\u00ed: pro t\u011b\u017ek\u00e9 zbo\u017e\u00ed zvolte v\u017edy siln\u011bj\u0161\u00ed, pevn\u011bj\u0161\u00ed v\u00fdpl\u0148ov\u00fd materi\u00e1l, p\u0159\u00edli\u0161 m\u011bkk\u00fd materi\u00e1l nem\u016f\u017ee \u010delit hmotnosti, a t\u00edm zni\u010d\u00ed po\u017eadovan\u00fd ochrann\u00fd efekt! Pro lehk\u00e9 produkty je vhodn\u00e1 m\u011bkk\u00e1 v\u00fdpl\u0148.<\/p>\n<h1>Balen\u00ed vzduchov\u00fdmi pol\u0161t\u00e1\u0159ky, p\u011bnovou f\u00f3li\u00ed nebo fixa\u010dn\u00edmi granulemi<\/h1>\n<p>Chcete-li poslat k\u0159ehk\u00e9 p\u0159edm\u011bty nebo citliv\u00e9 zbo\u017e\u00ed, je tato forma ide\u00e1ln\u00edm obalov\u00fdm \u0159e\u0161en\u00edm. Tyto materi\u00e1ly jsou lehk\u00e9, s n\u00edzkou vlastn\u00ed hmotnost\u00ed a velmi flexibiln\u00ed, \u010d\u00edm\u017e se dokonale p\u0159izp\u016fsob\u00ed ka\u017ed\u00e9mu produktu.<\/p>\n<p><img loading=\"lazy\" decoding=\"async\" class=\"size-full wp-image-9552 alignleft\" src=\"https:\/\/www.rajapack.cz\/blog-cz\/wp-content\/uploads\/bublinkova-folie-1.jpg\" alt=\"Bublinkov\u00e1 f\u00f3lie\" width=\"196\" height=\"196\" srcset=\"https:\/\/www.rajapack.cz\/blog-cz\/wp-content\/uploads\/bublinkova-folie-1.jpg 196w, https:\/\/www.rajapack.cz\/blog-cz\/wp-content\/uploads\/bublinkova-folie-1-150x150.jpg 150w, https:\/\/www.rajapack.cz\/blog-cz\/wp-content\/uploads\/bublinkova-folie-1-120x120.jpg 120w, https:\/\/www.rajapack.cz\/blog-cz\/wp-content\/uploads\/bublinkova-folie-1-45x45.jpg 45w\" sizes=\"(max-width: 196px) 100vw, 196px\" \/>V\u00fdrobek zcela obalen\u00fd <a href=\"http:\/\/www.rajapack.cz\/vyplnovy-fixacni-material\/bublinkove-folie-sacky\/bublinkova-folie_C251010.html\">bublinkovou f\u00f3li\u00ed<\/a>\u00a0je chr\u00e1n\u011bn ze v\u0161ech stran proti n\u00e1raz\u016fm a ot\u0159es\u016fm. Ale tak\u00e9 zde plat\u00ed: \u010c\u00edm t\u011b\u017e\u0161\u00ed produkt, t\u00edm v\u011bt\u0161\u00ed mus\u00ed b\u00fdt velikost bublinek! Bublinkov\u00e1 f\u00f3lie s drobn\u00fdmi bublinkami obal\u00ed l\u00e9pe jemn\u00e9, lehk\u00e9 p\u0159edm\u011bty, zat\u00edmco bublinkov\u00e1 f\u00f3lie s velk\u00fdmi bublinami je vhodn\u00e1 pro ostrohrann\u00e9, masivn\u00ed produkty. Speci\u00e1ln\u011b pro elektrostaticky citliv\u00e9 produkty existuj\u00ed bublinkov\u00e9 f\u00f3lie, kter\u00e9 chr\u00e1n\u00ed p\u0159i transportu p\u0159ed elektrostatick\u00fdm n\u00e1bojem.<\/p>\n<p><img loading=\"lazy\" decoding=\"async\" class=\"alignnone size-full wp-image-9553 alignright\" src=\"https:\/\/www.rajapack.cz\/blog-cz\/wp-content\/uploads\/penova-folie.jpg\" alt=\"P\u011bnov\u00e1 f\u00f3lie\" width=\"196\" height=\"196\" srcset=\"https:\/\/www.rajapack.cz\/blog-cz\/wp-content\/uploads\/penova-folie.jpg 196w, https:\/\/www.rajapack.cz\/blog-cz\/wp-content\/uploads\/penova-folie-150x150.jpg 150w, https:\/\/www.rajapack.cz\/blog-cz\/wp-content\/uploads\/penova-folie-120x120.jpg 120w, https:\/\/www.rajapack.cz\/blog-cz\/wp-content\/uploads\/penova-folie-45x45.jpg 45w\" sizes=\"(max-width: 196px) 100vw, 196px\" \/>Zvl\u00e1\u0161t\u011b m\u011bkkou ochranu poskytuj\u00ed obalov\u00e9 materi\u00e1ly z <a href=\"http:\/\/www.rajapack.cz\/vyplnovy-fixacni-material\/penove-folie-sacky\/penove-folie-roli-rajamousse_PDT01288.html\">p\u011bnov\u00e9 f\u00f3lie<\/a>. Stejn\u011b\u00a0jako bublinkov\u00e1 f\u00f3lie je i p\u011bnov\u00e1 f\u00f3lie lehk\u00e1, chr\u00e1n\u00ed proti n\u00e1raz\u016fm a jednodu\u0161e se s n\u00ed pracuje. P\u011bnov\u00e1 f\u00f3lie je velmi \u0161etrn\u00e1 k povrchu a t\u00edm zabra\u0148uje po\u0161kr\u00e1b\u00e1n\u00ed\u00a0v\u00fdrobku. Chr\u00e1n\u00ed tak\u00e9 p\u0159ed ne\u017e\u00e1douc\u00edmi otisky prst\u016f. Bezpe\u010dn\u011b do n\u00ed zabal\u00edte\u00a0k\u0159ehk\u00e9 p\u0159edm\u011bty jako jsou skleni\u010dky a v\u00e1zy, ale tak\u00e9 zbo\u017e\u00ed s citliv\u00fdm povrchem\u00a0&#8211; dotykov\u00e9 tablety nebo zdravotnick\u00e9 p\u0159\u00edstroje.<\/p>\n<p>Tlumic\u00ed vlastnosti maj\u00ed rovn\u011b\u017e <a href=\"http:\/\/www.rajapack.cz\/vyplnovy-fixacni-material\/vyplnovy-material\/flo-pak_C255010.html\">fixa\u010dn\u00ed granule<\/a>: vypl\u0148uj\u00ed dutiny a zaji\u0161\u0165uj\u00ed\u00a0fixaci produktu v krabici. Nez\u00e1le\u017e\u00ed, zda je zbo\u017e\u00ed hranat\u00e9 nebo kulat\u00e9, fixa\u010dn\u00ed granule se p\u0159izp\u016fsob\u00ed ka\u017ed\u00e9mu tvaru a chr\u00e1n\u00ed zbo\u017e\u00ed p\u0159ed n\u00e1razy. Pro velkou stabilitu a trvanlivost mohou b\u00fdt granule jednodu\u0161e znovu pou\u017eity v dal\u0161\u00ed z\u00e1silce.<\/p>\n<h1>Fixa\u010dn\u00ed materi\u00e1l z pap\u00edru<\/h1>\n<p>Ten kdo si mysl\u00ed, \u017ee vzduchov\u00e9 pol\u0161t\u00e1\u0159ky\u00a0a p\u011bnov\u00e1 f\u00f3lie, jsou jedin\u00fd zp\u016fsob ochrany, se m\u00fdl\u00ed! <a href=\"http:\/\/www.rajapack.cz\/vyplnovy-fixacni-material\/lepenka-balici-papiry\/balici-papir_C254010.html\">Pap\u00edrov\u00e9 materi\u00e1ly<\/a> maj\u00ed tak\u00e9 co nab\u00eddnout. Mo\u017enost\u00ed je mnoho: od klasick\u00e9ho hn\u011bd\u00e9ho balic\u00edho pap\u00edru, p\u0159es vlnitou lepenku a ma\u010dkan\u00e9ho pap\u00edru, a\u017e po jemn\u00fd hedv\u00e1bn\u00fd pap\u00edr, zkr\u00e1tka v\u0161e, co je pot\u0159ebn\u00e9 pro vypln\u011bn\u00ed dutin a povrchovou ochranu!<\/p>\n<p><img loading=\"lazy\" decoding=\"async\" class=\"size-full wp-image-9551 alignleft\" src=\"https:\/\/www.rajapack.cz\/blog-cz\/wp-content\/uploads\/balici-papir.jpg\" alt=\"Bal\u00edc\u00ed pap\u00edr\" width=\"196\" height=\"196\" srcset=\"https:\/\/www.rajapack.cz\/blog-cz\/wp-content\/uploads\/balici-papir.jpg 196w, https:\/\/www.rajapack.cz\/blog-cz\/wp-content\/uploads\/balici-papir-150x150.jpg 150w, https:\/\/www.rajapack.cz\/blog-cz\/wp-content\/uploads\/balici-papir-120x120.jpg 120w, https:\/\/www.rajapack.cz\/blog-cz\/wp-content\/uploads\/balici-papir-45x45.jpg 45w\" sizes=\"(max-width: 196px) 100vw, 196px\" \/>Vyu\u017eijete ho p\u0159i skladov\u00e1n\u00ed, p\u0159eprav\u011b nebo jako pomocn\u00edka p\u0159i st\u011bhov\u00e1n\u00ed. V\u00fdpl\u0148ov\u00fd materi\u00e1l \u0161etrn\u00fd k \u017eivotn\u00edmu prost\u0159ed\u00ed obal\u00ed a ochr\u00e1n\u00ed \u0161irokou \u0161k\u00e1lu produkt\u016f. Tak\u00e9 balic\u00ed pap\u00edry jsou dispozici v r\u016fzn\u00fdch variant\u00e1ch v z\u00e1vislosti na tom, zda bude balena \u010d\u00e1st stroje nebo porcel\u00e1nov\u00e1 v\u00e1za. Odoln\u00e9 proti roztr\u017een\u00ed, ale jemn\u00e9 k povrchu, tlum\u00ed n\u00e1razy a chr\u00e1n\u00ed p\u0159ed\u00a0po\u0161kr\u00e1b\u00e1n\u00edm. P\u0159irozenou ochranu nab\u00edz\u00ed klasick\u00e1 vlnit\u00e1 lepenka: Vlny p\u016fsob\u00ed jako tlumi\u010d n\u00e1raz\u016f! D\u00edky p\u0159\u00ed\u010dn\u00fdm dr\u00e1\u017ek\u00e1m se m\u016f\u017ee pou\u017e\u00edt jako pru\u017en\u00e1 ochrana balen\u00e9ho produktu nebo slo\u017een\u00e1 jako v\u00fdpl\u0148.<\/p>\n<p><img loading=\"lazy\" decoding=\"async\" class=\"size-full wp-image-9554 alignright\" src=\"https:\/\/www.rajapack.cz\/blog-cz\/wp-content\/uploads\/sizzlepak.jpg\" alt=\"Sizzlepak\" width=\"196\" height=\"196\" srcset=\"https:\/\/www.rajapack.cz\/blog-cz\/wp-content\/uploads\/sizzlepak.jpg 196w, https:\/\/www.rajapack.cz\/blog-cz\/wp-content\/uploads\/sizzlepak-150x150.jpg 150w, https:\/\/www.rajapack.cz\/blog-cz\/wp-content\/uploads\/sizzlepak-120x120.jpg 120w, https:\/\/www.rajapack.cz\/blog-cz\/wp-content\/uploads\/sizzlepak-45x45.jpg 45w\" sizes=\"(max-width: 196px) 100vw, 196px\" \/>Velmi\u00a0hezky a kvalitn\u011b vypad\u00e1 hedv\u00e1bn\u00fd pap\u00edr. M\u011bkk\u00fd <a href=\"http:\/\/www.rajapack.cz\/tasky-darkove-baleni\/darkovy-balici-material\/hedvabny-papir_C653010.html\">hedv\u00e1bn\u00fd pap\u00edr<\/a> je vhodn\u00fd nejen jako v\u00fdpl\u0148, pro obalen\u00ed, ale rovn\u011b\u017e tak\u00e9 jako dekorace! R\u016fzn\u00e9 barvy umo\u017e\u0148uj\u00ed tento\u00a0materi\u00e1l z\u00e1rove\u0148 vyu\u017e\u00edt jako d\u00e1rkov\u00fd pap\u00edr. Podobn\u011b je na tom tak\u00e9\u00a0<a href=\"http:\/\/www.rajapack.cz\/tasky-darkove-baleni\/darkovy-balici-material\/vyplnovy-material-sizzlepak_OFF_CZ_0132.html\">SizzlePak<\/a>. Tento dekora\u010dn\u00ed pap\u00edrov\u00fd materi\u00e1l vypln\u00ed i ty nejmen\u0161\u00ed prostory. Pro\u00a0svou barevnost je vhodn\u00fd k balen\u00ed d\u00e1rk\u016f, jako jsou d\u00e1rkov\u00e9 ko\u0161e, kde na prvn\u00ed pohled nen\u00ed patrn\u00e9, \u017ee se jedn\u00e1 o \u201enorm\u00e1ln\u00ed\u201c v\u00fdpl\u0148ov\u00fd materi\u00e1l.<\/p>\n<p>P\u0159i v\u00fdplni pom\u016f\u017ee tak\u00e9\u00a0spolehliv\u00e1 klasika: ekologick\u00fd ma\u010dkan\u00fd pap\u00edr vypln\u00ed dutiny v\u0161eho druhu a chr\u00e1n\u00ed tak obsah kartonu p\u0159ed posunem . P\u0159i mal\u00e9 spot\u0159eb\u011b lze tuto variantu v\u00fdpln\u011b rychle vyrobit ru\u010dn\u011b z arch\u016f pap\u00edru. Pro balen\u00ed ve velk\u00e9m stylu se nab\u00edzej\u00ed profesion\u00e1ln\u00ed stroje na v\u00fdrobu v\u00fdpln\u011b. Ekologick\u00e1 v\u00fdpl\u0148 se vyr\u00e1b\u00ed stejn\u00fdm zp\u016fsobem \u201cma\u010dk\u00e1n\u00edm\u201c.<\/p>\n<p>Je jedno, jakou si vyberete. Vhodnou v\u00fdpln\u00ed optim\u00e1ln\u011b zapln\u00edte ka\u017edou krabici a t\u00edm ochr\u00e1n\u00edte Va\u0161e produkty na cest\u00e1ch.<\/p>\n","protected":false},"excerpt":{"rendered":"<p>Spolehliv\u00e1 ochrana p\u0159i p\u0159eprav\u011b zbo\u017e\u00ed je velmi d\u016fle\u017eit\u00e1! K tomu pat\u0159\u00ed samoz\u0159ejm\u011b vedle vysoce kvalitn\u00edho obalu tak\u00e9 ten spr\u00e1vn\u00fd v\u00fdpl\u0148ov\u00fd materi\u00e1l, kter\u00fd chr\u00e1n\u00ed nejen p\u0159ed n\u00e1razy a ot\u0159esy, ale tak\u00e9 [&#8230;]<\/p>\n","protected":false},"author":25,"featured_media":9550,"comment_status":"open","ping_status":"open","sticky":false,"template":"","format":"standard","meta":{"_acf_changed":false,"footnotes":""},"categories":[1205,1206],"tags":[1207,1084,812,873],"class_list":["post-9546","post","type-post","status-publish","format-standard","has-post-thumbnail","hentry","category-nase-obaly-a-novinky","category-tipy-a-navody","tag-navody","tag-produkty","tag-skladovani","tag-vyplnovy-material"],"acf":[],"yoast_head":"\n<title>V\u00fdpl\u0148, fixace, ochrana - na spr\u00e1vn\u00e9m materi\u00e1lu z\u00e1le\u017e\u00ed! | RAJA<\/title>\n<meta name=\"description\" content=\"Spolehliv\u00e1 ochrana p\u0159i p\u0159eprav\u011b zbo\u017e\u00ed je d\u016fle\u017eit\u00e1! K tomu pat\u0159\u00ed vedle kvalitn\u00edho obalu tak\u00e9 spr\u00e1vn\u00fd v\u00fdpl\u0148ov\u00fd materi\u00e1l. Vyberte si...\" \/>\n<meta name=\"robots\" content=\"index, follow, max-snippet:-1, max-image-preview:large, max-video-preview:-1\" \/>\n<link rel=\"canonical\" href=\"https:\/\/www.rajapack.cz\/blog-cz\/vypln-fixace-ochrana-spravnem-materialu-zalezi\" \/>\n<meta property=\"og:locale\" content=\"cs_CZ\" \/>\n<meta property=\"og:type\" content=\"article\" \/>\n<meta property=\"og:title\" content=\"V\u00fdpl\u0148, fixace, ochrana - na spr\u00e1vn\u00e9m materi\u00e1lu z\u00e1le\u017e\u00ed! | RAJA\" \/>\n<meta property=\"og:description\" content=\"Spolehliv\u00e1 ochrana p\u0159i p\u0159eprav\u011b zbo\u017e\u00ed je d\u016fle\u017eit\u00e1! K tomu pat\u0159\u00ed vedle kvalitn\u00edho obalu tak\u00e9 spr\u00e1vn\u00fd v\u00fdpl\u0148ov\u00fd materi\u00e1l. Vyberte si...\" \/>\n<meta property=\"og:url\" content=\"https:\/\/www.rajapack.cz\/blog-cz\/vypln-fixace-ochrana-spravnem-materialu-zalezi\" \/>\n<meta property=\"og:site_name\" content=\"Tipy a rady z oblasti logistiky, obal\u016f i p\u0159epravy | Rajapack\" \/>\n<meta property=\"article:published_time\" content=\"2017-05-30T05:05:11+00:00\" \/>\n<meta property=\"article:modified_time\" content=\"2024-01-12T09:08:50+00:00\" \/>\n<meta property=\"og:image\" content=\"https:\/\/www.rajapack.cz\/blog-cz\/wp-content\/uploads\/vyplnovy-material.jpg\" \/>\n\t<meta property=\"og:image:width\" content=\"1050\" \/>\n\t<meta property=\"og:image:height\" content=\"600\" \/>\n\t<meta property=\"og:image:type\" content=\"image\/jpeg\" \/>\n<meta name=\"author\" content=\"Rajapack CZ\" \/>\n<meta name=\"twitter:label1\" content=\"Napsal(a)\" \/>\n\t<meta name=\"twitter:data1\" content=\"Rajapack CZ\" \/>\n\t<meta name=\"twitter:label2\" content=\"Odhadovan\u00e1 doba \u010dten\u00ed\" \/>\n\t<meta name=\"twitter:data2\" content=\"5 minut\" \/>\n<script type=\"application\/ld+json\" class=\"yoast-schema-graph\">{\n\t    \"@context\": \"https:\/\/schema.org\",\n\t    \"@graph\": [\n\t        {\n\t            \"@type\": \"WebPage\",\n\t            \"@id\": \"https:\/\/www.rajapack.cz\/blog-cz\/vypln-fixace-ochrana-spravnem-materialu-zalezi\",\n\t            \"url\": \"https:\/\/www.rajapack.cz\/blog-cz\/vypln-fixace-ochrana-spravnem-materialu-zalezi\",\n\t            \"name\": \"V\u00fdpl\u0148, fixace, ochrana - na spr\u00e1vn\u00e9m materi\u00e1lu z\u00e1le\u017e\u00ed! | RAJA\",\n\t            \"isPartOf\": {\n\t                \"@id\": \"https:\/\/www.rajapack.cz\/blog-cz\/#website\"\n\t            },\n\t            \"primaryImageOfPage\": {\n\t                \"@id\": \"https:\/\/www.rajapack.cz\/blog-cz\/vypln-fixace-ochrana-spravnem-materialu-zalezi#primaryimage\"\n\t            },\n\t            \"image\": {\n\t                \"@id\": \"https:\/\/www.rajapack.cz\/blog-cz\/vypln-fixace-ochrana-spravnem-materialu-zalezi#primaryimage\"\n\t            },\n\t            \"thumbnailUrl\": \"https:\/\/www.rajapack.cz\/blog-cz\/wp-content\/uploads\/vyplnovy-material.jpg\",\n\t            \"datePublished\": \"2017-05-30T05:05:11+00:00\",\n\t            \"dateModified\": \"2024-01-12T09:08:50+00:00\",\n\t            \"author\": {\n\t                \"@id\": \"https:\/\/www.rajapack.cz\/blog-cz\/#\/schema\/person\/51cf52e672940ef07086793d87bb2bcc\"\n\t            },\n\t            \"description\": \"Spolehliv\u00e1 ochrana p\u0159i p\u0159eprav\u011b zbo\u017e\u00ed je d\u016fle\u017eit\u00e1! K tomu pat\u0159\u00ed vedle kvalitn\u00edho obalu tak\u00e9 spr\u00e1vn\u00fd v\u00fdpl\u0148ov\u00fd materi\u00e1l. Vyberte si...\",\n\t            \"inLanguage\": \"cs\",\n\t            \"potentialAction\": [\n\t                {\n\t                    \"@type\": \"ReadAction\",\n\t                    \"target\": [\n\t                        \"https:\/\/www.rajapack.cz\/blog-cz\/vypln-fixace-ochrana-spravnem-materialu-zalezi\"\n\t                    ]\n\t                }\n\t            ]\n\t        },\n\t        {\n\t            \"@type\": \"ImageObject\",\n\t            \"inLanguage\": \"cs\",\n\t            \"@id\": \"https:\/\/www.rajapack.cz\/blog-cz\/vypln-fixace-ochrana-spravnem-materialu-zalezi#primaryimage\",\n\t            \"url\": \"https:\/\/www.rajapack.cz\/blog-cz\/wp-content\/uploads\/vyplnovy-material.jpg\",\n\t            \"contentUrl\": \"https:\/\/www.rajapack.cz\/blog-cz\/wp-content\/uploads\/vyplnovy-material.jpg\",\n\t            \"width\": 1050,\n\t            \"height\": 600\n\t        },\n\t        {\n\t            \"@type\": \"WebSite\",\n\t            \"@id\": \"https:\/\/www.rajapack.cz\/blog-cz\/#website\",\n\t            \"url\": \"https:\/\/www.rajapack.cz\/blog-cz\/\",\n\t            \"name\": \"Tipy a rady z oblasti logistiky, obal\u016f i p\u0159epravy | Rajapack\",\n\t            \"description\": \"Na\u010derpejte na na\u0161em blogu odborn\u00e9 tipy v oblasti logistiky i obal\u016f pro r\u016fzn\u00e9 typy balen\u00ed \u2714 Zaj\u00edmav\u00e9 \u010dl\u00e1nky a aktuality ze sv\u011bta obalov\u00fdch materi\u00e1l\u016f \u2714\",\n\t            \"potentialAction\": [\n\t                {\n\t                    \"@type\": \"SearchAction\",\n\t                    \"target\": {\n\t                        \"@type\": \"EntryPoint\",\n\t                        \"urlTemplate\": \"https:\/\/www.rajapack.cz\/blog-cz\/?s={search_term_string}\"\n\t                    },\n\t                    \"query-input\": \"required name=search_term_string\"\n\t                }\n\t            ],\n\t            \"inLanguage\": \"cs\"\n\t        },\n\t        {\n\t            \"@type\": \"Person\",\n\t            \"@id\": \"https:\/\/www.rajapack.cz\/blog-cz\/#\/schema\/person\/51cf52e672940ef07086793d87bb2bcc\",\n\t            \"name\": \"Rajapack CZ\",\n\t            \"image\": {\n\t                \"@type\": \"ImageObject\",\n\t                \"inLanguage\": \"cs\",\n\t                \"@id\": \"https:\/\/www.rajapack.cz\/blog-cz\/#\/schema\/person\/image\/\",\n\t                \"url\": \"https:\/\/secure.gravatar.com\/avatar\/fa599d097ebb7cb9005345c085842c37?s=96&d=mm&r=g\",\n\t                \"contentUrl\": \"https:\/\/secure.gravatar.com\/avatar\/fa599d097ebb7cb9005345c085842c37?s=96&d=mm&r=g\",\n\t                \"caption\": \"Rajapack CZ\"\n\t            },\n\t            \"url\": \"https:\/\/www.rajapack.cz\/blog-cz\/author\/rajapackcz\"\n\t        }\n\t    ]\n\t}<\/script>\n","yoast_head_json":{"title":"V\u00fdpl\u0148, fixace, ochrana - na spr\u00e1vn\u00e9m materi\u00e1lu z\u00e1le\u017e\u00ed! | RAJA","description":"Spolehliv\u00e1 ochrana p\u0159i p\u0159eprav\u011b zbo\u017e\u00ed je d\u016fle\u017eit\u00e1! K tomu pat\u0159\u00ed vedle kvalitn\u00edho obalu tak\u00e9 spr\u00e1vn\u00fd v\u00fdpl\u0148ov\u00fd materi\u00e1l. Vyberte si...","robots":{"index":"index","follow":"follow","max-snippet":"max-snippet:-1","max-image-preview":"max-image-preview:large","max-video-preview":"max-video-preview:-1"},"canonical":"https:\/\/www.rajapack.cz\/blog-cz\/vypln-fixace-ochrana-spravnem-materialu-zalezi","og_locale":"cs_CZ","og_type":"article","og_title":"V\u00fdpl\u0148, fixace, ochrana - na spr\u00e1vn\u00e9m materi\u00e1lu z\u00e1le\u017e\u00ed! | RAJA","og_description":"Spolehliv\u00e1 ochrana p\u0159i p\u0159eprav\u011b zbo\u017e\u00ed je d\u016fle\u017eit\u00e1! K tomu pat\u0159\u00ed vedle kvalitn\u00edho obalu tak\u00e9 spr\u00e1vn\u00fd v\u00fdpl\u0148ov\u00fd materi\u00e1l. Vyberte si...","og_url":"https:\/\/www.rajapack.cz\/blog-cz\/vypln-fixace-ochrana-spravnem-materialu-zalezi","og_site_name":"Tipy a rady z oblasti logistiky, obal\u016f i p\u0159epravy | Rajapack","article_published_time":"2017-05-30T05:05:11+00:00","article_modified_time":"2024-01-12T09:08:50+00:00","og_image":[{"width":1050,"height":600,"url":"https:\/\/www.rajapack.cz\/blog-cz\/wp-content\/uploads\/vyplnovy-material.jpg","type":"image\/jpeg"}],"author":"Rajapack CZ","twitter_misc":{"Napsal(a)":"Rajapack CZ","Odhadovan\u00e1 doba \u010dten\u00ed":"5 minut"},"schema":{"@context":"https:\/\/schema.org","@graph":[{"@type":"WebPage","@id":"https:\/\/www.rajapack.cz\/blog-cz\/vypln-fixace-ochrana-spravnem-materialu-zalezi","url":"https:\/\/www.rajapack.cz\/blog-cz\/vypln-fixace-ochrana-spravnem-materialu-zalezi","name":"V\u00fdpl\u0148, fixace, ochrana - na spr\u00e1vn\u00e9m materi\u00e1lu z\u00e1le\u017e\u00ed! | RAJA","isPartOf":{"@id":"https:\/\/www.rajapack.cz\/blog-cz\/#website"},"primaryImageOfPage":{"@id":"https:\/\/www.rajapack.cz\/blog-cz\/vypln-fixace-ochrana-spravnem-materialu-zalezi#primaryimage"},"image":{"@id":"https:\/\/www.rajapack.cz\/blog-cz\/vypln-fixace-ochrana-spravnem-materialu-zalezi#primaryimage"},"thumbnailUrl":"https:\/\/www.rajapack.cz\/blog-cz\/wp-content\/uploads\/vyplnovy-material.jpg","datePublished":"2017-05-30T05:05:11+00:00","dateModified":"2024-01-12T09:08:50+00:00","author":{"@id":"https:\/\/www.rajapack.cz\/blog-cz\/#\/schema\/person\/51cf52e672940ef07086793d87bb2bcc"},"description":"Spolehliv\u00e1 ochrana p\u0159i p\u0159eprav\u011b zbo\u017e\u00ed je d\u016fle\u017eit\u00e1! K tomu pat\u0159\u00ed vedle kvalitn\u00edho obalu tak\u00e9 spr\u00e1vn\u00fd v\u00fdpl\u0148ov\u00fd materi\u00e1l. Vyberte si...","inLanguage":"cs","potentialAction":[{"@type":"ReadAction","target":["https:\/\/www.rajapack.cz\/blog-cz\/vypln-fixace-ochrana-spravnem-materialu-zalezi"]}]},{"@type":"ImageObject","inLanguage":"cs","@id":"https:\/\/www.rajapack.cz\/blog-cz\/vypln-fixace-ochrana-spravnem-materialu-zalezi#primaryimage","url":"https:\/\/www.rajapack.cz\/blog-cz\/wp-content\/uploads\/vyplnovy-material.jpg","contentUrl":"https:\/\/www.rajapack.cz\/blog-cz\/wp-content\/uploads\/vyplnovy-material.jpg","width":1050,"height":600},{"@type":"WebSite","@id":"https:\/\/www.rajapack.cz\/blog-cz\/#website","url":"https:\/\/www.rajapack.cz\/blog-cz\/","name":"Tipy a rady z oblasti logistiky, obal\u016f i p\u0159epravy | Rajapack","description":"Na\u010derpejte na na\u0161em blogu odborn\u00e9 tipy v oblasti logistiky i obal\u016f pro r\u016fzn\u00e9 typy balen\u00ed \u2714 Zaj\u00edmav\u00e9 \u010dl\u00e1nky a aktuality ze sv\u011bta obalov\u00fdch materi\u00e1l\u016f \u2714","potentialAction":[{"@type":"SearchAction","target":{"@type":"EntryPoint","urlTemplate":"https:\/\/www.rajapack.cz\/blog-cz\/?s={search_term_string}"},"query-input":"required name=search_term_string"}],"inLanguage":"cs"},{"@type":"Person","@id":"https:\/\/www.rajapack.cz\/blog-cz\/#\/schema\/person\/51cf52e672940ef07086793d87bb2bcc","name":"Rajapack CZ","image":{"@type":"ImageObject","inLanguage":"cs","@id":"https:\/\/www.rajapack.cz\/blog-cz\/#\/schema\/person\/image\/","url":"https:\/\/secure.gravatar.com\/avatar\/fa599d097ebb7cb9005345c085842c37?s=96&d=mm&r=g","contentUrl":"https:\/\/secure.gravatar.com\/avatar\/fa599d097ebb7cb9005345c085842c37?s=96&d=mm&r=g","caption":"Rajapack CZ"},"url":"https:\/\/www.rajapack.cz\/blog-cz\/author\/rajapackcz"}]}},"_links":{"self":[{"href":"https:\/\/www.rajapack.cz\/blog-cz\/wp-json\/wp\/v2\/posts\/9546"}],"collection":[{"href":"https:\/\/www.rajapack.cz\/blog-cz\/wp-json\/wp\/v2\/posts"}],"about":[{"href":"https:\/\/www.rajapack.cz\/blog-cz\/wp-json\/wp\/v2\/types\/post"}],"author":[{"embeddable":true,"href":"https:\/\/www.rajapack.cz\/blog-cz\/wp-json\/wp\/v2\/users\/25"}],"replies":[{"embeddable":true,"href":"https:\/\/www.rajapack.cz\/blog-cz\/wp-json\/wp\/v2\/comments?post=9546"}],"version-history":[{"count":0,"href":"https:\/\/www.rajapack.cz\/blog-cz\/wp-json\/wp\/v2\/posts\/9546\/revisions"}],"wp:featuredmedia":[{"embeddable":true,"href":"https:\/\/www.rajapack.cz\/blog-cz\/wp-json\/wp\/v2\/media\/9550"}],"wp:attachment":[{"href":"https:\/\/www.rajapack.cz\/blog-cz\/wp-json\/wp\/v2\/media?parent=9546"}],"wp:term":[{"taxonomy":"category","embeddable":true,"href":"https:\/\/www.rajapack.cz\/blog-cz\/wp-json\/wp\/v2\/categories?post=9546"},{"taxonomy":"post_tag","embeddable":true,"href":"https:\/\/www.rajapack.cz\/blog-cz\/wp-json\/wp\/v2\/tags?post=9546"}],"curies":[{"name":"wp","href":"https:\/\/api.w.org\/{rel}","templated":true}]}}