{"id":9437,"date":"2017-01-24T14:36:43","date_gmt":"2017-01-24T13:36:43","guid":{"rendered":"http:\/\/obaloviny.rajapack.cz\/?p=9437"},"modified":"2023-05-19T11:02:03","modified_gmt":"2023-05-19T09:02:03","slug":"muze-papir-prezit-digitalni-eru","status":"publish","type":"post","link":"https:\/\/www.rajapack.cz\/blog-cz\/muze-papir-prezit-digitalni-eru","title":{"rendered":"M\u016f\u017ee pap\u00edr p\u0159e\u017e\u00edt digit\u00e1ln\u00ed \u00e9ru?"},"content":{"rendered":"<p>Prvn\u00ed p\u0159edpov\u011bdi o bezpap\u00edrov\u00e9m sv\u011bt\u011b byly odv\u00e1\u017en\u011b vy\u0159\u010deny ji\u017e v 70. letech minul\u00e9ho stolet\u00ed a p\u0159edpov\u00eddali kompletn\u00ed digitalizaci v pr\u016fb\u011bhu 90. let. Kdy\u017e se v\u0161ak pod\u00edv\u00e1me do jak\u00e9koliv spole\u010dnosti bez ohledu na jej\u00ed velikost, je v\u00edc ne\u017e jasn\u00e9, \u017ee jsme od absolutn\u00ed digitalizace a sv\u011bta bez pap\u00edru je\u0161t\u011b po\u0159\u00e1dn\u011b daleko.<\/p>\n<h2>Jak to tedy ve skute\u010dnosti je se spot\u0159ebou pap\u00edru?<\/h2>\n<p>Dle \u00fadaj\u016f publikovan\u00fdch na str\u00e1nk\u00e1ch <a href=\"http:\/\/www.wan-ifra.org\" target=\"_blank\" rel=\"noopener\">World Association of Newspapers and News Publishers<\/a> mno\u017estv\u00ed vyroben\u00e9ho pap\u00edru a kartonu ve sv\u011bt\u011b stoup\u00e1, i kdy\u017e v USA a Evrop\u011b m\u00edrn\u00fd pokles v\u00fdroby pokra\u010duje. Rok 2014 byl v objemu celosv\u011btov\u00e9 v\u00fdroby pap\u00edru rekordn\u00ed a dos\u00e1hl hodnotu 406,5 mili\u00f3n\u016f tun.<\/p>\n<p>Celosv\u011btov\u011b nejv\u011bt\u0161\u00edm producentem i spot\u0159ebitelem pap\u00edru a kartonu je \u010c\u00edna. Pr\u00e1v\u011b ona v rekordn\u00edm roce 2014 vyprodukovala 25 % a spot\u0159ebovala 26 % ze sv\u011btov\u00e9 v\u00fdroby pap\u00edru a kartonu. Na druh\u00e9m m\u00edst\u011b ve spot\u0159eb\u011b pap\u00edru byly Spojen\u00e9 st\u00e1ty americk\u00e9, na t\u0159et\u00edm Japonsko a na \u010dtvrt\u00e9m m\u00edst\u011b N\u011bmecko.<\/p>\n<p>V celosv\u011btov\u00e9m m\u011b\u0159\u00edtku dokonce stoup\u00e1 i mno\u017estv\u00ed spot\u0159ebovan\u00e9ho pap\u00edru na osobu. Za posledn\u00edch 5 let se toto \u010d\u00edslo zv\u00fd\u0161ilo ze 47 kg na 57 kg pap\u00edru za rok. Pap\u00edr tedy rozhodn\u011b nevym\u00edr\u00e1.<\/p>\n<p>Dobrou zpr\u00e1vou je, \u017ee se nezvy\u0161uje jenom v\u00fdroba pap\u00edru, ale i jeho recyklace. Recykla\u010dn\u00ed pom\u011br pap\u00edru se za posledn\u00edch 15 let v Evrop\u011b zv\u00fd\u0161il o t\u00e9m\u011b\u0159 20 procentu\u00e1ln\u00edch bod\u016f a v roce 2015 dos\u00e1hl 71,5 %.<\/p>\n<p>Nen\u00ed ani pravdou, \u017ee by v\u00fdroba pap\u00edru zp\u016fsobovala hromadn\u00e9 k\u00e1cen\u00ed strom\u016f. Dle dat <a href=\"http:\/\/www.cepi.org\" target=\"_blank\" rel=\"noopener\">Confederation of European Paper Industries<\/a> (CEPI) se v pap\u00edrensk\u00e9m pr\u016fmyslu pou\u017eije pouze 13 % vyt\u011b\u017een\u00e9ho d\u0159eva.<\/p>\n<h2>Pap\u00edr a jeho staro-nov\u00e9 m\u00edsto v digit\u00e1ln\u00edm sv\u011bt\u011b<\/h2>\n<p>Pap\u00edr m\u00e1 ve sv\u011bt\u011b byznysu sv\u00e9 klasick\u00e9, ale i inovativn\u00ed m\u00edsto. T\u00e9m\u011b\u0159 polovina z vyprodukovan\u00e9ho pap\u00edru se vyu\u017e\u00edv\u00e1 v balic\u00edm pr\u016fmyslu a v\u00edce ne\u017e t\u0159etina jako grafick\u00fd pap\u00edr. Modern\u00ed sv\u011bt v\u0161ak pro pap\u00edr p\u0159in\u00e1\u0161\u00ed i nov\u00e9 mo\u017enosti vyu\u017eit\u00ed. Dokonal\u00fdm p\u0159\u00edkladem je t\u0159eba multimedi\u00e1ln\u00ed karton, kter\u00fd m\u00e1 zabudovanou obrazovku HD video se zvukem. Takov\u00e9 obaly by pak v budoucnu produkty nejen chr\u00e1nili, ale tak\u00e9 pom\u00e1haly vzd\u011bl\u00e1vat.<\/p>\n<p>Digitalizace tedy pap\u00edr nezab\u00edj\u00ed, pouze minimalizuje jeho zbyte\u010dn\u00e9 pl\u00fdtv\u00e1n\u00ed. V\u011b\u0159\u00edme, \u017ee spole\u010dnost\u00ed, kter\u00e9 vid\u00ed za pap\u00edrem i stromy bude po\u0159\u00e1d p\u0159ib\u00fdvat.<\/p>\n<p>&nbsp;<\/p>\n<p><img loading=\"lazy\" decoding=\"async\" class=\"alignnone\" src=\"https:\/\/www.rajapack.cz\/blog-cz\/wp-content\/uploads\/2023\/05\/muze-papir-prezit-digitalni-eru-infografika-clanek-1-scaled.jpg\" alt=\"Pap\u00edr v digit\u00e1ln\u00ed \u00e9\u0159e\" width=\"2492\" height=\"9229\" \/><\/p>\n","protected":false},"excerpt":{"rendered":"<p>Prvn\u00ed p\u0159edpov\u011bdi o bezpap\u00edrov\u00e9m sv\u011bt\u011b byly odv\u00e1\u017en\u011b vy\u0159\u010deny ji\u017e v 70. letech minul\u00e9ho stolet\u00ed a p\u0159edpov\u00eddali kompletn\u00ed digitalizaci v pr\u016fb\u011bhu 90. let. Kdy\u017e se v\u0161ak pod\u00edv\u00e1me do jak\u00e9koliv spole\u010dnosti bez [&#8230;]<\/p>\n","protected":false},"author":25,"featured_media":11555,"comment_status":"open","ping_status":"open","sticky":false,"template":"","format":"standard","meta":{"_acf_changed":false,"footnotes":""},"categories":[1208,1205],"tags":[168,1084],"class_list":["post-9437","post","type-post","status-publish","format-standard","has-post-thumbnail","hentry","category-logistika-a-e-commerce","category-nase-obaly-a-novinky","tag-e-commerce","tag-produkty"],"acf":[],"yoast_head":"\n<title>M\u016f\u017ee pap\u00edr p\u0159e\u017e\u00edt digit\u00e1ln\u00ed \u00e9ru? - Rajapack.cz<\/title>\n<meta name=\"description\" content=\"Kompletn\u00ed digitalizace se p\u0159edpov\u00eddala koncem 90. let, pap\u00edr ale st\u00e1le \u017eije. Jak je to s jeho recyklac\u00ed a kdo produkuje nejv\u00edc pap\u00edru na sv\u011bt\u011b?\" \/>\n<meta name=\"robots\" content=\"index, follow, max-snippet:-1, max-image-preview:large, max-video-preview:-1\" \/>\n<link rel=\"canonical\" href=\"https:\/\/www.rajapack.cz\/blog-cz\/muze-papir-prezit-digitalni-eru\" \/>\n<meta property=\"og:locale\" content=\"cs_CZ\" \/>\n<meta property=\"og:type\" content=\"article\" \/>\n<meta property=\"og:title\" content=\"M\u016f\u017ee pap\u00edr p\u0159e\u017e\u00edt digit\u00e1ln\u00ed \u00e9ru? - Rajapack.cz\" \/>\n<meta property=\"og:description\" content=\"Kompletn\u00ed digitalizace se p\u0159edpov\u00eddala koncem 90. let, pap\u00edr ale st\u00e1le \u017eije. Jak je to s jeho recyklac\u00ed a kdo produkuje nejv\u00edc pap\u00edru na sv\u011bt\u011b?\" \/>\n<meta property=\"og:url\" content=\"https:\/\/www.rajapack.cz\/blog-cz\/muze-papir-prezit-digitalni-eru\" \/>\n<meta property=\"og:site_name\" content=\"Tipy a rady z oblasti logistiky, obal\u016f i p\u0159epravy | Rajapack\" \/>\n<meta property=\"article:published_time\" content=\"2017-01-24T13:36:43+00:00\" \/>\n<meta property=\"article:modified_time\" content=\"2023-05-19T09:02:03+00:00\" \/>\n<meta property=\"og:image\" content=\"https:\/\/www.rajapack.cz\/blog-cz\/wp-content\/uploads\/2023\/05\/papir-v-digitalni-ere-web.jpg\" \/>\n\t<meta property=\"og:image:width\" content=\"600\" \/>\n\t<meta property=\"og:image:height\" content=\"447\" \/>\n\t<meta property=\"og:image:type\" content=\"image\/jpeg\" \/>\n<meta name=\"author\" content=\"Rajapack CZ\" \/>\n<meta name=\"twitter:label1\" content=\"Napsal(a)\" \/>\n\t<meta name=\"twitter:data1\" content=\"Rajapack CZ\" \/>\n\t<meta name=\"twitter:label2\" content=\"Odhadovan\u00e1 doba \u010dten\u00ed\" \/>\n\t<meta name=\"twitter:data2\" content=\"3 minuty\" \/>\n<script type=\"application\/ld+json\" class=\"yoast-schema-graph\">{\n\t    \"@context\": \"https:\/\/schema.org\",\n\t    \"@graph\": [\n\t        {\n\t            \"@type\": \"WebPage\",\n\t            \"@id\": \"https:\/\/www.rajapack.cz\/blog-cz\/muze-papir-prezit-digitalni-eru\",\n\t            \"url\": \"https:\/\/www.rajapack.cz\/blog-cz\/muze-papir-prezit-digitalni-eru\",\n\t            \"name\": \"M\u016f\u017ee pap\u00edr p\u0159e\u017e\u00edt digit\u00e1ln\u00ed \u00e9ru? - Rajapack.cz\",\n\t            \"isPartOf\": {\n\t                \"@id\": \"https:\/\/www.rajapack.cz\/blog-cz\/#website\"\n\t            },\n\t            \"primaryImageOfPage\": {\n\t                \"@id\": \"https:\/\/www.rajapack.cz\/blog-cz\/muze-papir-prezit-digitalni-eru#primaryimage\"\n\t            },\n\t            \"image\": {\n\t                \"@id\": \"https:\/\/www.rajapack.cz\/blog-cz\/muze-papir-prezit-digitalni-eru#primaryimage\"\n\t            },\n\t            \"thumbnailUrl\": \"https:\/\/www.rajapack.cz\/blog-cz\/wp-content\/uploads\/2023\/05\/papir-v-digitalni-ere-web.jpg\",\n\t            \"datePublished\": \"2017-01-24T13:36:43+00:00\",\n\t            \"dateModified\": \"2023-05-19T09:02:03+00:00\",\n\t            \"author\": {\n\t                \"@id\": \"https:\/\/www.rajapack.cz\/blog-cz\/#\/schema\/person\/51cf52e672940ef07086793d87bb2bcc\"\n\t            },\n\t            \"description\": \"Kompletn\u00ed digitalizace se p\u0159edpov\u00eddala koncem 90. let, pap\u00edr ale st\u00e1le \u017eije. Jak je to s jeho recyklac\u00ed a kdo produkuje nejv\u00edc pap\u00edru na sv\u011bt\u011b?\",\n\t            \"inLanguage\": \"cs\",\n\t            \"potentialAction\": [\n\t                {\n\t                    \"@type\": \"ReadAction\",\n\t                    \"target\": [\n\t                        \"https:\/\/www.rajapack.cz\/blog-cz\/muze-papir-prezit-digitalni-eru\"\n\t                    ]\n\t                }\n\t            ]\n\t        },\n\t        {\n\t            \"@type\": \"ImageObject\",\n\t            \"inLanguage\": \"cs\",\n\t            \"@id\": \"https:\/\/www.rajapack.cz\/blog-cz\/muze-papir-prezit-digitalni-eru#primaryimage\",\n\t            \"url\": \"https:\/\/www.rajapack.cz\/blog-cz\/wp-content\/uploads\/2023\/05\/papir-v-digitalni-ere-web.jpg\",\n\t            \"contentUrl\": \"https:\/\/www.rajapack.cz\/blog-cz\/wp-content\/uploads\/2023\/05\/papir-v-digitalni-ere-web.jpg\",\n\t            \"width\": 600,\n\t            \"height\": 447\n\t        },\n\t        {\n\t            \"@type\": \"WebSite\",\n\t            \"@id\": \"https:\/\/www.rajapack.cz\/blog-cz\/#website\",\n\t            \"url\": \"https:\/\/www.rajapack.cz\/blog-cz\/\",\n\t            \"name\": \"Tipy a rady z oblasti logistiky, obal\u016f i p\u0159epravy | Rajapack\",\n\t            \"description\": \"Na\u010derpejte na na\u0161em blogu odborn\u00e9 tipy v oblasti logistiky i obal\u016f pro r\u016fzn\u00e9 typy balen\u00ed \u2714 Zaj\u00edmav\u00e9 \u010dl\u00e1nky a aktuality ze sv\u011bta obalov\u00fdch materi\u00e1l\u016f \u2714\",\n\t            \"potentialAction\": [\n\t                {\n\t                    \"@type\": \"SearchAction\",\n\t                    \"target\": {\n\t                        \"@type\": \"EntryPoint\",\n\t                        \"urlTemplate\": \"https:\/\/www.rajapack.cz\/blog-cz\/?s={search_term_string}\"\n\t                    },\n\t                    \"query-input\": \"required name=search_term_string\"\n\t                }\n\t            ],\n\t            \"inLanguage\": \"cs\"\n\t        },\n\t        {\n\t            \"@type\": \"Person\",\n\t            \"@id\": \"https:\/\/www.rajapack.cz\/blog-cz\/#\/schema\/person\/51cf52e672940ef07086793d87bb2bcc\",\n\t            \"name\": \"Rajapack CZ\",\n\t            \"image\": {\n\t                \"@type\": \"ImageObject\",\n\t                \"inLanguage\": \"cs\",\n\t                \"@id\": \"https:\/\/www.rajapack.cz\/blog-cz\/#\/schema\/person\/image\/\",\n\t                \"url\": \"https:\/\/secure.gravatar.com\/avatar\/fa599d097ebb7cb9005345c085842c37?s=96&d=mm&r=g\",\n\t                \"contentUrl\": \"https:\/\/secure.gravatar.com\/avatar\/fa599d097ebb7cb9005345c085842c37?s=96&d=mm&r=g\",\n\t                \"caption\": \"Rajapack CZ\"\n\t            },\n\t            \"url\": \"https:\/\/www.rajapack.cz\/blog-cz\/author\/rajapackcz\"\n\t        }\n\t    ]\n\t}<\/script>\n","yoast_head_json":{"title":"M\u016f\u017ee pap\u00edr p\u0159e\u017e\u00edt digit\u00e1ln\u00ed \u00e9ru? - Rajapack.cz","description":"Kompletn\u00ed digitalizace se p\u0159edpov\u00eddala koncem 90. let, pap\u00edr ale st\u00e1le \u017eije. Jak je to s jeho recyklac\u00ed a kdo produkuje nejv\u00edc pap\u00edru na sv\u011bt\u011b?","robots":{"index":"index","follow":"follow","max-snippet":"max-snippet:-1","max-image-preview":"max-image-preview:large","max-video-preview":"max-video-preview:-1"},"canonical":"https:\/\/www.rajapack.cz\/blog-cz\/muze-papir-prezit-digitalni-eru","og_locale":"cs_CZ","og_type":"article","og_title":"M\u016f\u017ee pap\u00edr p\u0159e\u017e\u00edt digit\u00e1ln\u00ed \u00e9ru? - Rajapack.cz","og_description":"Kompletn\u00ed digitalizace se p\u0159edpov\u00eddala koncem 90. let, pap\u00edr ale st\u00e1le \u017eije. Jak je to s jeho recyklac\u00ed a kdo produkuje nejv\u00edc pap\u00edru na sv\u011bt\u011b?","og_url":"https:\/\/www.rajapack.cz\/blog-cz\/muze-papir-prezit-digitalni-eru","og_site_name":"Tipy a rady z oblasti logistiky, obal\u016f i p\u0159epravy | Rajapack","article_published_time":"2017-01-24T13:36:43+00:00","article_modified_time":"2023-05-19T09:02:03+00:00","og_image":[{"width":600,"height":447,"url":"https:\/\/www.rajapack.cz\/blog-cz\/wp-content\/uploads\/2023\/05\/papir-v-digitalni-ere-web.jpg","type":"image\/jpeg"}],"author":"Rajapack CZ","twitter_misc":{"Napsal(a)":"Rajapack CZ","Odhadovan\u00e1 doba \u010dten\u00ed":"3 minuty"},"schema":{"@context":"https:\/\/schema.org","@graph":[{"@type":"WebPage","@id":"https:\/\/www.rajapack.cz\/blog-cz\/muze-papir-prezit-digitalni-eru","url":"https:\/\/www.rajapack.cz\/blog-cz\/muze-papir-prezit-digitalni-eru","name":"M\u016f\u017ee pap\u00edr p\u0159e\u017e\u00edt digit\u00e1ln\u00ed \u00e9ru? - Rajapack.cz","isPartOf":{"@id":"https:\/\/www.rajapack.cz\/blog-cz\/#website"},"primaryImageOfPage":{"@id":"https:\/\/www.rajapack.cz\/blog-cz\/muze-papir-prezit-digitalni-eru#primaryimage"},"image":{"@id":"https:\/\/www.rajapack.cz\/blog-cz\/muze-papir-prezit-digitalni-eru#primaryimage"},"thumbnailUrl":"https:\/\/www.rajapack.cz\/blog-cz\/wp-content\/uploads\/2023\/05\/papir-v-digitalni-ere-web.jpg","datePublished":"2017-01-24T13:36:43+00:00","dateModified":"2023-05-19T09:02:03+00:00","author":{"@id":"https:\/\/www.rajapack.cz\/blog-cz\/#\/schema\/person\/51cf52e672940ef07086793d87bb2bcc"},"description":"Kompletn\u00ed digitalizace se p\u0159edpov\u00eddala koncem 90. let, pap\u00edr ale st\u00e1le \u017eije. Jak je to s jeho recyklac\u00ed a kdo produkuje nejv\u00edc pap\u00edru na sv\u011bt\u011b?","inLanguage":"cs","potentialAction":[{"@type":"ReadAction","target":["https:\/\/www.rajapack.cz\/blog-cz\/muze-papir-prezit-digitalni-eru"]}]},{"@type":"ImageObject","inLanguage":"cs","@id":"https:\/\/www.rajapack.cz\/blog-cz\/muze-papir-prezit-digitalni-eru#primaryimage","url":"https:\/\/www.rajapack.cz\/blog-cz\/wp-content\/uploads\/2023\/05\/papir-v-digitalni-ere-web.jpg","contentUrl":"https:\/\/www.rajapack.cz\/blog-cz\/wp-content\/uploads\/2023\/05\/papir-v-digitalni-ere-web.jpg","width":600,"height":447},{"@type":"WebSite","@id":"https:\/\/www.rajapack.cz\/blog-cz\/#website","url":"https:\/\/www.rajapack.cz\/blog-cz\/","name":"Tipy a rady z oblasti logistiky, obal\u016f i p\u0159epravy | Rajapack","description":"Na\u010derpejte na na\u0161em blogu odborn\u00e9 tipy v oblasti logistiky i obal\u016f pro r\u016fzn\u00e9 typy balen\u00ed \u2714 Zaj\u00edmav\u00e9 \u010dl\u00e1nky a aktuality ze sv\u011bta obalov\u00fdch materi\u00e1l\u016f \u2714","potentialAction":[{"@type":"SearchAction","target":{"@type":"EntryPoint","urlTemplate":"https:\/\/www.rajapack.cz\/blog-cz\/?s={search_term_string}"},"query-input":"required name=search_term_string"}],"inLanguage":"cs"},{"@type":"Person","@id":"https:\/\/www.rajapack.cz\/blog-cz\/#\/schema\/person\/51cf52e672940ef07086793d87bb2bcc","name":"Rajapack CZ","image":{"@type":"ImageObject","inLanguage":"cs","@id":"https:\/\/www.rajapack.cz\/blog-cz\/#\/schema\/person\/image\/","url":"https:\/\/secure.gravatar.com\/avatar\/fa599d097ebb7cb9005345c085842c37?s=96&d=mm&r=g","contentUrl":"https:\/\/secure.gravatar.com\/avatar\/fa599d097ebb7cb9005345c085842c37?s=96&d=mm&r=g","caption":"Rajapack CZ"},"url":"https:\/\/www.rajapack.cz\/blog-cz\/author\/rajapackcz"}]}},"_links":{"self":[{"href":"https:\/\/www.rajapack.cz\/blog-cz\/wp-json\/wp\/v2\/posts\/9437"}],"collection":[{"href":"https:\/\/www.rajapack.cz\/blog-cz\/wp-json\/wp\/v2\/posts"}],"about":[{"href":"https:\/\/www.rajapack.cz\/blog-cz\/wp-json\/wp\/v2\/types\/post"}],"author":[{"embeddable":true,"href":"https:\/\/www.rajapack.cz\/blog-cz\/wp-json\/wp\/v2\/users\/25"}],"replies":[{"embeddable":true,"href":"https:\/\/www.rajapack.cz\/blog-cz\/wp-json\/wp\/v2\/comments?post=9437"}],"version-history":[{"count":0,"href":"https:\/\/www.rajapack.cz\/blog-cz\/wp-json\/wp\/v2\/posts\/9437\/revisions"}],"wp:featuredmedia":[{"embeddable":true,"href":"https:\/\/www.rajapack.cz\/blog-cz\/wp-json\/wp\/v2\/media\/11555"}],"wp:attachment":[{"href":"https:\/\/www.rajapack.cz\/blog-cz\/wp-json\/wp\/v2\/media?parent=9437"}],"wp:term":[{"taxonomy":"category","embeddable":true,"href":"https:\/\/www.rajapack.cz\/blog-cz\/wp-json\/wp\/v2\/categories?post=9437"},{"taxonomy":"post_tag","embeddable":true,"href":"https:\/\/www.rajapack.cz\/blog-cz\/wp-json\/wp\/v2\/tags?post=9437"}],"curies":[{"name":"wp","href":"https:\/\/api.w.org\/{rel}","templated":true}]}}