{"id":9253,"date":"2016-10-17T08:50:37","date_gmt":"2016-10-17T06:50:37","guid":{"rendered":"http:\/\/obaloviny.rajapack.cz\/?p=9253"},"modified":"2024-03-05T10:26:57","modified_gmt":"2024-03-05T09:26:57","slug":"spravny-format-obalek-pri-odesilani-nestandardnich-produktu","status":"publish","type":"post","link":"https:\/\/www.rajapack.cz\/blog-cz\/spravny-format-obalek-pri-odesilani-nestandardnich-produktu","title":{"rendered":"Spr\u00e1vn\u00fd form\u00e1t ob\u00e1lek p\u0159i odes\u00edl\u00e1n\u00ed nestandardn\u00edch produkt\u016f"},"content":{"rendered":"<p>Kdo chce zas\u00edlat p\u00edsemnosti ve form\u00e1tu A4, ten se t\u00e9m\u011b\u0159 100 let orientuje na rozm\u011bry ob\u00e1lek zna\u010den\u00e9 p\u00edsmenem C.<br \/>\nV katalogu a na na\u0161ich webov\u00fdch str\u00e1nk\u00e1ch najdete u ob\u00e1lek rozm\u011bry \u0161\u00ed\u0159ky a d\u00e9lky v milimetrech. \u00dadaj \u0161\u00ed\u0159ky odpov\u00edd\u00e1 \u00fast\u00ed ob\u00e1lky. Chcete &#8211; li poslat dokumenty, slo\u017eky \u010di prezentaci o n\u011bkolika str\u00e1nk\u00e1ch, je to pr\u00e1v\u011b tento \u00fadaj, kter\u00fd budete pot\u0159ebovat. Rozm\u011br dokumentu, s ur\u010ditou toleranc\u00ed odpov\u00edd\u00e1 rozm\u011br\u016fm po\u017eadovan\u00e9 po\u0161tovn\u00ed ob\u00e1lky. Nap\u0159\u00edklad pro dokumenty ve form\u00e1tu A4 (210 mm x 297 mm) po\u010d\u00edt\u00e1me s rozm\u011brem 229 mm x 324 mm.<br \/>\nAle nejen jako listovn\u00ed z\u00e1silka, tak\u00e9 pro zas\u00edl\u00e1n\u00ed produkt\u016f je <a href=\"http:\/\/www.rajapack.cz\/obalky-tubusy\/postovni-obalky\/hnede-zasilkove-obalky-bocnimi-sklady_PDT01173.html\">po\u0161tovn\u00ed ob\u00e1lka<\/a> nepostradateln\u00e1. P\u011bnov\u00e9 nebo <a href=\"https:\/\/www.rajapack.cz\/obalky-tubusy\/narazuvzdorne-obalky\/bublinkove-obalky_C151410.html\">bublinkov\u00e9 ob\u00e1lky<\/a> fixuj\u00ed a chr\u00e1n\u00ed Va\u0161e balen\u00e9 produkty a tak\u00e9 z\u00e1rove\u0148 \u0161et\u0159\u00ed n\u00e1klady za po\u0161tovn\u00e9 v porovn\u00e1n\u00ed s klasick\u00fdm balen\u00edm.<\/p>\n<h1>Ale jak naj\u00edt tu spr\u00e1vnou velikost po\u0161tovn\u00ed ob\u00e1lky pro objemn\u00e9 produkty?<\/h1>\n<p>V z\u00e1sad\u011b plat\u00ed, \u017ee se i objemn\u00e9 produkty nechaj\u00ed zaslat za pomoci ploch\u00e9 po\u0161tovn\u00ed ob\u00e1lky. Tlakem na stran\u00e1ch se nechaj\u00ed \u201evypoukle oh\u00fdbat\u201c. Nicm\u00e9n\u011b, zde p\u0159ich\u00e1z\u00ed do hry matematika: Vzhledem k tomu, \u017ee sou\u010det \u0161\u00ed\u0159ky, v\u00fd\u0161ky a d\u00e9lky z\u016fst\u00e1v\u00e1 konstantn\u00ed, <strong>p\u0159i zv\u00fd\u0161en\u00ed v\u00fd\u0161ky se automaticky sn\u00ed\u017e\u00ed \u0161\u00ed\u0159ka<\/strong>. Tak\u00e9 materi\u00e1l zde hraje velkou roli: Kartonov\u00e9 ob\u00e1lky hraj\u00ed tuto \u201ehru\u201c jen relativn\u011b, vzhledem k pevn\u00e9mu materi\u00e1lu. Ten poskytuje dobrou ochranu proti zalomen\u00ed &#8211; co\u017e tak\u00e9 znamen\u00e1, \u017ee <strong>kartonov\u00e1 ob\u00e1lka se obt\u00ed\u017en\u011b p\u0159izp\u016fsob\u00ed tvaru Va\u0161eho produktu<\/strong>. U tohoto typu ob\u00e1lky je t\u0159eba v\u011bnovat pozornost \u00fadaji pln\u011bn\u00e9 v\u00fd\u0161ky a podle toho pat\u0159i\u010dn\u011b \u201ep\u0159i\u010d\u00edst\u201c:<br \/>\n\u2022 Pokud pou\u017e\u00edv\u00e1te ob\u00e1lku <strong>pro ploch\u00e9 produkty<\/strong>: P\u0159i\u010dt\u011bte <strong>k \u0161\u00ed\u0159ce<\/strong> produktu <strong>2 cm<\/strong> a <strong>k d\u00e9lce 1 cm<\/strong>. Tak z\u00edsk\u00e1te nejmen\u0161\u00ed rozm\u011br Va\u0161\u00ed po\u0161tovn\u00ed ob\u00e1lky.<br \/>\n\u2022 Pokud pou\u017e\u00edv\u00e1te ob\u00e1lku s jej\u00ed maxim\u00e1ln\u00ed v\u00fd\u0161kou: P\u0159i\u010dt\u011bte<strong> k \u0161\u00ed\u0159ce<\/strong> produktu <strong>6 cm<\/strong> a<strong> k d\u00e9lce 3 cm<\/strong>. Tak z\u00edsk\u00e1te nejmen\u0161\u00ed rozm\u011br Va\u0161\u00ed po\u0161tovn\u00ed ob\u00e1lky.<\/p>\n<p>&nbsp;<\/p>\n<p><img loading=\"lazy\" decoding=\"async\" class=\"alignnone size-full wp-image-9255\" src=\"https:\/\/www.rajapack.cz\/blog-cz\/wp-content\/uploads\/slon-v-obalce.jpg\" alt=\"slon v obalce\" width=\"690\" height=\"380\" srcset=\"https:\/\/www.rajapack.cz\/blog-cz\/wp-content\/uploads\/slon-v-obalce.jpg 690w, https:\/\/www.rajapack.cz\/blog-cz\/wp-content\/uploads\/slon-v-obalce-300x165.jpg 300w, https:\/\/www.rajapack.cz\/blog-cz\/wp-content\/uploads\/slon-v-obalce-335x184.jpg 335w\" sizes=\"(max-width: 690px) 100vw, 690px\" \/><\/p>\n","protected":false},"excerpt":{"rendered":"<p>Kdo chce zas\u00edlat p\u00edsemnosti ve form\u00e1tu A4, ten se t\u00e9m\u011b\u0159 100 let orientuje na rozm\u011bry ob\u00e1lek zna\u010den\u00e9 p\u00edsmenem C. V katalogu a na na\u0161ich webov\u00fdch str\u00e1nk\u00e1ch najdete u ob\u00e1lek rozm\u011bry [&#8230;]<\/p>\n","protected":false},"author":25,"featured_media":9254,"comment_status":"open","ping_status":"open","sticky":false,"template":"","format":"standard","meta":{"_acf_changed":false,"footnotes":""},"categories":[1205,1206],"tags":[1207,1084,1026],"class_list":["post-9253","post","type-post","status-publish","format-standard","has-post-thumbnail","hentry","category-nase-obaly-a-novinky","category-tipy-a-navody","tag-navody","tag-produkty","tag-sluzby"],"acf":[],"yoast_head":"\n<title>V\u00edte, jak\u00e9 rozm\u011bry m\u00e1 m\u00edt bublinkov\u00e1 ob\u00e1lka? | RAJA<\/title>\n<meta name=\"description\" content=\"Nau\u010dte se vyb\u00edrat spr\u00e1vn\u00fd form\u00e1t bublinkov\u00fdch ob\u00e1lek i kdy\u017e pos\u00edl\u00e1te nestandardn\u00ed produkty. Zjist\u011bte kl\u00ed\u010dov\u00e9 tipy. Na co si d\u00e1t pozor?\" \/>\n<meta name=\"robots\" content=\"index, follow, max-snippet:-1, max-image-preview:large, max-video-preview:-1\" \/>\n<link rel=\"canonical\" href=\"https:\/\/www.rajapack.cz\/blog-cz\/spravny-format-obalek-pri-odesilani-nestandardnich-produktu\" \/>\n<meta property=\"og:locale\" content=\"cs_CZ\" \/>\n<meta property=\"og:type\" content=\"article\" \/>\n<meta property=\"og:title\" content=\"V\u00edte, jak\u00e9 rozm\u011bry m\u00e1 m\u00edt bublinkov\u00e1 ob\u00e1lka? | RAJA\" \/>\n<meta property=\"og:description\" content=\"Nau\u010dte se vyb\u00edrat spr\u00e1vn\u00fd form\u00e1t bublinkov\u00fdch ob\u00e1lek i kdy\u017e pos\u00edl\u00e1te nestandardn\u00ed produkty. Zjist\u011bte kl\u00ed\u010dov\u00e9 tipy. Na co si d\u00e1t pozor?\" \/>\n<meta property=\"og:url\" content=\"https:\/\/www.rajapack.cz\/blog-cz\/spravny-format-obalek-pri-odesilani-nestandardnich-produktu\" \/>\n<meta property=\"og:site_name\" content=\"Tipy a rady z oblasti logistiky, obal\u016f i p\u0159epravy | Rajapack\" \/>\n<meta property=\"article:published_time\" content=\"2016-10-17T06:50:37+00:00\" \/>\n<meta property=\"article:modified_time\" content=\"2024-03-05T09:26:57+00:00\" \/>\n<meta property=\"og:image\" content=\"https:\/\/www.rajapack.cz\/blog-cz\/wp-content\/uploads\/slon-a-obalky.jpg\" \/>\n\t<meta property=\"og:image:width\" content=\"690\" \/>\n\t<meta property=\"og:image:height\" content=\"380\" \/>\n\t<meta property=\"og:image:type\" content=\"image\/jpeg\" \/>\n<meta name=\"author\" content=\"Rajapack CZ\" \/>\n<meta name=\"twitter:label1\" content=\"Napsal(a)\" \/>\n\t<meta name=\"twitter:data1\" content=\"Rajapack CZ\" \/>\n\t<meta name=\"twitter:label2\" content=\"Odhadovan\u00e1 doba \u010dten\u00ed\" \/>\n\t<meta name=\"twitter:data2\" content=\"2 minuty\" \/>\n<script type=\"application\/ld+json\" class=\"yoast-schema-graph\">{\n\t    \"@context\": \"https:\/\/schema.org\",\n\t    \"@graph\": [\n\t        {\n\t            \"@type\": \"WebPage\",\n\t            \"@id\": \"https:\/\/www.rajapack.cz\/blog-cz\/spravny-format-obalek-pri-odesilani-nestandardnich-produktu\",\n\t            \"url\": \"https:\/\/www.rajapack.cz\/blog-cz\/spravny-format-obalek-pri-odesilani-nestandardnich-produktu\",\n\t            \"name\": \"V\u00edte, jak\u00e9 rozm\u011bry m\u00e1 m\u00edt bublinkov\u00e1 ob\u00e1lka? | RAJA\",\n\t            \"isPartOf\": {\n\t                \"@id\": \"https:\/\/www.rajapack.cz\/blog-cz\/#website\"\n\t            },\n\t            \"primaryImageOfPage\": {\n\t                \"@id\": \"https:\/\/www.rajapack.cz\/blog-cz\/spravny-format-obalek-pri-odesilani-nestandardnich-produktu#primaryimage\"\n\t            },\n\t            \"image\": {\n\t                \"@id\": \"https:\/\/www.rajapack.cz\/blog-cz\/spravny-format-obalek-pri-odesilani-nestandardnich-produktu#primaryimage\"\n\t            },\n\t            \"thumbnailUrl\": \"https:\/\/www.rajapack.cz\/blog-cz\/wp-content\/uploads\/slon-a-obalky.jpg\",\n\t            \"datePublished\": \"2016-10-17T06:50:37+00:00\",\n\t            \"dateModified\": \"2024-03-05T09:26:57+00:00\",\n\t            \"author\": {\n\t                \"@id\": \"https:\/\/www.rajapack.cz\/blog-cz\/#\/schema\/person\/51cf52e672940ef07086793d87bb2bcc\"\n\t            },\n\t            \"description\": \"Nau\u010dte se vyb\u00edrat spr\u00e1vn\u00fd form\u00e1t bublinkov\u00fdch ob\u00e1lek i kdy\u017e pos\u00edl\u00e1te nestandardn\u00ed produkty. Zjist\u011bte kl\u00ed\u010dov\u00e9 tipy. Na co si d\u00e1t pozor?\",\n\t            \"inLanguage\": \"cs\",\n\t            \"potentialAction\": [\n\t                {\n\t                    \"@type\": \"ReadAction\",\n\t                    \"target\": [\n\t                        \"https:\/\/www.rajapack.cz\/blog-cz\/spravny-format-obalek-pri-odesilani-nestandardnich-produktu\"\n\t                    ]\n\t                }\n\t            ]\n\t        },\n\t        {\n\t            \"@type\": \"ImageObject\",\n\t            \"inLanguage\": \"cs\",\n\t            \"@id\": \"https:\/\/www.rajapack.cz\/blog-cz\/spravny-format-obalek-pri-odesilani-nestandardnich-produktu#primaryimage\",\n\t            \"url\": \"https:\/\/www.rajapack.cz\/blog-cz\/wp-content\/uploads\/slon-a-obalky.jpg\",\n\t            \"contentUrl\": \"https:\/\/www.rajapack.cz\/blog-cz\/wp-content\/uploads\/slon-a-obalky.jpg\",\n\t            \"width\": 690,\n\t            \"height\": 380\n\t        },\n\t        {\n\t            \"@type\": \"WebSite\",\n\t            \"@id\": \"https:\/\/www.rajapack.cz\/blog-cz\/#website\",\n\t            \"url\": \"https:\/\/www.rajapack.cz\/blog-cz\/\",\n\t            \"name\": \"Tipy a rady z oblasti logistiky, obal\u016f i p\u0159epravy | Rajapack\",\n\t            \"description\": \"Na\u010derpejte na na\u0161em blogu odborn\u00e9 tipy v oblasti logistiky i obal\u016f pro r\u016fzn\u00e9 typy balen\u00ed \u2714 Zaj\u00edmav\u00e9 \u010dl\u00e1nky a aktuality ze sv\u011bta obalov\u00fdch materi\u00e1l\u016f \u2714\",\n\t            \"potentialAction\": [\n\t                {\n\t                    \"@type\": \"SearchAction\",\n\t                    \"target\": {\n\t                        \"@type\": \"EntryPoint\",\n\t                        \"urlTemplate\": \"https:\/\/www.rajapack.cz\/blog-cz\/?s={search_term_string}\"\n\t                    },\n\t                    \"query-input\": \"required name=search_term_string\"\n\t                }\n\t            ],\n\t            \"inLanguage\": \"cs\"\n\t        },\n\t        {\n\t            \"@type\": \"Person\",\n\t            \"@id\": \"https:\/\/www.rajapack.cz\/blog-cz\/#\/schema\/person\/51cf52e672940ef07086793d87bb2bcc\",\n\t            \"name\": \"Rajapack CZ\",\n\t            \"image\": {\n\t                \"@type\": \"ImageObject\",\n\t                \"inLanguage\": \"cs\",\n\t                \"@id\": \"https:\/\/www.rajapack.cz\/blog-cz\/#\/schema\/person\/image\/\",\n\t                \"url\": \"https:\/\/secure.gravatar.com\/avatar\/fa599d097ebb7cb9005345c085842c37?s=96&d=mm&r=g\",\n\t                \"contentUrl\": \"https:\/\/secure.gravatar.com\/avatar\/fa599d097ebb7cb9005345c085842c37?s=96&d=mm&r=g\",\n\t                \"caption\": \"Rajapack CZ\"\n\t            },\n\t            \"url\": \"https:\/\/www.rajapack.cz\/blog-cz\/author\/rajapackcz\"\n\t        }\n\t    ]\n\t}<\/script>\n","yoast_head_json":{"title":"V\u00edte, jak\u00e9 rozm\u011bry m\u00e1 m\u00edt bublinkov\u00e1 ob\u00e1lka? | RAJA","description":"Nau\u010dte se vyb\u00edrat spr\u00e1vn\u00fd form\u00e1t bublinkov\u00fdch ob\u00e1lek i kdy\u017e pos\u00edl\u00e1te nestandardn\u00ed produkty. Zjist\u011bte kl\u00ed\u010dov\u00e9 tipy. Na co si d\u00e1t pozor?","robots":{"index":"index","follow":"follow","max-snippet":"max-snippet:-1","max-image-preview":"max-image-preview:large","max-video-preview":"max-video-preview:-1"},"canonical":"https:\/\/www.rajapack.cz\/blog-cz\/spravny-format-obalek-pri-odesilani-nestandardnich-produktu","og_locale":"cs_CZ","og_type":"article","og_title":"V\u00edte, jak\u00e9 rozm\u011bry m\u00e1 m\u00edt bublinkov\u00e1 ob\u00e1lka? | RAJA","og_description":"Nau\u010dte se vyb\u00edrat spr\u00e1vn\u00fd form\u00e1t bublinkov\u00fdch ob\u00e1lek i kdy\u017e pos\u00edl\u00e1te nestandardn\u00ed produkty. Zjist\u011bte kl\u00ed\u010dov\u00e9 tipy. Na co si d\u00e1t pozor?","og_url":"https:\/\/www.rajapack.cz\/blog-cz\/spravny-format-obalek-pri-odesilani-nestandardnich-produktu","og_site_name":"Tipy a rady z oblasti logistiky, obal\u016f i p\u0159epravy | Rajapack","article_published_time":"2016-10-17T06:50:37+00:00","article_modified_time":"2024-03-05T09:26:57+00:00","og_image":[{"width":690,"height":380,"url":"https:\/\/www.rajapack.cz\/blog-cz\/wp-content\/uploads\/slon-a-obalky.jpg","type":"image\/jpeg"}],"author":"Rajapack CZ","twitter_misc":{"Napsal(a)":"Rajapack CZ","Odhadovan\u00e1 doba \u010dten\u00ed":"2 minuty"},"schema":{"@context":"https:\/\/schema.org","@graph":[{"@type":"WebPage","@id":"https:\/\/www.rajapack.cz\/blog-cz\/spravny-format-obalek-pri-odesilani-nestandardnich-produktu","url":"https:\/\/www.rajapack.cz\/blog-cz\/spravny-format-obalek-pri-odesilani-nestandardnich-produktu","name":"V\u00edte, jak\u00e9 rozm\u011bry m\u00e1 m\u00edt bublinkov\u00e1 ob\u00e1lka? | RAJA","isPartOf":{"@id":"https:\/\/www.rajapack.cz\/blog-cz\/#website"},"primaryImageOfPage":{"@id":"https:\/\/www.rajapack.cz\/blog-cz\/spravny-format-obalek-pri-odesilani-nestandardnich-produktu#primaryimage"},"image":{"@id":"https:\/\/www.rajapack.cz\/blog-cz\/spravny-format-obalek-pri-odesilani-nestandardnich-produktu#primaryimage"},"thumbnailUrl":"https:\/\/www.rajapack.cz\/blog-cz\/wp-content\/uploads\/slon-a-obalky.jpg","datePublished":"2016-10-17T06:50:37+00:00","dateModified":"2024-03-05T09:26:57+00:00","author":{"@id":"https:\/\/www.rajapack.cz\/blog-cz\/#\/schema\/person\/51cf52e672940ef07086793d87bb2bcc"},"description":"Nau\u010dte se vyb\u00edrat spr\u00e1vn\u00fd form\u00e1t bublinkov\u00fdch ob\u00e1lek i kdy\u017e pos\u00edl\u00e1te nestandardn\u00ed produkty. Zjist\u011bte kl\u00ed\u010dov\u00e9 tipy. Na co si d\u00e1t pozor?","inLanguage":"cs","potentialAction":[{"@type":"ReadAction","target":["https:\/\/www.rajapack.cz\/blog-cz\/spravny-format-obalek-pri-odesilani-nestandardnich-produktu"]}]},{"@type":"ImageObject","inLanguage":"cs","@id":"https:\/\/www.rajapack.cz\/blog-cz\/spravny-format-obalek-pri-odesilani-nestandardnich-produktu#primaryimage","url":"https:\/\/www.rajapack.cz\/blog-cz\/wp-content\/uploads\/slon-a-obalky.jpg","contentUrl":"https:\/\/www.rajapack.cz\/blog-cz\/wp-content\/uploads\/slon-a-obalky.jpg","width":690,"height":380},{"@type":"WebSite","@id":"https:\/\/www.rajapack.cz\/blog-cz\/#website","url":"https:\/\/www.rajapack.cz\/blog-cz\/","name":"Tipy a rady z oblasti logistiky, obal\u016f i p\u0159epravy | Rajapack","description":"Na\u010derpejte na na\u0161em blogu odborn\u00e9 tipy v oblasti logistiky i obal\u016f pro r\u016fzn\u00e9 typy balen\u00ed \u2714 Zaj\u00edmav\u00e9 \u010dl\u00e1nky a aktuality ze sv\u011bta obalov\u00fdch materi\u00e1l\u016f \u2714","potentialAction":[{"@type":"SearchAction","target":{"@type":"EntryPoint","urlTemplate":"https:\/\/www.rajapack.cz\/blog-cz\/?s={search_term_string}"},"query-input":"required name=search_term_string"}],"inLanguage":"cs"},{"@type":"Person","@id":"https:\/\/www.rajapack.cz\/blog-cz\/#\/schema\/person\/51cf52e672940ef07086793d87bb2bcc","name":"Rajapack CZ","image":{"@type":"ImageObject","inLanguage":"cs","@id":"https:\/\/www.rajapack.cz\/blog-cz\/#\/schema\/person\/image\/","url":"https:\/\/secure.gravatar.com\/avatar\/fa599d097ebb7cb9005345c085842c37?s=96&d=mm&r=g","contentUrl":"https:\/\/secure.gravatar.com\/avatar\/fa599d097ebb7cb9005345c085842c37?s=96&d=mm&r=g","caption":"Rajapack CZ"},"url":"https:\/\/www.rajapack.cz\/blog-cz\/author\/rajapackcz"}]}},"_links":{"self":[{"href":"https:\/\/www.rajapack.cz\/blog-cz\/wp-json\/wp\/v2\/posts\/9253"}],"collection":[{"href":"https:\/\/www.rajapack.cz\/blog-cz\/wp-json\/wp\/v2\/posts"}],"about":[{"href":"https:\/\/www.rajapack.cz\/blog-cz\/wp-json\/wp\/v2\/types\/post"}],"author":[{"embeddable":true,"href":"https:\/\/www.rajapack.cz\/blog-cz\/wp-json\/wp\/v2\/users\/25"}],"replies":[{"embeddable":true,"href":"https:\/\/www.rajapack.cz\/blog-cz\/wp-json\/wp\/v2\/comments?post=9253"}],"version-history":[{"count":0,"href":"https:\/\/www.rajapack.cz\/blog-cz\/wp-json\/wp\/v2\/posts\/9253\/revisions"}],"wp:featuredmedia":[{"embeddable":true,"href":"https:\/\/www.rajapack.cz\/blog-cz\/wp-json\/wp\/v2\/media\/9254"}],"wp:attachment":[{"href":"https:\/\/www.rajapack.cz\/blog-cz\/wp-json\/wp\/v2\/media?parent=9253"}],"wp:term":[{"taxonomy":"category","embeddable":true,"href":"https:\/\/www.rajapack.cz\/blog-cz\/wp-json\/wp\/v2\/categories?post=9253"},{"taxonomy":"post_tag","embeddable":true,"href":"https:\/\/www.rajapack.cz\/blog-cz\/wp-json\/wp\/v2\/tags?post=9253"}],"curies":[{"name":"wp","href":"https:\/\/api.w.org\/{rel}","templated":true}]}}