{"id":8380,"date":"2015-03-02T15:24:55","date_gmt":"2015-03-02T14:24:55","guid":{"rendered":"http:\/\/obaloviny.rajapack.cz\/?p=8380"},"modified":"2023-05-17T07:56:19","modified_gmt":"2023-05-17T05:56:19","slug":"rajapack-po-krokove-podporuje-zenska-prava","status":"publish","type":"post","link":"https:\/\/www.rajapack.cz\/blog-cz\/rajapack-po-krokove-podporuje-zenska-prava","title":{"rendered":"Rajapack po-KROKOV\u011a podporuje \u017eensk\u00e1 pr\u00e1va"},"content":{"rendered":"<p>Dne 8. b\u0159ezna je Mezin\u00e1rodn\u00ed den \u017een. Prvn\u00ed MD\u017d se konal v roce 1909 Socialistickou stranou v Americe na protest v\u016f\u010di \u00fatlaku a nerovnosti \u017een. I v sou\u010dasnosti je rovnost a diskriminice \u017een d\u016fle\u017eit\u00fdm t\u00e9matem, kter\u00e9 vy\u017eaduje pozornost, jeliko\u017e je v t\u00e9to oblasti je\u0161t\u011b spousta pr\u00e1ce.<\/p>\n<p>Na z\u00e1klad\u011b toho chce Rajapack v r\u00e1mci MD\u017d ve spolupr\u00e1ci s celou evropskou skupinou RAJA podniknou jasn\u00e9 kroky! U firmy Rajapack m\u00e1 toti\u017e t\u00e9ma \u017eensk\u00fdch pr\u00e1v ji\u017e n\u011bkolikaletou tradici. Hnac\u00ed silou zlep\u0161en\u00ed postaven\u00ed \u017een ve spole\u010dnosti je gener\u00e1ln\u00ed \u0159editelka a sou\u010dasn\u011b tak\u00e9 majitelka koncernu RAJA Dani\u00e8le Kapel-Marcovici, pro kterou tvo\u0159\u00ed respekt a rovn\u00e9 p\u0159\u00edle\u017eitosti nejvy\u0161\u0161\u00ed priority. Ji\u017e od sv\u00e9ho zalo\u017een\u00ed v roce 2006 podporuje nadace RAJA-Dani\u00e8le Marcovici projekty po cel\u00e9m sv\u011bt\u011b s c\u00edlem zlep\u0161it pr\u00e1va a za\u010dlen\u011bn\u00ed \u017een ve spole\u010dnosti.<\/p>\n<p>V tomto roce bude Rajapack a v\u0161ech jeho 1.400 zam\u011bstnanc\u016f v 18 pobo\u010dk\u00e1ch skupiny RAJA v 15 evropsk\u00fdch zem\u00edch od 3. do 5. b\u0159ezna 2015 po\u010d\u00edtat ka\u017ed\u00fd sv\u016fj krok! V\u0161ichni zam\u011bstnanci budou v tomto t\u00fddnu nosit b\u011bhem pracovn\u00ed doby krokom\u011br, kter\u00fd bude kroky po\u010d\u00edtat. Tyto kroky budou u\u010din\u011bny pro organizaci <span style=\"text-decoration: underline;\">Life Project 4 Youth<\/span>, kter\u00e1 podporuje a d\u00e1v\u00e1 novou perspektivu mlad\u00fdm matk\u00e1m \u017eij\u00edc\u00edc\u00edm ve slumech v Manile a Jakart\u011b.<\/p>\n<p>C\u00edlem t\u00e9to nada\u010dn\u00ed kampan\u011b je shrom\u00e1\u017edit co nejv\u00edce krok\u016f! Na konci budou toti\u017e v\u0161echny kroky se\u010dteny a na jej\u00edm z\u00e1klad\u011b obdr\u017e\u00ed organizace Life Project 4 Youth odpov\u00eddaj\u00edc\u00ed finan\u010dn\u00ed \u010d\u00e1stku. Od z\u00edtra to tedy pro v\u0161echny zam\u011bstnance Rajapack znamen\u00e1 \u201cVezmi krokom\u011br\u00a0&gt; P\u0159iprav se\u00a0&gt;\u00a0A po-krok:)!\u201d<\/p>\n<p>Tak\u00e9 jste zv\u011bdav\u00ed na v\u00fdsledek? Nenechte si jej na Obalovin\u00e1ch p\u0159\u00ed\u0161t\u00ed t\u00fdden uj\u00edt!<\/p>\n","protected":false},"excerpt":{"rendered":"<p>Dne 8. b\u0159ezna je Mezin\u00e1rodn\u00ed den \u017een. Prvn\u00ed MD\u017d se konal v roce 1909 Socialistickou stranou v Americe na protest v\u016f\u010di \u00fatlaku a nerovnosti \u017een. I v sou\u010dasnosti je rovnost [&#8230;]<\/p>\n","protected":false},"author":16,"featured_media":11544,"comment_status":"open","ping_status":"open","sticky":false,"template":"","format":"standard","meta":{"_acf_changed":false,"footnotes":""},"categories":[1209],"tags":[1210],"class_list":["post-8380","post","type-post","status-publish","format-standard","has-post-thumbnail","hentry","category-udalosti-v-rajapack","tag-firemni-udalosti"],"acf":[],"yoast_head":"\n<title>Rajapack po-KROKOV\u011a podporuje \u017eensk\u00e1 pr\u00e1va - Tipy a rady z oblasti logistiky, obal\u016f i p\u0159epravy | Rajapack<\/title>\n<meta name=\"robots\" content=\"index, follow, max-snippet:-1, max-image-preview:large, max-video-preview:-1\" \/>\n<link rel=\"canonical\" href=\"https:\/\/www.rajapack.cz\/blog-cz\/rajapack-po-krokove-podporuje-zenska-prava\" \/>\n<meta property=\"og:locale\" content=\"cs_CZ\" \/>\n<meta property=\"og:type\" content=\"article\" \/>\n<meta property=\"og:title\" content=\"Rajapack po-KROKOV\u011a podporuje \u017eensk\u00e1 pr\u00e1va - Tipy a rady z oblasti logistiky, obal\u016f i p\u0159epravy | Rajapack\" \/>\n<meta property=\"og:description\" content=\"Dne 8. b\u0159ezna je Mezin\u00e1rodn\u00ed den \u017een. Prvn\u00ed MD\u017d se konal v roce 1909 Socialistickou stranou v Americe na protest v\u016f\u010di \u00fatlaku a nerovnosti \u017een. I v sou\u010dasnosti je rovnost [...]\" \/>\n<meta property=\"og:url\" content=\"https:\/\/www.rajapack.cz\/blog-cz\/rajapack-po-krokove-podporuje-zenska-prava\" \/>\n<meta property=\"og:site_name\" content=\"Tipy a rady z oblasti logistiky, obal\u016f i p\u0159epravy | Rajapack\" \/>\n<meta property=\"article:published_time\" content=\"2015-03-02T14:24:55+00:00\" \/>\n<meta property=\"article:modified_time\" content=\"2023-05-17T05:56:19+00:00\" \/>\n<meta property=\"og:image\" content=\"https:\/\/www.rajapack.cz\/blog-cz\/wp-content\/uploads\/2023\/05\/rajapack-po-krokova-kampan-k-mdz-2015_f.jpg\" \/>\n\t<meta property=\"og:image:width\" content=\"1048\" \/>\n\t<meta property=\"og:image:height\" content=\"580\" \/>\n\t<meta property=\"og:image:type\" content=\"image\/jpeg\" \/>\n<meta name=\"author\" content=\"Rajapack\" \/>\n<meta name=\"twitter:label1\" content=\"Napsal(a)\" \/>\n\t<meta name=\"twitter:data1\" content=\"Rajapack\" \/>\n\t<meta name=\"twitter:label2\" content=\"Odhadovan\u00e1 doba \u010dten\u00ed\" \/>\n\t<meta name=\"twitter:data2\" content=\"2 minuty\" \/>\n<script type=\"application\/ld+json\" class=\"yoast-schema-graph\">{\n\t    \"@context\": \"https:\/\/schema.org\",\n\t    \"@graph\": [\n\t        {\n\t            \"@type\": \"WebPage\",\n\t            \"@id\": \"https:\/\/www.rajapack.cz\/blog-cz\/rajapack-po-krokove-podporuje-zenska-prava\",\n\t            \"url\": \"https:\/\/www.rajapack.cz\/blog-cz\/rajapack-po-krokove-podporuje-zenska-prava\",\n\t            \"name\": \"Rajapack po-KROKOV\u011a podporuje \u017eensk\u00e1 pr\u00e1va - Tipy a rady z oblasti logistiky, obal\u016f i p\u0159epravy | Rajapack\",\n\t            \"isPartOf\": {\n\t                \"@id\": \"https:\/\/www.rajapack.cz\/blog-cz\/#website\"\n\t            },\n\t            \"primaryImageOfPage\": {\n\t                \"@id\": \"https:\/\/www.rajapack.cz\/blog-cz\/rajapack-po-krokove-podporuje-zenska-prava#primaryimage\"\n\t            },\n\t            \"image\": {\n\t                \"@id\": \"https:\/\/www.rajapack.cz\/blog-cz\/rajapack-po-krokove-podporuje-zenska-prava#primaryimage\"\n\t            },\n\t            \"thumbnailUrl\": \"https:\/\/www.rajapack.cz\/blog-cz\/wp-content\/uploads\/2023\/05\/rajapack-po-krokova-kampan-k-mdz-2015_f.jpg\",\n\t            \"datePublished\": \"2015-03-02T14:24:55+00:00\",\n\t            \"dateModified\": \"2023-05-17T05:56:19+00:00\",\n\t            \"author\": {\n\t                \"@id\": \"https:\/\/www.rajapack.cz\/blog-cz\/#\/schema\/person\/f0ba99dd56ef6783b5c7e1ec7ed03634\"\n\t            },\n\t            \"inLanguage\": \"cs\",\n\t            \"potentialAction\": [\n\t                {\n\t                    \"@type\": \"ReadAction\",\n\t                    \"target\": [\n\t                        \"https:\/\/www.rajapack.cz\/blog-cz\/rajapack-po-krokove-podporuje-zenska-prava\"\n\t                    ]\n\t                }\n\t            ]\n\t        },\n\t        {\n\t            \"@type\": \"ImageObject\",\n\t            \"inLanguage\": \"cs\",\n\t            \"@id\": \"https:\/\/www.rajapack.cz\/blog-cz\/rajapack-po-krokove-podporuje-zenska-prava#primaryimage\",\n\t            \"url\": \"https:\/\/www.rajapack.cz\/blog-cz\/wp-content\/uploads\/2023\/05\/rajapack-po-krokova-kampan-k-mdz-2015_f.jpg\",\n\t            \"contentUrl\": \"https:\/\/www.rajapack.cz\/blog-cz\/wp-content\/uploads\/2023\/05\/rajapack-po-krokova-kampan-k-mdz-2015_f.jpg\",\n\t            \"width\": 1048,\n\t            \"height\": 580\n\t        },\n\t        {\n\t            \"@type\": \"WebSite\",\n\t            \"@id\": \"https:\/\/www.rajapack.cz\/blog-cz\/#website\",\n\t            \"url\": \"https:\/\/www.rajapack.cz\/blog-cz\/\",\n\t            \"name\": \"Tipy a rady z oblasti logistiky, obal\u016f i p\u0159epravy | Rajapack\",\n\t            \"description\": \"Na\u010derpejte na na\u0161em blogu odborn\u00e9 tipy v oblasti logistiky i obal\u016f pro r\u016fzn\u00e9 typy balen\u00ed \u2714 Zaj\u00edmav\u00e9 \u010dl\u00e1nky a aktuality ze sv\u011bta obalov\u00fdch materi\u00e1l\u016f \u2714\",\n\t            \"potentialAction\": [\n\t                {\n\t                    \"@type\": \"SearchAction\",\n\t                    \"target\": {\n\t                        \"@type\": \"EntryPoint\",\n\t                        \"urlTemplate\": \"https:\/\/www.rajapack.cz\/blog-cz\/?s={search_term_string}\"\n\t                    },\n\t                    \"query-input\": \"required name=search_term_string\"\n\t                }\n\t            ],\n\t            \"inLanguage\": \"cs\"\n\t        },\n\t        {\n\t            \"@type\": \"Person\",\n\t            \"@id\": \"https:\/\/www.rajapack.cz\/blog-cz\/#\/schema\/person\/f0ba99dd56ef6783b5c7e1ec7ed03634\",\n\t            \"name\": \"Rajapack\",\n\t            \"image\": {\n\t                \"@type\": \"ImageObject\",\n\t                \"inLanguage\": \"cs\",\n\t                \"@id\": \"https:\/\/www.rajapack.cz\/blog-cz\/#\/schema\/person\/image\/\",\n\t                \"url\": \"https:\/\/secure.gravatar.com\/avatar\/6834820d3beecbb54052a5de95e8ee65?s=96&d=mm&r=g\",\n\t                \"contentUrl\": \"https:\/\/secure.gravatar.com\/avatar\/6834820d3beecbb54052a5de95e8ee65?s=96&d=mm&r=g\",\n\t                \"caption\": \"Rajapack\"\n\t            },\n\t            \"sameAs\": [\n\t                \"http:\/\/www.rajapack.de\"\n\t            ],\n\t            \"url\": \"https:\/\/www.rajapack.cz\/blog-cz\/author\/bkramer\"\n\t        }\n\t    ]\n\t}<\/script>\n","yoast_head_json":{"title":"Rajapack po-KROKOV\u011a podporuje \u017eensk\u00e1 pr\u00e1va - Tipy a rady z oblasti logistiky, obal\u016f i p\u0159epravy | Rajapack","robots":{"index":"index","follow":"follow","max-snippet":"max-snippet:-1","max-image-preview":"max-image-preview:large","max-video-preview":"max-video-preview:-1"},"canonical":"https:\/\/www.rajapack.cz\/blog-cz\/rajapack-po-krokove-podporuje-zenska-prava","og_locale":"cs_CZ","og_type":"article","og_title":"Rajapack po-KROKOV\u011a podporuje \u017eensk\u00e1 pr\u00e1va - Tipy a rady z oblasti logistiky, obal\u016f i p\u0159epravy | Rajapack","og_description":"Dne 8. b\u0159ezna je Mezin\u00e1rodn\u00ed den \u017een. Prvn\u00ed MD\u017d se konal v roce 1909 Socialistickou stranou v Americe na protest v\u016f\u010di \u00fatlaku a nerovnosti \u017een. I v sou\u010dasnosti je rovnost [...]","og_url":"https:\/\/www.rajapack.cz\/blog-cz\/rajapack-po-krokove-podporuje-zenska-prava","og_site_name":"Tipy a rady z oblasti logistiky, obal\u016f i p\u0159epravy | Rajapack","article_published_time":"2015-03-02T14:24:55+00:00","article_modified_time":"2023-05-17T05:56:19+00:00","og_image":[{"width":1048,"height":580,"url":"https:\/\/www.rajapack.cz\/blog-cz\/wp-content\/uploads\/2023\/05\/rajapack-po-krokova-kampan-k-mdz-2015_f.jpg","type":"image\/jpeg"}],"author":"Rajapack","twitter_misc":{"Napsal(a)":"Rajapack","Odhadovan\u00e1 doba \u010dten\u00ed":"2 minuty"},"schema":{"@context":"https:\/\/schema.org","@graph":[{"@type":"WebPage","@id":"https:\/\/www.rajapack.cz\/blog-cz\/rajapack-po-krokove-podporuje-zenska-prava","url":"https:\/\/www.rajapack.cz\/blog-cz\/rajapack-po-krokove-podporuje-zenska-prava","name":"Rajapack po-KROKOV\u011a podporuje \u017eensk\u00e1 pr\u00e1va - Tipy a rady z oblasti logistiky, obal\u016f i p\u0159epravy | Rajapack","isPartOf":{"@id":"https:\/\/www.rajapack.cz\/blog-cz\/#website"},"primaryImageOfPage":{"@id":"https:\/\/www.rajapack.cz\/blog-cz\/rajapack-po-krokove-podporuje-zenska-prava#primaryimage"},"image":{"@id":"https:\/\/www.rajapack.cz\/blog-cz\/rajapack-po-krokove-podporuje-zenska-prava#primaryimage"},"thumbnailUrl":"https:\/\/www.rajapack.cz\/blog-cz\/wp-content\/uploads\/2023\/05\/rajapack-po-krokova-kampan-k-mdz-2015_f.jpg","datePublished":"2015-03-02T14:24:55+00:00","dateModified":"2023-05-17T05:56:19+00:00","author":{"@id":"https:\/\/www.rajapack.cz\/blog-cz\/#\/schema\/person\/f0ba99dd56ef6783b5c7e1ec7ed03634"},"inLanguage":"cs","potentialAction":[{"@type":"ReadAction","target":["https:\/\/www.rajapack.cz\/blog-cz\/rajapack-po-krokove-podporuje-zenska-prava"]}]},{"@type":"ImageObject","inLanguage":"cs","@id":"https:\/\/www.rajapack.cz\/blog-cz\/rajapack-po-krokove-podporuje-zenska-prava#primaryimage","url":"https:\/\/www.rajapack.cz\/blog-cz\/wp-content\/uploads\/2023\/05\/rajapack-po-krokova-kampan-k-mdz-2015_f.jpg","contentUrl":"https:\/\/www.rajapack.cz\/blog-cz\/wp-content\/uploads\/2023\/05\/rajapack-po-krokova-kampan-k-mdz-2015_f.jpg","width":1048,"height":580},{"@type":"WebSite","@id":"https:\/\/www.rajapack.cz\/blog-cz\/#website","url":"https:\/\/www.rajapack.cz\/blog-cz\/","name":"Tipy a rady z oblasti logistiky, obal\u016f i p\u0159epravy | Rajapack","description":"Na\u010derpejte na na\u0161em blogu odborn\u00e9 tipy v oblasti logistiky i obal\u016f pro r\u016fzn\u00e9 typy balen\u00ed \u2714 Zaj\u00edmav\u00e9 \u010dl\u00e1nky a aktuality ze sv\u011bta obalov\u00fdch materi\u00e1l\u016f \u2714","potentialAction":[{"@type":"SearchAction","target":{"@type":"EntryPoint","urlTemplate":"https:\/\/www.rajapack.cz\/blog-cz\/?s={search_term_string}"},"query-input":"required name=search_term_string"}],"inLanguage":"cs"},{"@type":"Person","@id":"https:\/\/www.rajapack.cz\/blog-cz\/#\/schema\/person\/f0ba99dd56ef6783b5c7e1ec7ed03634","name":"Rajapack","image":{"@type":"ImageObject","inLanguage":"cs","@id":"https:\/\/www.rajapack.cz\/blog-cz\/#\/schema\/person\/image\/","url":"https:\/\/secure.gravatar.com\/avatar\/6834820d3beecbb54052a5de95e8ee65?s=96&d=mm&r=g","contentUrl":"https:\/\/secure.gravatar.com\/avatar\/6834820d3beecbb54052a5de95e8ee65?s=96&d=mm&r=g","caption":"Rajapack"},"sameAs":["http:\/\/www.rajapack.de"],"url":"https:\/\/www.rajapack.cz\/blog-cz\/author\/bkramer"}]}},"_links":{"self":[{"href":"https:\/\/www.rajapack.cz\/blog-cz\/wp-json\/wp\/v2\/posts\/8380"}],"collection":[{"href":"https:\/\/www.rajapack.cz\/blog-cz\/wp-json\/wp\/v2\/posts"}],"about":[{"href":"https:\/\/www.rajapack.cz\/blog-cz\/wp-json\/wp\/v2\/types\/post"}],"author":[{"embeddable":true,"href":"https:\/\/www.rajapack.cz\/blog-cz\/wp-json\/wp\/v2\/users\/16"}],"replies":[{"embeddable":true,"href":"https:\/\/www.rajapack.cz\/blog-cz\/wp-json\/wp\/v2\/comments?post=8380"}],"version-history":[{"count":0,"href":"https:\/\/www.rajapack.cz\/blog-cz\/wp-json\/wp\/v2\/posts\/8380\/revisions"}],"wp:featuredmedia":[{"embeddable":true,"href":"https:\/\/www.rajapack.cz\/blog-cz\/wp-json\/wp\/v2\/media\/11544"}],"wp:attachment":[{"href":"https:\/\/www.rajapack.cz\/blog-cz\/wp-json\/wp\/v2\/media?parent=8380"}],"wp:term":[{"taxonomy":"category","embeddable":true,"href":"https:\/\/www.rajapack.cz\/blog-cz\/wp-json\/wp\/v2\/categories?post=8380"},{"taxonomy":"post_tag","embeddable":true,"href":"https:\/\/www.rajapack.cz\/blog-cz\/wp-json\/wp\/v2\/tags?post=8380"}],"curies":[{"name":"wp","href":"https:\/\/api.w.org\/{rel}","templated":true}]}}