{"id":8352,"date":"2015-01-29T11:37:30","date_gmt":"2015-01-29T10:37:30","guid":{"rendered":"http:\/\/obaloviny.rajapack.cz\/?p=8352"},"modified":"2023-05-16T16:39:27","modified_gmt":"2023-05-16T14:39:27","slug":"baleni-objemnych-krehkych-umeleckych-del","status":"publish","type":"post","link":"https:\/\/www.rajapack.cz\/blog-cz\/baleni-objemnych-krehkych-umeleckych-del","title":{"rendered":"Balen\u00ed objemn\u00fdch a k\u0159ehk\u00fdch um\u011bleck\u00fdch d\u011bl"},"content":{"rendered":"<p>Ve spolupr\u00e1ci s na\u0161\u00edm z\u00e1kazn\u00edkem, kterou je Evropsk\u00e1 galerie um\u011bn\u00ed International Art Gallery v \u010cesk\u00e9 republice, jsme pro v\u00e1\u0161 p\u0159ipravili dal\u0161\u00ed pokra\u010dov\u00e1n\u00ed \u010dl\u00e1nku \u201cJak obaly od Rajapacku bal\u00ed \u010desk\u00e9 um\u011bn\u00ed\u201d. Tentokr\u00e1t jsme si vybrali t\u00e9ma velk\u00fdch \u010di sensibiln\u00edch um\u011bleck\u00fdch d\u011bl.<\/p>\n<p><strong>Balen\u00ed obraz\u016f<\/strong><\/p>\n<p>P\u0159i balen\u00ed velk\u00fdch obraz\u016f je pl\u00e1tno i r\u00e1m v\u017edy pro zas\u00edl\u00e1n\u00ed v galerii baleno do bublinkov\u00e9 f\u00f3lie nebo do dvou vrstev krepov\u00e9ho pap\u00edru. Pro upevn\u011bn\u00ed obalov\u00fdch vrstev k obrazu pou\u017e\u00edv\u00e1me lepic\u00ed p\u00e1sku pop\u0159. pr\u016fhlednou stre\u010dovou f\u00f3li\u00ed. V p\u0159\u00edpad\u011b velmi choulostiv\u00fdch obraz\u016f vyu\u017e\u00edv\u00e1me velk\u00fdch ploch\u00fdch krabic nebo minim\u00e1ln\u011b balic\u00edho pap\u00edru, kter\u00fd tak\u00e9 ovineme do stretch f\u00f3lie. Takto obalen\u00fd obraz je pln\u011b uzp\u016fsobil\u00fd pro\u00a0dopravu bez rizika po\u0161kozen\u00ed ke sv\u00e9mu budouc\u00edmu majiteli.<\/p>\n<p>Pro obrazy klasick\u00fdch form\u00e1t\u016f pou\u017e\u00edv\u00e1me p\u011bnu tedy p\u011bnov\u00e9 f\u00f3lie pop\u0159. bublinkovou f\u00f3lii, kter\u00e1 m\u00e1 na vnit\u0159n\u00ed stran\u011b <a href=\"http:\/\/cs.wikipedia.org\/wiki\/Fleece\">m\u011bkk\u00fd fleece<\/a>. T\u00edm chr\u00e1n\u00edme sklo \u010di k\u0159ehk\u00fd povrch obrazu p\u0159ed po\u0161kr\u00e1b\u00e1n\u00edm. Obalov\u00e9 vrstvy fixujeme ve stejn\u00e9m postupu jako u velk\u00fdch obraz\u016f.<\/p>\n<p><strong>Balen\u00ed so\u0161ek a sklen\u011bn\u00fdch \u010di plastick\u00fdch skulptur<\/strong><\/p>\n<p>Men\u0161\u00ed um\u011bleck\u00e1 d\u00edla bal\u00edme do klasick\u00fdch klopov\u00fdch krabic, p\u0159ev\u00e1\u017en\u011b z t\u0159\u00edvrstv\u00e9 vlnit\u00e9 lepenky. S pomoc\u00ed m\u00edrn\u00e9 pot\u0159esu sypeme do krabice fixa\u010dn\u00ed polystyrenov\u00e1 t\u011bl\u00edska flopak, kter\u00e1 poskytuj\u00ed p\u0159edm\u011btu v krabici dostate\u010dnou ochranu p\u0159ed ot\u0159esy a n\u00e1razy. V p\u0159\u00edpad\u011b k\u0159ehk\u00fdch so\u0161ek vyu\u017e\u00edv\u00e1me p\u011bnu ve va\u010dc\u00edch Instapak. P\u011bna se v tomto vaktu \u010di pol\u0161t\u00e1\u0159ku p\u0159esn\u011b adaptuje na formu expon\u00e1tu a poskytne j\u00ed bezpe\u010dnou ochranu p\u0159i p\u0159eprav\u011b k z\u00e1kazn\u00edkovi. Krabice pot\u00e9 uzav\u0159eme stre\u010dovou foli\u00ed.<\/p>\n<p><strong>Balen\u00ed soch a plastik v\u011bt\u0161\u00edch rozm\u011br\u016f<\/strong><\/p>\n<p>Z d\u016fvodu vy\u0161\u0161\u00ed hmotnosti a obt\u00ed\u017en\u011bj\u0161\u00ed manipulace je velmi d\u016fle\u017eit\u00e9 objemn\u00e1 d\u00edla pe\u010dliv\u011b zabezpe\u010dit p\u0159ed vysok\u00fdm rizikem rozbit\u00ed nebo v\u016f\u010di\u00a0jin\u00e9 \u00fajm\u011b. Ide\u00e1ln\u00ed je tak\u00e9 f\u00f3lie &#8211; nikoliv s klasick\u00fdmi mal\u00fdmi bublinkami, ale do <a href=\"http:\/\/www.rajapack.cz\/vyplnovy-fixacni-material\/bublinkove-folie-sacky\/bublinkove-folie-velkymi-bublinami-astro-suprabubble_OFF_CZ_0208.html\">bublinkov\u00fdch foli\u00ed s velk\u00fdmi bublinami s min. pr\u016fm\u011brem 25 mm<\/a>. Jak\u00e9koliv v\u00fd\u010dn\u011blky \u010di dutiny vysteleme zma\u010dkanou bublinkovou f\u00f3lie (tentokr\u00e1t s men\u0161\u00edmi bublinkami). Pot\u00e9 expon\u00e1t ov\u00e1\u017eeme stretch f\u00f3lie a pro lep\u0161\u00ed uchycen\u00ed p\u0159i p\u0159eprav\u011b nezapom\u00edn\u00e1me na flexibiln\u00ed textiln\u00ed v\u00e1zac\u00ed p\u00e1sku. P\u0159edm\u011bt k\u0159\u00ed\u017eov\u00fdm p\u00e1skov\u00e1n\u00edm n\u011bkolikr\u00e1t ovineme a z\u00edsk\u00e1me tak formu pletiva, d\u00edky kter\u00e9mu m\u016f\u017ee dopravce p\u0159edm\u011bt snadn\u011bj\u0161\u00ed p\u0159en\u00e1\u0161et.<\/p>\n","protected":false},"excerpt":{"rendered":"<p>Ve spolupr\u00e1ci s na\u0161\u00edm z\u00e1kazn\u00edkem, kterou je Evropsk\u00e1 galerie um\u011bn\u00ed International Art Gallery v \u010cesk\u00e9 republice, jsme pro v\u00e1\u0161 p\u0159ipravili dal\u0161\u00ed pokra\u010dov\u00e1n\u00ed \u010dl\u00e1nku \u201cJak obaly od Rajapacku bal\u00ed \u010desk\u00e9 um\u011bn\u00ed\u201d. [&#8230;]<\/p>\n","protected":false},"author":8,"featured_media":11506,"comment_status":"open","ping_status":"open","sticky":false,"template":"","format":"standard","meta":{"_acf_changed":false,"footnotes":""},"categories":[1205,1206],"tags":[1084,812,873],"class_list":["post-8352","post","type-post","status-publish","format-standard","has-post-thumbnail","hentry","category-nase-obaly-a-novinky","category-tipy-a-navody","tag-produkty","tag-skladovani","tag-vyplnovy-material"],"acf":[],"yoast_head":"\n<title>Balen\u00ed objemn\u00fdch a k\u0159ehk\u00fdch um\u011bleck\u00fdch d\u011bl - Tipy a rady z oblasti logistiky, obal\u016f i p\u0159epravy | Rajapack<\/title>\n<meta name=\"robots\" content=\"index, follow, max-snippet:-1, max-image-preview:large, max-video-preview:-1\" \/>\n<link rel=\"canonical\" href=\"https:\/\/www.rajapack.cz\/blog-cz\/baleni-objemnych-krehkych-umeleckych-del\" \/>\n<meta property=\"og:locale\" content=\"cs_CZ\" \/>\n<meta property=\"og:type\" content=\"article\" \/>\n<meta property=\"og:title\" content=\"Balen\u00ed objemn\u00fdch a k\u0159ehk\u00fdch um\u011bleck\u00fdch d\u011bl - Tipy a rady z oblasti logistiky, obal\u016f i p\u0159epravy | Rajapack\" \/>\n<meta property=\"og:description\" content=\"Ve spolupr\u00e1ci s na\u0161\u00edm z\u00e1kazn\u00edkem, kterou je Evropsk\u00e1 galerie um\u011bn\u00ed International Art Gallery v \u010cesk\u00e9 republice, jsme pro v\u00e1\u0161 p\u0159ipravili dal\u0161\u00ed pokra\u010dov\u00e1n\u00ed \u010dl\u00e1nku \u201cJak obaly od Rajapacku bal\u00ed \u010desk\u00e9 um\u011bn\u00ed\u201d. [...]\" \/>\n<meta property=\"og:url\" content=\"https:\/\/www.rajapack.cz\/blog-cz\/baleni-objemnych-krehkych-umeleckych-del\" \/>\n<meta property=\"og:site_name\" content=\"Tipy a rady z oblasti logistiky, obal\u016f i p\u0159epravy | Rajapack\" \/>\n<meta property=\"article:published_time\" content=\"2015-01-29T10:37:30+00:00\" \/>\n<meta property=\"article:modified_time\" content=\"2023-05-16T14:39:27+00:00\" \/>\n<meta property=\"og:image\" content=\"https:\/\/www.rajapack.cz\/blog-cz\/wp-content\/uploads\/2023\/05\/rajapack_baleni-soch-obrazu.jpg\" \/>\n\t<meta property=\"og:image:width\" content=\"1048\" \/>\n\t<meta property=\"og:image:height\" content=\"580\" \/>\n\t<meta property=\"og:image:type\" content=\"image\/jpeg\" \/>\n<meta name=\"author\" content=\"Rajapack\" \/>\n<meta name=\"twitter:label1\" content=\"Napsal(a)\" \/>\n\t<meta name=\"twitter:data1\" content=\"Rajapack\" \/>\n\t<meta name=\"twitter:label2\" content=\"Odhadovan\u00e1 doba \u010dten\u00ed\" \/>\n\t<meta name=\"twitter:data2\" content=\"2 minuty\" \/>\n<script type=\"application\/ld+json\" class=\"yoast-schema-graph\">{\n\t    \"@context\": \"https:\/\/schema.org\",\n\t    \"@graph\": [\n\t        {\n\t            \"@type\": \"WebPage\",\n\t            \"@id\": \"https:\/\/www.rajapack.cz\/blog-cz\/baleni-objemnych-krehkych-umeleckych-del\",\n\t            \"url\": \"https:\/\/www.rajapack.cz\/blog-cz\/baleni-objemnych-krehkych-umeleckych-del\",\n\t            \"name\": \"Balen\u00ed objemn\u00fdch a k\u0159ehk\u00fdch um\u011bleck\u00fdch d\u011bl - Tipy a rady z oblasti logistiky, obal\u016f i p\u0159epravy | Rajapack\",\n\t            \"isPartOf\": {\n\t                \"@id\": \"https:\/\/www.rajapack.cz\/blog-cz\/#website\"\n\t            },\n\t            \"primaryImageOfPage\": {\n\t                \"@id\": \"https:\/\/www.rajapack.cz\/blog-cz\/baleni-objemnych-krehkych-umeleckych-del#primaryimage\"\n\t            },\n\t            \"image\": {\n\t                \"@id\": \"https:\/\/www.rajapack.cz\/blog-cz\/baleni-objemnych-krehkych-umeleckych-del#primaryimage\"\n\t            },\n\t            \"thumbnailUrl\": \"https:\/\/www.rajapack.cz\/blog-cz\/wp-content\/uploads\/2023\/05\/rajapack_baleni-soch-obrazu.jpg\",\n\t            \"datePublished\": \"2015-01-29T10:37:30+00:00\",\n\t            \"dateModified\": \"2023-05-16T14:39:27+00:00\",\n\t            \"author\": {\n\t                \"@id\": \"https:\/\/www.rajapack.cz\/blog-cz\/#\/schema\/person\/77ba56a818b4c77c898d91f8bfa9cf72\"\n\t            },\n\t            \"inLanguage\": \"cs\",\n\t            \"potentialAction\": [\n\t                {\n\t                    \"@type\": \"ReadAction\",\n\t                    \"target\": [\n\t                        \"https:\/\/www.rajapack.cz\/blog-cz\/baleni-objemnych-krehkych-umeleckych-del\"\n\t                    ]\n\t                }\n\t            ]\n\t        },\n\t        {\n\t            \"@type\": \"ImageObject\",\n\t            \"inLanguage\": \"cs\",\n\t            \"@id\": \"https:\/\/www.rajapack.cz\/blog-cz\/baleni-objemnych-krehkych-umeleckych-del#primaryimage\",\n\t            \"url\": \"https:\/\/www.rajapack.cz\/blog-cz\/wp-content\/uploads\/2023\/05\/rajapack_baleni-soch-obrazu.jpg\",\n\t            \"contentUrl\": \"https:\/\/www.rajapack.cz\/blog-cz\/wp-content\/uploads\/2023\/05\/rajapack_baleni-soch-obrazu.jpg\",\n\t            \"width\": 1048,\n\t            \"height\": 580\n\t        },\n\t        {\n\t            \"@type\": \"WebSite\",\n\t            \"@id\": \"https:\/\/www.rajapack.cz\/blog-cz\/#website\",\n\t            \"url\": \"https:\/\/www.rajapack.cz\/blog-cz\/\",\n\t            \"name\": \"Tipy a rady z oblasti logistiky, obal\u016f i p\u0159epravy | Rajapack\",\n\t            \"description\": \"Na\u010derpejte na na\u0161em blogu odborn\u00e9 tipy v oblasti logistiky i obal\u016f pro r\u016fzn\u00e9 typy balen\u00ed \u2714 Zaj\u00edmav\u00e9 \u010dl\u00e1nky a aktuality ze sv\u011bta obalov\u00fdch materi\u00e1l\u016f \u2714\",\n\t            \"potentialAction\": [\n\t                {\n\t                    \"@type\": \"SearchAction\",\n\t                    \"target\": {\n\t                        \"@type\": \"EntryPoint\",\n\t                        \"urlTemplate\": \"https:\/\/www.rajapack.cz\/blog-cz\/?s={search_term_string}\"\n\t                    },\n\t                    \"query-input\": \"required name=search_term_string\"\n\t                }\n\t            ],\n\t            \"inLanguage\": \"cs\"\n\t        },\n\t        {\n\t            \"@type\": \"Person\",\n\t            \"@id\": \"https:\/\/www.rajapack.cz\/blog-cz\/#\/schema\/person\/77ba56a818b4c77c898d91f8bfa9cf72\",\n\t            \"name\": \"Rajapack\",\n\t            \"image\": {\n\t                \"@type\": \"ImageObject\",\n\t                \"inLanguage\": \"cs\",\n\t                \"@id\": \"https:\/\/www.rajapack.cz\/blog-cz\/#\/schema\/person\/image\/\",\n\t                \"url\": \"https:\/\/secure.gravatar.com\/avatar\/6efbc202a3ea3ffdfe4ebb018a321896?s=96&d=mm&r=g\",\n\t                \"contentUrl\": \"https:\/\/secure.gravatar.com\/avatar\/6efbc202a3ea3ffdfe4ebb018a321896?s=96&d=mm&r=g\",\n\t                \"caption\": \"Rajapack\"\n\t            },\n\t            \"sameAs\": [\n\t                \"http:\/\/www.rajapack.de\"\n\t            ],\n\t            \"url\": \"https:\/\/www.rajapack.cz\/blog-cz\/author\/khunger\"\n\t        }\n\t    ]\n\t}<\/script>\n","yoast_head_json":{"title":"Balen\u00ed objemn\u00fdch a k\u0159ehk\u00fdch um\u011bleck\u00fdch d\u011bl - Tipy a rady z oblasti logistiky, obal\u016f i p\u0159epravy | Rajapack","robots":{"index":"index","follow":"follow","max-snippet":"max-snippet:-1","max-image-preview":"max-image-preview:large","max-video-preview":"max-video-preview:-1"},"canonical":"https:\/\/www.rajapack.cz\/blog-cz\/baleni-objemnych-krehkych-umeleckych-del","og_locale":"cs_CZ","og_type":"article","og_title":"Balen\u00ed objemn\u00fdch a k\u0159ehk\u00fdch um\u011bleck\u00fdch d\u011bl - Tipy a rady z oblasti logistiky, obal\u016f i p\u0159epravy | Rajapack","og_description":"Ve spolupr\u00e1ci s na\u0161\u00edm z\u00e1kazn\u00edkem, kterou je Evropsk\u00e1 galerie um\u011bn\u00ed International Art Gallery v \u010cesk\u00e9 republice, jsme pro v\u00e1\u0161 p\u0159ipravili dal\u0161\u00ed pokra\u010dov\u00e1n\u00ed \u010dl\u00e1nku \u201cJak obaly od Rajapacku bal\u00ed \u010desk\u00e9 um\u011bn\u00ed\u201d. [...]","og_url":"https:\/\/www.rajapack.cz\/blog-cz\/baleni-objemnych-krehkych-umeleckych-del","og_site_name":"Tipy a rady z oblasti logistiky, obal\u016f i p\u0159epravy | Rajapack","article_published_time":"2015-01-29T10:37:30+00:00","article_modified_time":"2023-05-16T14:39:27+00:00","og_image":[{"width":1048,"height":580,"url":"https:\/\/www.rajapack.cz\/blog-cz\/wp-content\/uploads\/2023\/05\/rajapack_baleni-soch-obrazu.jpg","type":"image\/jpeg"}],"author":"Rajapack","twitter_misc":{"Napsal(a)":"Rajapack","Odhadovan\u00e1 doba \u010dten\u00ed":"2 minuty"},"schema":{"@context":"https:\/\/schema.org","@graph":[{"@type":"WebPage","@id":"https:\/\/www.rajapack.cz\/blog-cz\/baleni-objemnych-krehkych-umeleckych-del","url":"https:\/\/www.rajapack.cz\/blog-cz\/baleni-objemnych-krehkych-umeleckych-del","name":"Balen\u00ed objemn\u00fdch a k\u0159ehk\u00fdch um\u011bleck\u00fdch d\u011bl - Tipy a rady z oblasti logistiky, obal\u016f i p\u0159epravy | Rajapack","isPartOf":{"@id":"https:\/\/www.rajapack.cz\/blog-cz\/#website"},"primaryImageOfPage":{"@id":"https:\/\/www.rajapack.cz\/blog-cz\/baleni-objemnych-krehkych-umeleckych-del#primaryimage"},"image":{"@id":"https:\/\/www.rajapack.cz\/blog-cz\/baleni-objemnych-krehkych-umeleckych-del#primaryimage"},"thumbnailUrl":"https:\/\/www.rajapack.cz\/blog-cz\/wp-content\/uploads\/2023\/05\/rajapack_baleni-soch-obrazu.jpg","datePublished":"2015-01-29T10:37:30+00:00","dateModified":"2023-05-16T14:39:27+00:00","author":{"@id":"https:\/\/www.rajapack.cz\/blog-cz\/#\/schema\/person\/77ba56a818b4c77c898d91f8bfa9cf72"},"inLanguage":"cs","potentialAction":[{"@type":"ReadAction","target":["https:\/\/www.rajapack.cz\/blog-cz\/baleni-objemnych-krehkych-umeleckych-del"]}]},{"@type":"ImageObject","inLanguage":"cs","@id":"https:\/\/www.rajapack.cz\/blog-cz\/baleni-objemnych-krehkych-umeleckych-del#primaryimage","url":"https:\/\/www.rajapack.cz\/blog-cz\/wp-content\/uploads\/2023\/05\/rajapack_baleni-soch-obrazu.jpg","contentUrl":"https:\/\/www.rajapack.cz\/blog-cz\/wp-content\/uploads\/2023\/05\/rajapack_baleni-soch-obrazu.jpg","width":1048,"height":580},{"@type":"WebSite","@id":"https:\/\/www.rajapack.cz\/blog-cz\/#website","url":"https:\/\/www.rajapack.cz\/blog-cz\/","name":"Tipy a rady z oblasti logistiky, obal\u016f i p\u0159epravy | Rajapack","description":"Na\u010derpejte na na\u0161em blogu odborn\u00e9 tipy v oblasti logistiky i obal\u016f pro r\u016fzn\u00e9 typy balen\u00ed \u2714 Zaj\u00edmav\u00e9 \u010dl\u00e1nky a aktuality ze sv\u011bta obalov\u00fdch materi\u00e1l\u016f \u2714","potentialAction":[{"@type":"SearchAction","target":{"@type":"EntryPoint","urlTemplate":"https:\/\/www.rajapack.cz\/blog-cz\/?s={search_term_string}"},"query-input":"required name=search_term_string"}],"inLanguage":"cs"},{"@type":"Person","@id":"https:\/\/www.rajapack.cz\/blog-cz\/#\/schema\/person\/77ba56a818b4c77c898d91f8bfa9cf72","name":"Rajapack","image":{"@type":"ImageObject","inLanguage":"cs","@id":"https:\/\/www.rajapack.cz\/blog-cz\/#\/schema\/person\/image\/","url":"https:\/\/secure.gravatar.com\/avatar\/6efbc202a3ea3ffdfe4ebb018a321896?s=96&d=mm&r=g","contentUrl":"https:\/\/secure.gravatar.com\/avatar\/6efbc202a3ea3ffdfe4ebb018a321896?s=96&d=mm&r=g","caption":"Rajapack"},"sameAs":["http:\/\/www.rajapack.de"],"url":"https:\/\/www.rajapack.cz\/blog-cz\/author\/khunger"}]}},"_links":{"self":[{"href":"https:\/\/www.rajapack.cz\/blog-cz\/wp-json\/wp\/v2\/posts\/8352"}],"collection":[{"href":"https:\/\/www.rajapack.cz\/blog-cz\/wp-json\/wp\/v2\/posts"}],"about":[{"href":"https:\/\/www.rajapack.cz\/blog-cz\/wp-json\/wp\/v2\/types\/post"}],"author":[{"embeddable":true,"href":"https:\/\/www.rajapack.cz\/blog-cz\/wp-json\/wp\/v2\/users\/8"}],"replies":[{"embeddable":true,"href":"https:\/\/www.rajapack.cz\/blog-cz\/wp-json\/wp\/v2\/comments?post=8352"}],"version-history":[{"count":0,"href":"https:\/\/www.rajapack.cz\/blog-cz\/wp-json\/wp\/v2\/posts\/8352\/revisions"}],"wp:featuredmedia":[{"embeddable":true,"href":"https:\/\/www.rajapack.cz\/blog-cz\/wp-json\/wp\/v2\/media\/11506"}],"wp:attachment":[{"href":"https:\/\/www.rajapack.cz\/blog-cz\/wp-json\/wp\/v2\/media?parent=8352"}],"wp:term":[{"taxonomy":"category","embeddable":true,"href":"https:\/\/www.rajapack.cz\/blog-cz\/wp-json\/wp\/v2\/categories?post=8352"},{"taxonomy":"post_tag","embeddable":true,"href":"https:\/\/www.rajapack.cz\/blog-cz\/wp-json\/wp\/v2\/tags?post=8352"}],"curies":[{"name":"wp","href":"https:\/\/api.w.org\/{rel}","templated":true}]}}