{"id":8276,"date":"2014-11-25T13:41:53","date_gmt":"2014-11-25T12:41:53","guid":{"rendered":"http:\/\/obaloviny.rajapack.cz\/?p=8276"},"modified":"2023-05-16T16:25:02","modified_gmt":"2023-05-16T14:25:02","slug":"jak-obaly-od-rajapacku-bali-ceske-umeni","status":"publish","type":"post","link":"https:\/\/www.rajapack.cz\/blog-cz\/jak-obaly-od-rajapacku-bali-ceske-umeni","title":{"rendered":"Jak obaly od Rajapacku bal\u00ed \u010desk\u00e9 um\u011bn\u00ed"},"content":{"rendered":"<p>\u201eNejv\u011bt\u0161\u00ed <a href=\"https:\/\/www.ngprague.cz\/\">galerie um\u011bn\u00ed International Art Gallery <\/a>v\u00a0\u010cesk\u00e9 republice prezentuje \u010desk\u00e1 um\u011bleck\u00e1 d\u00edla a po\u0159\u00e1d\u00e1 v\u00fdstavy sou\u010dasn\u00fdch \u010desk\u00fdch i zahrani\u010dn\u00edch um\u011blc\u016f v\u00a0\u0159ad\u011b galeri\u00ed i obchodn\u00edch domech. Hlavn\u00edm z\u00e1m\u011brem je podpora \u010desk\u00e9ho um\u011bn\u00ed nam\u00edsto kopi\u00ed r\u016fzn\u00fdch obraz\u016f a d\u011bl z\u00a0\u010c\u00edny, kde je produkov\u00e1no obrovsk\u00e9 mno\u017estv\u00ed d\u011bl pro export do evropsk\u00fdch zem\u00edch\u201c, informuje veden\u00ed galerie.<\/p>\n<p>K\u00a0velmi \u00fasp\u011b\u0161n\u00e9mu projektu, kter\u00fd byl ocen\u011bn tak\u00e9 Ministerstvem Kultury a Ministerstvem \u0161kolstv\u00ed a t\u011blov\u00fdchovy ml\u00e1de\u017ee \u010cR, je \u0159azena tzv. \u201eotev\u0159en\u00e1 galeria\u201c v\u00a0obchodn\u00ed domech, jejich\u017e poselstv\u00edm je otev\u00edr\u00e1n\u00ed um\u011bn\u00ed b\u011b\u017en\u00fdm lidem. Tyto galerie jsou hojn\u011b nav\u0161t\u011bvov\u00e1ny po cel\u00e9 \u010cesk\u00e9 republice. V\u00a0z\u00e1vislosti na velikosti obchodn\u00edch domu dosahuje n\u00e1v\u0161t\u011bvnost za jeden m\u011bs\u00edc a\u017e 300.000 osob.<\/p>\n<p>Pr\u00e1v\u011b tato galerie i jej\u00ed um\u011blci si vybrali pro balen\u00ed sv\u00fdch um\u011bleck\u00fdch d\u011bl jako jsou obrazy, sochy, keramika \u010di jin\u00e9 k\u0159ehk\u00e9 skulptury a autentick\u00e9 tvorby obaly Rajapack. \u0158ada t\u011bchto jedine\u010dn\u00fdch galerijn\u00edch produkt\u016f disponuje velmi citliv\u00fdm povrchem, kter\u00fd je nutn\u00e9 spolehliv\u011b ochr\u00e1nit.<\/p>\n<p><strong>Balen\u00ed um\u011bleck\u00fdch d\u011bl s k\u0159ehk\u00fdm povrchem<\/strong><\/p>\n<p>Jednoduch\u00fdm, ale <a href=\"http:\/\/www.rajapack.cz\/vyplnovy-fixacni-material\/penove-folie-sacky\/penova-folie.html\">\u00fa\u010dinn\u00fdm \u0159e\u0161en\u00edm je p\u011bnov\u00e1 f\u00f3lie<\/a>, kter\u00e1 zabr\u00e1n\u00ed po\u0161kr\u00e1b\u00e1n\u00ed sensibiln\u00edch povrch\u016f ze skla, k\u016f\u017ee, lakovan\u00fdch artikl\u016f, pl\u00e1tna, zu\u0161lecht\u011bn\u00fdch pap\u00edr\u016f \u010di jinak povrchov\u011b upraven\u00fdch v\u00fdrobk\u016f. \u010c\u00edm k\u0159eh\u010d\u00ed p\u0159edm\u011bt resp. \u010d\u00edm citliv\u011bj\u0161\u00ed povrchem produkt disponuje, t\u00edm vy\u0161\u0161\u00ed tlou\u0161\u0165ku f\u00f3lie je nutn\u00e9 zvolit pro jeho zabalen\u00ed. V\u00a0eshopu Rajapack je k\u00a0dispozici nejen b\u011b\u017en\u00e1 tlou\u0161\u0165ka 1 \u010di 1,5 mm, ale i f\u00f3lie o s\u00edle 2 a\u017e 3 mm. P\u011bnov\u00e9 f\u00f3lie chr\u00e1n\u00ed balen\u00e1 d\u00edla nejen p\u0159ed mechanick\u00fdm po\u0161kozen\u00edm povrchu, ale tak\u00e9 v\u016f\u010di vlhkosti, n\u00e1raz\u016fm i prachu.<\/p>\n<p>Zvl\u00e1\u0161t\u011b citliv\u00e1 d\u00edla jako jsou nap\u0159. obrazy ve sklen\u011bn\u00e9 tabuli aj. jsou balena do bublinkov\u00e9 f\u00f3lie s\u00a0fleecovou vrstvou. Tato f\u00f3lie s\u00a0funkc\u00ed \u201e2 v 1\u201c chr\u00e1n\u00ed cenn\u00fd obsah v\u016f\u010di ot\u0159es\u016fm a d\u00edky integrovan\u00e9mu l\u00e1tkov\u00e9mu fleecu nav\u00edc ochr\u00e1n\u00ed i povrch balen\u00e9ho p\u0159edm\u011btu.<\/p>\n<p><strong>Ovinov\u00e1n\u00ed a fixace obraz\u016f<\/strong><\/p>\n<p>Pro fixaci f\u00f3li\u00ed na um\u011bleck\u00e9m d\u00edle se vyu\u017e\u00edv\u00e1 strojov\u00e9 p\u0159edepnut\u00e1 stretch f\u00f3lie o tlou\u0161\u0165ce 9 mikron\u016f. D\u00edky jej\u00edmu p\u0159edepnut\u00ed ji ji\u017e p\u0159i ovinov\u00e1n\u00ed nen\u00ed nutn\u00e9 p\u0159edep\u00ednat a \u0161\u00ed\u0159ka z\u016fst\u00e1v\u00e1 konstantn\u00ed, co\u017e nen\u00ed p\u0159\u00edpad klasick\u00fdch stre\u010dov\u00fdch f\u00f3li\u00ed. P\u0159edepnut\u00e1 f\u00f3lie o 9 mikronech nahrad\u00ed b\u011b\u017enou stretch f\u00f3lie o s\u00edle 17 a\u017e 23 mikron\u016f. Prost\u0159ednictv\u00edm p\u0159edepnut\u00ed je p\u0159i ovinu minimalizov\u00e1na spot\u0159eba materi\u00e1lu.<\/p>\n<p>Aby nedo\u0161lo k\u00a0rozkl\u00ed\u017een\u00ed r\u00e1mu p\u0159i p\u0159eprav\u011b pop\u0159. pro zalepen\u00ed roh\u016f, voln\u00fdch konc\u016f \u010di jin\u00fdch v\u00fdb\u011b\u017ek\u016f je pou\u017eito lepic\u00ed p\u00e1sky z\u00a0PVC, kter\u00e1 velmi dob\u0159e a garantovan\u011b lep\u00ed na cel\u00e9 \u0159ad\u011b r\u016fzn\u00fdch materi\u00e1l\u016f.<\/p>\n<p>P\u0159ejeme galerie spoustu \u00fasp\u011bch\u016f, vyda\u0159en\u00fdch v\u00fdstav a hlavn\u011b, a\u0165 \u010desk\u00e1 um\u011bleck\u00e1 d\u00edla v\u017edy dojdou bezpe\u010dn\u011b do c\u00edle!<\/p>\n","protected":false},"excerpt":{"rendered":"<p>\u201eNejv\u011bt\u0161\u00ed galerie um\u011bn\u00ed International Art Gallery v\u00a0\u010cesk\u00e9 republice prezentuje \u010desk\u00e1 um\u011bleck\u00e1 d\u00edla a po\u0159\u00e1d\u00e1 v\u00fdstavy sou\u010dasn\u00fdch \u010desk\u00fdch i zahrani\u010dn\u00edch um\u011blc\u016f v\u00a0\u0159ad\u011b galeri\u00ed i obchodn\u00edch domech. Hlavn\u00edm z\u00e1m\u011brem je podpora \u010desk\u00e9ho [&#8230;]<\/p>\n","protected":false},"author":8,"featured_media":11495,"comment_status":"open","ping_status":"open","sticky":false,"template":"","format":"standard","meta":{"_acf_changed":false,"footnotes":""},"categories":[1205],"tags":[1084,873],"class_list":["post-8276","post","type-post","status-publish","format-standard","has-post-thumbnail","hentry","category-nase-obaly-a-novinky","tag-produkty","tag-vyplnovy-material"],"acf":[],"yoast_head":"\n<title>Jak obaly od Rajapacku bal\u00ed \u010desk\u00e9 um\u011bn\u00ed - Tipy a rady z oblasti logistiky, obal\u016f i p\u0159epravy | Rajapack<\/title>\n<meta name=\"robots\" content=\"index, follow, max-snippet:-1, max-image-preview:large, max-video-preview:-1\" \/>\n<link rel=\"canonical\" href=\"https:\/\/www.rajapack.cz\/blog-cz\/jak-obaly-od-rajapacku-bali-ceske-umeni\" \/>\n<meta property=\"og:locale\" content=\"cs_CZ\" \/>\n<meta property=\"og:type\" content=\"article\" \/>\n<meta property=\"og:title\" content=\"Jak obaly od Rajapacku bal\u00ed \u010desk\u00e9 um\u011bn\u00ed - Tipy a rady z oblasti logistiky, obal\u016f i p\u0159epravy | Rajapack\" \/>\n<meta property=\"og:description\" content=\"\u201eNejv\u011bt\u0161\u00ed galerie um\u011bn\u00ed International Art Gallery v\u00a0\u010cesk\u00e9 republice prezentuje \u010desk\u00e1 um\u011bleck\u00e1 d\u00edla a po\u0159\u00e1d\u00e1 v\u00fdstavy sou\u010dasn\u00fdch \u010desk\u00fdch i zahrani\u010dn\u00edch um\u011blc\u016f v\u00a0\u0159ad\u011b galeri\u00ed i obchodn\u00edch domech. Hlavn\u00edm z\u00e1m\u011brem je podpora \u010desk\u00e9ho [...]\" \/>\n<meta property=\"og:url\" content=\"https:\/\/www.rajapack.cz\/blog-cz\/jak-obaly-od-rajapacku-bali-ceske-umeni\" \/>\n<meta property=\"og:site_name\" content=\"Tipy a rady z oblasti logistiky, obal\u016f i p\u0159epravy | Rajapack\" \/>\n<meta property=\"article:published_time\" content=\"2014-11-25T12:41:53+00:00\" \/>\n<meta property=\"article:modified_time\" content=\"2023-05-16T14:25:02+00:00\" \/>\n<meta property=\"og:image\" content=\"https:\/\/www.rajapack.cz\/blog-cz\/wp-content\/uploads\/2023\/05\/rajapack-bali-umeni.jpg\" \/>\n\t<meta property=\"og:image:width\" content=\"1048\" \/>\n\t<meta property=\"og:image:height\" content=\"580\" \/>\n\t<meta property=\"og:image:type\" content=\"image\/jpeg\" \/>\n<meta name=\"author\" content=\"Rajapack\" \/>\n<meta name=\"twitter:label1\" content=\"Napsal(a)\" \/>\n\t<meta name=\"twitter:data1\" content=\"Rajapack\" \/>\n\t<meta name=\"twitter:label2\" content=\"Odhadovan\u00e1 doba \u010dten\u00ed\" \/>\n\t<meta name=\"twitter:data2\" content=\"3 minuty\" \/>\n<script type=\"application\/ld+json\" class=\"yoast-schema-graph\">{\n\t    \"@context\": \"https:\/\/schema.org\",\n\t    \"@graph\": [\n\t        {\n\t            \"@type\": \"WebPage\",\n\t            \"@id\": \"https:\/\/www.rajapack.cz\/blog-cz\/jak-obaly-od-rajapacku-bali-ceske-umeni\",\n\t            \"url\": \"https:\/\/www.rajapack.cz\/blog-cz\/jak-obaly-od-rajapacku-bali-ceske-umeni\",\n\t            \"name\": \"Jak obaly od Rajapacku bal\u00ed \u010desk\u00e9 um\u011bn\u00ed - Tipy a rady z oblasti logistiky, obal\u016f i p\u0159epravy | Rajapack\",\n\t            \"isPartOf\": {\n\t                \"@id\": \"https:\/\/www.rajapack.cz\/blog-cz\/#website\"\n\t            },\n\t            \"primaryImageOfPage\": {\n\t                \"@id\": \"https:\/\/www.rajapack.cz\/blog-cz\/jak-obaly-od-rajapacku-bali-ceske-umeni#primaryimage\"\n\t            },\n\t            \"image\": {\n\t                \"@id\": \"https:\/\/www.rajapack.cz\/blog-cz\/jak-obaly-od-rajapacku-bali-ceske-umeni#primaryimage\"\n\t            },\n\t            \"thumbnailUrl\": \"https:\/\/www.rajapack.cz\/blog-cz\/wp-content\/uploads\/2023\/05\/rajapack-bali-umeni.jpg\",\n\t            \"datePublished\": \"2014-11-25T12:41:53+00:00\",\n\t            \"dateModified\": \"2023-05-16T14:25:02+00:00\",\n\t            \"author\": {\n\t                \"@id\": \"https:\/\/www.rajapack.cz\/blog-cz\/#\/schema\/person\/77ba56a818b4c77c898d91f8bfa9cf72\"\n\t            },\n\t            \"inLanguage\": \"cs\",\n\t            \"potentialAction\": [\n\t                {\n\t                    \"@type\": \"ReadAction\",\n\t                    \"target\": [\n\t                        \"https:\/\/www.rajapack.cz\/blog-cz\/jak-obaly-od-rajapacku-bali-ceske-umeni\"\n\t                    ]\n\t                }\n\t            ]\n\t        },\n\t        {\n\t            \"@type\": \"ImageObject\",\n\t            \"inLanguage\": \"cs\",\n\t            \"@id\": \"https:\/\/www.rajapack.cz\/blog-cz\/jak-obaly-od-rajapacku-bali-ceske-umeni#primaryimage\",\n\t            \"url\": \"https:\/\/www.rajapack.cz\/blog-cz\/wp-content\/uploads\/2023\/05\/rajapack-bali-umeni.jpg\",\n\t            \"contentUrl\": \"https:\/\/www.rajapack.cz\/blog-cz\/wp-content\/uploads\/2023\/05\/rajapack-bali-umeni.jpg\",\n\t            \"width\": 1048,\n\t            \"height\": 580\n\t        },\n\t        {\n\t            \"@type\": \"WebSite\",\n\t            \"@id\": \"https:\/\/www.rajapack.cz\/blog-cz\/#website\",\n\t            \"url\": \"https:\/\/www.rajapack.cz\/blog-cz\/\",\n\t            \"name\": \"Tipy a rady z oblasti logistiky, obal\u016f i p\u0159epravy | Rajapack\",\n\t            \"description\": \"Na\u010derpejte na na\u0161em blogu odborn\u00e9 tipy v oblasti logistiky i obal\u016f pro r\u016fzn\u00e9 typy balen\u00ed \u2714 Zaj\u00edmav\u00e9 \u010dl\u00e1nky a aktuality ze sv\u011bta obalov\u00fdch materi\u00e1l\u016f \u2714\",\n\t            \"potentialAction\": [\n\t                {\n\t                    \"@type\": \"SearchAction\",\n\t                    \"target\": {\n\t                        \"@type\": \"EntryPoint\",\n\t                        \"urlTemplate\": \"https:\/\/www.rajapack.cz\/blog-cz\/?s={search_term_string}\"\n\t                    },\n\t                    \"query-input\": \"required name=search_term_string\"\n\t                }\n\t            ],\n\t            \"inLanguage\": \"cs\"\n\t        },\n\t        {\n\t            \"@type\": \"Person\",\n\t            \"@id\": \"https:\/\/www.rajapack.cz\/blog-cz\/#\/schema\/person\/77ba56a818b4c77c898d91f8bfa9cf72\",\n\t            \"name\": \"Rajapack\",\n\t            \"image\": {\n\t                \"@type\": \"ImageObject\",\n\t                \"inLanguage\": \"cs\",\n\t                \"@id\": \"https:\/\/www.rajapack.cz\/blog-cz\/#\/schema\/person\/image\/\",\n\t                \"url\": \"https:\/\/secure.gravatar.com\/avatar\/6efbc202a3ea3ffdfe4ebb018a321896?s=96&d=mm&r=g\",\n\t                \"contentUrl\": \"https:\/\/secure.gravatar.com\/avatar\/6efbc202a3ea3ffdfe4ebb018a321896?s=96&d=mm&r=g\",\n\t                \"caption\": \"Rajapack\"\n\t            },\n\t            \"sameAs\": [\n\t                \"http:\/\/www.rajapack.de\"\n\t            ],\n\t            \"url\": \"https:\/\/www.rajapack.cz\/blog-cz\/author\/khunger\"\n\t        }\n\t    ]\n\t}<\/script>\n","yoast_head_json":{"title":"Jak obaly od Rajapacku bal\u00ed \u010desk\u00e9 um\u011bn\u00ed - Tipy a rady z oblasti logistiky, obal\u016f i p\u0159epravy | Rajapack","robots":{"index":"index","follow":"follow","max-snippet":"max-snippet:-1","max-image-preview":"max-image-preview:large","max-video-preview":"max-video-preview:-1"},"canonical":"https:\/\/www.rajapack.cz\/blog-cz\/jak-obaly-od-rajapacku-bali-ceske-umeni","og_locale":"cs_CZ","og_type":"article","og_title":"Jak obaly od Rajapacku bal\u00ed \u010desk\u00e9 um\u011bn\u00ed - Tipy a rady z oblasti logistiky, obal\u016f i p\u0159epravy | Rajapack","og_description":"\u201eNejv\u011bt\u0161\u00ed galerie um\u011bn\u00ed International Art Gallery v\u00a0\u010cesk\u00e9 republice prezentuje \u010desk\u00e1 um\u011bleck\u00e1 d\u00edla a po\u0159\u00e1d\u00e1 v\u00fdstavy sou\u010dasn\u00fdch \u010desk\u00fdch i zahrani\u010dn\u00edch um\u011blc\u016f v\u00a0\u0159ad\u011b galeri\u00ed i obchodn\u00edch domech. Hlavn\u00edm z\u00e1m\u011brem je podpora \u010desk\u00e9ho [...]","og_url":"https:\/\/www.rajapack.cz\/blog-cz\/jak-obaly-od-rajapacku-bali-ceske-umeni","og_site_name":"Tipy a rady z oblasti logistiky, obal\u016f i p\u0159epravy | Rajapack","article_published_time":"2014-11-25T12:41:53+00:00","article_modified_time":"2023-05-16T14:25:02+00:00","og_image":[{"width":1048,"height":580,"url":"https:\/\/www.rajapack.cz\/blog-cz\/wp-content\/uploads\/2023\/05\/rajapack-bali-umeni.jpg","type":"image\/jpeg"}],"author":"Rajapack","twitter_misc":{"Napsal(a)":"Rajapack","Odhadovan\u00e1 doba \u010dten\u00ed":"3 minuty"},"schema":{"@context":"https:\/\/schema.org","@graph":[{"@type":"WebPage","@id":"https:\/\/www.rajapack.cz\/blog-cz\/jak-obaly-od-rajapacku-bali-ceske-umeni","url":"https:\/\/www.rajapack.cz\/blog-cz\/jak-obaly-od-rajapacku-bali-ceske-umeni","name":"Jak obaly od Rajapacku bal\u00ed \u010desk\u00e9 um\u011bn\u00ed - Tipy a rady z oblasti logistiky, obal\u016f i p\u0159epravy | Rajapack","isPartOf":{"@id":"https:\/\/www.rajapack.cz\/blog-cz\/#website"},"primaryImageOfPage":{"@id":"https:\/\/www.rajapack.cz\/blog-cz\/jak-obaly-od-rajapacku-bali-ceske-umeni#primaryimage"},"image":{"@id":"https:\/\/www.rajapack.cz\/blog-cz\/jak-obaly-od-rajapacku-bali-ceske-umeni#primaryimage"},"thumbnailUrl":"https:\/\/www.rajapack.cz\/blog-cz\/wp-content\/uploads\/2023\/05\/rajapack-bali-umeni.jpg","datePublished":"2014-11-25T12:41:53+00:00","dateModified":"2023-05-16T14:25:02+00:00","author":{"@id":"https:\/\/www.rajapack.cz\/blog-cz\/#\/schema\/person\/77ba56a818b4c77c898d91f8bfa9cf72"},"inLanguage":"cs","potentialAction":[{"@type":"ReadAction","target":["https:\/\/www.rajapack.cz\/blog-cz\/jak-obaly-od-rajapacku-bali-ceske-umeni"]}]},{"@type":"ImageObject","inLanguage":"cs","@id":"https:\/\/www.rajapack.cz\/blog-cz\/jak-obaly-od-rajapacku-bali-ceske-umeni#primaryimage","url":"https:\/\/www.rajapack.cz\/blog-cz\/wp-content\/uploads\/2023\/05\/rajapack-bali-umeni.jpg","contentUrl":"https:\/\/www.rajapack.cz\/blog-cz\/wp-content\/uploads\/2023\/05\/rajapack-bali-umeni.jpg","width":1048,"height":580},{"@type":"WebSite","@id":"https:\/\/www.rajapack.cz\/blog-cz\/#website","url":"https:\/\/www.rajapack.cz\/blog-cz\/","name":"Tipy a rady z oblasti logistiky, obal\u016f i p\u0159epravy | Rajapack","description":"Na\u010derpejte na na\u0161em blogu odborn\u00e9 tipy v oblasti logistiky i obal\u016f pro r\u016fzn\u00e9 typy balen\u00ed \u2714 Zaj\u00edmav\u00e9 \u010dl\u00e1nky a aktuality ze sv\u011bta obalov\u00fdch materi\u00e1l\u016f \u2714","potentialAction":[{"@type":"SearchAction","target":{"@type":"EntryPoint","urlTemplate":"https:\/\/www.rajapack.cz\/blog-cz\/?s={search_term_string}"},"query-input":"required name=search_term_string"}],"inLanguage":"cs"},{"@type":"Person","@id":"https:\/\/www.rajapack.cz\/blog-cz\/#\/schema\/person\/77ba56a818b4c77c898d91f8bfa9cf72","name":"Rajapack","image":{"@type":"ImageObject","inLanguage":"cs","@id":"https:\/\/www.rajapack.cz\/blog-cz\/#\/schema\/person\/image\/","url":"https:\/\/secure.gravatar.com\/avatar\/6efbc202a3ea3ffdfe4ebb018a321896?s=96&d=mm&r=g","contentUrl":"https:\/\/secure.gravatar.com\/avatar\/6efbc202a3ea3ffdfe4ebb018a321896?s=96&d=mm&r=g","caption":"Rajapack"},"sameAs":["http:\/\/www.rajapack.de"],"url":"https:\/\/www.rajapack.cz\/blog-cz\/author\/khunger"}]}},"_links":{"self":[{"href":"https:\/\/www.rajapack.cz\/blog-cz\/wp-json\/wp\/v2\/posts\/8276"}],"collection":[{"href":"https:\/\/www.rajapack.cz\/blog-cz\/wp-json\/wp\/v2\/posts"}],"about":[{"href":"https:\/\/www.rajapack.cz\/blog-cz\/wp-json\/wp\/v2\/types\/post"}],"author":[{"embeddable":true,"href":"https:\/\/www.rajapack.cz\/blog-cz\/wp-json\/wp\/v2\/users\/8"}],"replies":[{"embeddable":true,"href":"https:\/\/www.rajapack.cz\/blog-cz\/wp-json\/wp\/v2\/comments?post=8276"}],"version-history":[{"count":0,"href":"https:\/\/www.rajapack.cz\/blog-cz\/wp-json\/wp\/v2\/posts\/8276\/revisions"}],"wp:featuredmedia":[{"embeddable":true,"href":"https:\/\/www.rajapack.cz\/blog-cz\/wp-json\/wp\/v2\/media\/11495"}],"wp:attachment":[{"href":"https:\/\/www.rajapack.cz\/blog-cz\/wp-json\/wp\/v2\/media?parent=8276"}],"wp:term":[{"taxonomy":"category","embeddable":true,"href":"https:\/\/www.rajapack.cz\/blog-cz\/wp-json\/wp\/v2\/categories?post=8276"},{"taxonomy":"post_tag","embeddable":true,"href":"https:\/\/www.rajapack.cz\/blog-cz\/wp-json\/wp\/v2\/tags?post=8276"}],"curies":[{"name":"wp","href":"https:\/\/api.w.org\/{rel}","templated":true}]}}