{"id":7310,"date":"2017-07-11T10:15:14","date_gmt":"2017-07-11T08:15:14","guid":{"rendered":"http:\/\/obaloviny.rajapack.cz\/?p=3442"},"modified":"2023-05-18T10:21:45","modified_gmt":"2023-05-18T08:21:45","slug":"vyznam-symbolu-pro-krabice-drevene-bedny","status":"publish","type":"post","link":"https:\/\/www.rajapack.cz\/blog-cz\/vyznam-symbolu-pro-krabice-drevene-bedny","title":{"rendered":"V\u00fdznam symbol\u016f pro krabice a d\u0159ev\u011bn\u00e9 bedny&#8230;"},"content":{"rendered":"<p>P\u0159ihod\u00ed se V\u00e1m ob\u010das situace,\u00a0\u00a0kdy zpozorujete na n\u011bjak\u00e9m v\u00fdrobku logo nebo ozna\u010den\u00ed a v t\u00e9 chv\u00edli skute\u010dn\u011b nev\u00edte, co tento symbol znamen\u00e1? Nebo spat\u0159\u00edte\u00a0piktogram u <strong>krabice<\/strong> tvo\u0159en\u00fd z \u010dar, hv\u011bzd nebo te\u010dek, kter\u00fd nem\u00e1 \u017e\u00e1dnou vypov\u00eddaj\u00edc\u00ed hodnotu? N\u011bkter\u00e9 tyto zna\u010dky mohou b\u00fdt\u00a0nejen \u0161irok\u00e9 ve\u0159ejnosti, ale i specialist\u016fm nezn\u00e1m\u00e9, jeliko\u017e jsou\u00a0nap\u0159\u00edklad\u00a0vytv\u00e1\u0159eny samotn\u00fdm v\u00fdrobcem pop\u0159. neb\u00fdvaj\u00ed \u010dasto pou\u017e\u00edv\u00e1ny.<\/p>\n<p>Ve sv\u011bt\u011b obal\u016f jsou ozna\u010den\u00ed p\u0159esn\u011b dan\u00e9, a\u0165 u\u017e mezin\u00e1rodn\u00edmi \u010di tuzemsk\u00fdmi normami. S n\u00e1sleduj\u00edc\u00edmi p\u0159\u00edklady jste se jako z\u00e1kazn\u00edk Rajapacku ji\u017e jist\u011b setkal:<\/p>\n<p>&nbsp;<\/p>\n<h2><strong>Logo ISMP 15<\/strong><\/h2>\n<p><strong>D\u0159ev\u011bn\u00e9 bedny<\/strong> a kontejnery jsou \u010dasto opat\u0159eny \u010dtvercov\u00fdm r\u00e1me\u010dkem, ve kter\u00e9m je mal\u00e9 logo s n\u00e1pisem IPPC, jako\u017e i \u010d\u00edseln\u00fd k\u00f3d. Tento potisk ozna\u010duje bedny z masivn\u00edho d\u0159eva, kter\u00e9 jsou ur\u010deny pro v\u00fdvoz do zem\u00ed mimo EU, s ohledem na sm\u011brnici ISPM 15. <a href=\"http:\/\/www.ippc.int\/\">IPPC znamen\u00e1 \u00a0\u201eInternational Plant Protection Convention\u201c<\/a> tedy Mezin\u00e1rodn\u00ed konvence na ochranu rostlin \u2013 organizace pod\u0159\u00edzen\u00e1 Organizaci UN, a ISPM je zkratka ozna\u010duj\u00edc\u00ed \u201eInternational Standards for Phytosanitary Measures\u201c. ISPM 15 \u00a0je mezin\u00e1rodn\u011b sjednan\u00fd standard vydan\u00fd IPPC a zaji\u0161\u0165uje, aby nedo\u0161lo k zavle\u010den\u00ed d\u0159evn\u00edch \u0161k\u016fdc\u016f do jin\u00fdch zem\u00ed. T\u00edm se chr\u00e1n\u00ed dom\u00e1c\u00ed stavy les\u016f.<\/p>\n<figure id=\"attachment_8671\" aria-describedby=\"caption-attachment-8671\" style=\"width: 115px\" class=\"wp-caption alignleft\"><a href=\"https:\/\/www.rajapack.cz\/blog-cz\/wp-content\/uploads\/ispm1.jpg\"><img loading=\"lazy\" decoding=\"async\" class=\"wp-image-8671\" src=\"https:\/\/www.rajapack.cz\/blog-cz\/wp-content\/uploads\/ispm1.jpg\" alt=\"Logo ISPM 15\" width=\"115\" height=\"100\" \/><\/a><figcaption id=\"caption-attachment-8671\" class=\"wp-caption-text\">Logo ISPM 15<\/figcaption><\/figure>\n<p>Sm\u011brnice se vztahuje na ve\u0161ker\u00e9 celod\u0159ev\u011bn\u00e9 obaly o tlou\u0161\u0165ce v\u011bt\u0161\u00ed ne\u017e 6 mm. Takov\u00e9 <strong>d\u0159ev\u011bn\u00e9 bedny<\/strong> musej\u00ed proj\u00edt o\u0161et\u0159en\u00edm \u017e\u00e1rem (o teplot\u011b 56\u00b0C v\u00a0j\u00e1dru po dobu 30 minut) nebo se sterilizuj\u00ed pomoc\u00ed plynu methylbromidu, aby se zajistila skute\u010dnost, \u017ee se ve d\u0159ev\u011b ji\u017e nem\u016f\u017ee nach\u00e1zet jak\u00fdkoliv \u0161k\u016fdce. \u010ctvercov\u00fd potisk, trvale ozna\u010duj\u00edc\u00ed ne\u0161kodnost, pod\u00e1v\u00e1 prost\u0159ednictv\u00edm \u010d\u00edseln\u00e9ho k\u00f3du informaci o v\u00fdrobci, o zemi i oblasti p\u016fvodu a samoz\u0159ejm\u011b typu o\u0161et\u0159en\u00ed. <a href=\"http:\/\/www.rajapack.cz\/kartonove-krabice-kontejnery\/kontejnery-prepravni-obaly\/skladaci-bedny-brezove-preklizky_PDT00360.html\">D\u0159ev\u011bn\u00e9 bedny<\/a> a <a href=\"http:\/\/www.rajapack.cz\/kartonove-krabice-kontejnery\/kontejnery-prepravni-obaly\/preklizkove-paletove-kontejnery-rajabox_OFF_CZ_0276.html\">p\u0159ekli\u017ekov\u00e9 kontejnery<\/a> v\u00a0na\u0161\u00ed nab\u00eddce odpov\u00eddaj\u00ed norm\u011b ISPM 15. P\u0159i tuzemsk\u00e9 p\u0159eprav\u011b i exportu do zem\u00ed jako je Ji\u017en\u00ed Afrika, Kanada, \u010c\u00edna, Korea, USA, Indie \u010di Turecko m\u016f\u017eete Va\u0161e produkty d\u00edky t\u011bmto obal\u016fm bez jak\u00fdchkoliv probl\u00e9m\u016f p\u0159epravovat.<\/p>\n<p>&nbsp;<\/p>\n<h2><strong>Logo RESY<\/strong><\/h2>\n<figure id=\"attachment_3445\" aria-describedby=\"caption-attachment-3445\" style=\"width: 94px\" class=\"wp-caption alignleft\"><a href=\"https:\/\/www.rajapack.cz\/blog-cz\/wp-content\/uploads\/rezy8888.jpg\" rel=\"attachment wp-att-3445\"><img loading=\"lazy\" decoding=\"async\" class=\"wp-image-3445 \" title=\"Logo RESY\" src=\"https:\/\/www.rajapack.cz\/blog-cz\/wp-content\/uploads\/rezy8888.jpg\" alt=\"Logo Resy\" width=\"94\" height=\"90\" \/><\/a><figcaption id=\"caption-attachment-3445\" class=\"wp-caption-text\">Logo Resy<\/figcaption><\/figure>\n<p>T\u0159i \u0161ipky ve tvaru troj\u00faheln\u00edku, ve st\u0159edu stoj\u00ed n\u00e1pis \u201eRESY\u201c: toto logo se nach\u00e1z\u00ed na cel\u00e9 \u0159ad\u011b p\u0159epravn\u00edch obal\u016f a obal\u016f z pap\u00edru, kartonu a lepenky. Potvrzuje, \u017ee pou\u017eit\u00fd materi\u00e1l <strong>krabice <\/strong>je recyklovateln\u00fd a d\u00e1le znovu zhodnocen\u00fd.<\/p>\n<p>\u010c\u00edslo RESY pod logem v\u017edy identifikuje v\u00fdrobce produktu. Na\u0161\u00edm identifika\u010dn\u00edm \u010d\u00edslem je nap\u0159.\u00a08888. Ve\u0161ker\u00e9<a href=\"http:\/\/www.rajapack.cz\/kartonove-krabice-kontejnery.html\"> kartonov\u00e9 krabice a kontejnery<\/a> Rajapack nesou potisk RESY\u00a0 a jsou t\u00edm p\u00e1dem ekologicky \u0161etrn\u00e9 a vhodn\u00e9 pro recyklaci.<\/p>\n<p>Proveden\u00ed a form\u00e1t dan\u00e9 <strong>krabice<\/strong> nehraje v tomto zna\u010den\u00ed \u017e\u00e1dnou roli. A\u0165 u\u017e pevn\u00e1 kartonov\u00e1 krabice z t\u0159\u00edvrstv\u00e9 lepenky nebo odoln\u00e1 p\u011btivrstv\u00e1 krabice pro p\u0159epravu k\u0159ehk\u00fdch a t\u011b\u017ek\u00fdch produkt\u016f, ve kter\u00fdch je mo\u017en\u00e9 d\u00edky vn\u011bj\u0161\u00ed vrstv\u011b z kvalitn\u00edho kraftov\u00e9ho pap\u00edru, zbo\u017e\u00ed bezpe\u010dn\u011b dlouhodob\u011b skladovat: v\u0161echny <a href=\"https:\/\/www.rajapack.cz\/kartonove-krabice_C10.html\" target=\"_blank\" rel=\"noopener noreferrer\"><strong>kartonov\u00e9 krabice<\/strong><\/a> se skl\u00e1daj\u00ed minim\u00e1ln\u011b ze 70% z recyklovan\u00e9ho pap\u00edru a lze je proto snadno op\u011btovn\u011b zhodnotit a d\u00e1le zpracov\u00e1vat.<\/p>\n<p>&nbsp;<\/p>\n<h2><strong>Logo CE<\/strong><\/h2>\n<figure id=\"attachment_8672\" aria-describedby=\"caption-attachment-8672\" style=\"width: 94px\" class=\"wp-caption alignleft\"><a href=\"https:\/\/www.rajapack.cz\/blog-cz\/wp-content\/uploads\/ce1.jpg\"><img loading=\"lazy\" decoding=\"async\" class=\"wp-image-8672 \" src=\"https:\/\/www.rajapack.cz\/blog-cz\/wp-content\/uploads\/ce1.jpg\" alt=\"Logo CE\" width=\"94\" height=\"76\" srcset=\"https:\/\/www.rajapack.cz\/blog-cz\/wp-content\/uploads\/ce1.jpg 486w, https:\/\/www.rajapack.cz\/blog-cz\/wp-content\/uploads\/ce1-300x241.jpg 300w, https:\/\/www.rajapack.cz\/blog-cz\/wp-content\/uploads\/ce1-335x269.jpg 335w\" sizes=\"(max-width: 94px) 100vw, 94px\" \/><\/a><figcaption id=\"caption-attachment-8672\" class=\"wp-caption-text\">Logo CE<\/figcaption><\/figure>\n<p>Tato zna\u010dka signalizuje produkty, kter\u00e9 spl\u0148uj\u00ed sm\u011brnice<br \/>\na po\u017eadavky spole\u010denstv\u00ed ulo\u017een\u00fdmi jeho v\u00fdrobci.<\/p>\n<p>&nbsp;<\/p>\n<p>&nbsp;<\/p>\n<h2><\/h2>\n<h2><strong>Logo Elektro<\/strong><\/h2>\n<figure id=\"attachment_8673\" aria-describedby=\"caption-attachment-8673\" style=\"width: 101px\" class=\"wp-caption alignleft\"><a href=\"https:\/\/www.rajapack.cz\/blog-cz\/wp-content\/uploads\/logo-elektro1.jpg\"><img loading=\"lazy\" decoding=\"async\" class=\"wp-image-8673\" src=\"https:\/\/www.rajapack.cz\/blog-cz\/wp-content\/uploads\/logo-elektro1.jpg\" alt=\"Logo Elektro\" width=\"101\" height=\"104\" srcset=\"https:\/\/www.rajapack.cz\/blog-cz\/wp-content\/uploads\/logo-elektro1.jpg 70w, https:\/\/www.rajapack.cz\/blog-cz\/wp-content\/uploads\/logo-elektro1-45x45.jpg 45w\" sizes=\"(max-width: 101px) 100vw, 101px\" \/><\/a><figcaption id=\"caption-attachment-8673\" class=\"wp-caption-text\">Logo Elektro<\/figcaption><\/figure>\n<p>Identifika\u010dn\u00ed zna\u010dka elektrick\u00fdch a elektronick\u00fdch v\u00fdrobk\u016f,<br \/>\nkter\u00e9 jsou p\u0159edm\u011btem odd\u011blen\u00e9ho sb\u011bru.<\/p>\n<p>&nbsp;<\/p>\n<p>&nbsp;<\/p>\n<p>&nbsp;<\/p>\n<h2><strong>Identifika\u010dn\u00ed k\u00f3dy druhu plastu<\/strong><\/h2>\n<table style=\"height: 118px;\" border=\"0\" width=\"502\">\n<tbody>\n<tr>\n<td>\n<figure id=\"attachment_3448\" aria-describedby=\"caption-attachment-3448\" style=\"width: 38px\" class=\"wp-caption alignnone\"><a href=\"https:\/\/www.rajapack.cz\/blog-cz\/wp-content\/uploads\/pet01.jpg\" rel=\"attachment wp-att-3448\"><img loading=\"lazy\" decoding=\"async\" class=\"wp-image-3448 size-full\" title=\"PET01\" src=\"https:\/\/www.rajapack.cz\/blog-cz\/wp-content\/uploads\/pet01.jpg\" alt=\"PET01\" width=\"38\" height=\"49\" \/><\/a><figcaption id=\"caption-attachment-3448\" class=\"wp-caption-text\">PET01<\/figcaption><\/figure><\/td>\n<td>\n<figure id=\"attachment_3449\" aria-describedby=\"caption-attachment-3449\" style=\"width: 42px\" class=\"wp-caption alignnone\"><a href=\"https:\/\/www.rajapack.cz\/blog-cz\/wp-content\/uploads\/pehd02.jpg\" rel=\"attachment wp-att-3449\"><img loading=\"lazy\" decoding=\"async\" class=\"wp-image-3449 \" title=\"PE-HD 02\" src=\"https:\/\/www.rajapack.cz\/blog-cz\/wp-content\/uploads\/pehd02.jpg\" alt=\"PEHD02\" width=\"42\" height=\"53\" \/><\/a><figcaption id=\"caption-attachment-3449\" class=\"wp-caption-text\">PEHD02<\/figcaption><\/figure><\/td>\n<td>\n<figure id=\"attachment_3450\" aria-describedby=\"caption-attachment-3450\" style=\"width: 37px\" class=\"wp-caption alignnone\"><a href=\"https:\/\/www.rajapack.cz\/blog-cz\/wp-content\/uploads\/pvc03.jpg\" rel=\"attachment wp-att-3450\"><img loading=\"lazy\" decoding=\"async\" class=\"wp-image-3450 size-full\" title=\"PVC03\" src=\"https:\/\/www.rajapack.cz\/blog-cz\/wp-content\/uploads\/pvc03.jpg\" alt=\"PVC03\" width=\"37\" height=\"47\" \/><\/a><figcaption id=\"caption-attachment-3450\" class=\"wp-caption-text\">PVC03<\/figcaption><\/figure><\/td>\n<td>\n<figure id=\"attachment_3451\" aria-describedby=\"caption-attachment-3451\" style=\"width: 42px\" class=\"wp-caption alignnone\"><a href=\"https:\/\/www.rajapack.cz\/blog-cz\/wp-content\/uploads\/peld04.jpg\" rel=\"attachment wp-att-3451\"><img loading=\"lazy\" decoding=\"async\" class=\"wp-image-3451 \" title=\"PE-LD04\" src=\"https:\/\/www.rajapack.cz\/blog-cz\/wp-content\/uploads\/peld04.jpg\" alt=\"PELD04\" width=\"42\" height=\"58\" \/><\/a><figcaption id=\"caption-attachment-3451\" class=\"wp-caption-text\">PELD04<\/figcaption><\/figure><\/td>\n<td>\n<figure id=\"attachment_3452\" aria-describedby=\"caption-attachment-3452\" style=\"width: 37px\" class=\"wp-caption alignnone\"><a href=\"https:\/\/www.rajapack.cz\/blog-cz\/wp-content\/uploads\/pp05.jpg\" rel=\"attachment wp-att-3452\"><img loading=\"lazy\" decoding=\"async\" class=\"wp-image-3452 size-full\" title=\"PP05\" src=\"https:\/\/www.rajapack.cz\/blog-cz\/wp-content\/uploads\/pp05.jpg\" alt=\"PP05\" width=\"37\" height=\"47\" \/><\/a><figcaption id=\"caption-attachment-3452\" class=\"wp-caption-text\">PP05<\/figcaption><\/figure><\/td>\n<td>\n<figure id=\"attachment_3453\" aria-describedby=\"caption-attachment-3453\" style=\"width: 37px\" class=\"wp-caption alignnone\"><a href=\"https:\/\/www.rajapack.cz\/blog-cz\/wp-content\/uploads\/ps06.jpg\" rel=\"attachment wp-att-3453\"><img loading=\"lazy\" decoding=\"async\" class=\"wp-image-3453 size-full\" title=\"PS06\" src=\"https:\/\/www.rajapack.cz\/blog-cz\/wp-content\/uploads\/ps06.jpg\" alt=\"PS06\" width=\"37\" height=\"47\" \/><\/a><figcaption id=\"caption-attachment-3453\" class=\"wp-caption-text\">PS06<\/figcaption><\/figure><\/td>\n<\/tr>\n<\/tbody>\n<\/table>\n<p>Pr\u016fmysl zpracov\u00e1vaj\u00edc\u00ed plasty se \u0159\u00edd\u00ed sm\u011brnic\u00ed 94\/62\/EC, kter\u00e1 \u0159\u00edd\u00ed ozna\u010den\u00ed pou\u017eit\u00e9ho materi\u00e1lu dle \u010d\u00edseln\u00e9ho a p\u00edsemn\u00e9ho symbolu dle typu plastu.<\/p>\n<p>Zdaj\u00ed se V\u00e1m b\u00fdt tato v\u00fd\u0161e uveden\u00e1 ozna\u010den\u00ed zn\u00e1m\u00e1? \u017d\u00e1dn\u00fd div, setk\u00e1v\u00e1te se s nimi dnes a denn\u011b nejen u na\u0161ich v\u00fdrobk\u016f, ale i u spousty produkt\u016f na trhu obalov\u00fdch materi\u00e1l\u016f. Pokud n\u00e1hodou n\u011bkter\u00e9 piktogramy u\u00a0V\u00e1mi nakupovan\u00fdch\u00a0obal\u016f z lepenky,\u00a0d\u0159eva, \u00a0plastu atd.\u00a0nenajdete (nap\u0159. logo ISPM), rad\u011bji se u v\u00fdrobce \u010di distributora obal\u016f informujte, zda-li jeho balen\u00ed odpov\u00eddaj\u00ed relevantn\u00edm norm\u00e1m a p\u0159edpis\u016fm. D\u00edky n\u00e1kupu u n\u00e1s V\u00e1m odpadaj\u00ed jak\u00e9koliv starosti s evropsk\u00fdmi \u010di n\u00e1rodn\u00edmi normami: v\u0161echny na\u0161e <strong>krabice, d\u0159ev\u011bn\u00e9 bedny <\/strong>a dal\u0161\u00ed obaly spl\u0148uj\u00ed krit\u00e9ria mezin\u00e1rodn\u00edch i tuzemsk\u00fdch\u00a0pr\u00e1vn\u00edch p\u0159edpis\u016f o \u017eivotn\u00edm prost\u0159ed\u00ed \u2013 94\/62\/CE, ISPM 15, ROHS, WRRR atd.<\/p>\n","protected":false},"excerpt":{"rendered":"<p>P\u0159ihod\u00ed se V\u00e1m ob\u010das situace,\u00a0\u00a0kdy zpozorujete na n\u011bjak\u00e9m v\u00fdrobku logo nebo ozna\u010den\u00ed a v t\u00e9 chv\u00edli skute\u010dn\u011b nev\u00edte, co tento symbol znamen\u00e1? Nebo spat\u0159\u00edte\u00a0piktogram u krabice tvo\u0159en\u00fd z \u010dar, hv\u011bzd [&#8230;]<\/p>\n","protected":false},"author":8,"featured_media":11748,"comment_status":"open","ping_status":"open","sticky":false,"template":"","format":"standard","meta":{"_acf_changed":false,"footnotes":""},"categories":[1212,1205,1206],"tags":[1028,580,1084],"class_list":["post-7310","post","type-post","status-publish","format-standard","has-post-thumbnail","hentry","category-ekologie-v-obalech","category-nase-obaly-a-novinky","category-tipy-a-navody","tag-ekologie","tag-krabice","tag-produkty"],"acf":[],"yoast_head":"\n<title>V\u00fdznam symbol\u016f pro krabice a d\u0159ev\u011bn\u00e9 bedny... - Tipy a rady z oblasti logistiky, obal\u016f i p\u0159epravy | Rajapack<\/title>\n<meta name=\"robots\" content=\"index, follow, max-snippet:-1, max-image-preview:large, max-video-preview:-1\" \/>\n<link rel=\"canonical\" href=\"https:\/\/www.rajapack.cz\/blog-cz\/vyznam-symbolu-pro-krabice-drevene-bedny\" \/>\n<meta property=\"og:locale\" content=\"cs_CZ\" \/>\n<meta property=\"og:type\" content=\"article\" \/>\n<meta property=\"og:title\" content=\"V\u00fdznam symbol\u016f pro krabice a d\u0159ev\u011bn\u00e9 bedny... - Tipy a rady z oblasti logistiky, obal\u016f i p\u0159epravy | Rajapack\" \/>\n<meta property=\"og:description\" content=\"P\u0159ihod\u00ed se V\u00e1m ob\u010das situace,\u00a0\u00a0kdy zpozorujete na n\u011bjak\u00e9m v\u00fdrobku logo nebo ozna\u010den\u00ed a v t\u00e9 chv\u00edli skute\u010dn\u011b nev\u00edte, co tento symbol znamen\u00e1? Nebo spat\u0159\u00edte\u00a0piktogram u krabice tvo\u0159en\u00fd z \u010dar, hv\u011bzd [...]\" \/>\n<meta property=\"og:url\" content=\"https:\/\/www.rajapack.cz\/blog-cz\/vyznam-symbolu-pro-krabice-drevene-bedny\" \/>\n<meta property=\"og:site_name\" content=\"Tipy a rady z oblasti logistiky, obal\u016f i p\u0159epravy | Rajapack\" \/>\n<meta property=\"article:published_time\" content=\"2017-07-11T08:15:14+00:00\" \/>\n<meta property=\"article:modified_time\" content=\"2023-05-18T08:21:45+00:00\" \/>\n<meta property=\"og:image\" content=\"https:\/\/www.rajapack.cz\/blog-cz\/wp-content\/uploads\/symboly-pro-krabice-a-devne-bedny.jpg\" \/>\n\t<meta property=\"og:image:width\" content=\"690\" \/>\n\t<meta property=\"og:image:height\" content=\"380\" \/>\n\t<meta property=\"og:image:type\" content=\"image\/jpeg\" \/>\n<meta name=\"author\" content=\"Rajapack\" \/>\n<meta name=\"twitter:label1\" content=\"Napsal(a)\" \/>\n\t<meta name=\"twitter:data1\" content=\"Rajapack\" \/>\n\t<meta name=\"twitter:label2\" content=\"Odhadovan\u00e1 doba \u010dten\u00ed\" \/>\n\t<meta name=\"twitter:data2\" content=\"6 minut\" \/>\n<script type=\"application\/ld+json\" class=\"yoast-schema-graph\">{\n\t    \"@context\": \"https:\/\/schema.org\",\n\t    \"@graph\": [\n\t        {\n\t            \"@type\": \"WebPage\",\n\t            \"@id\": \"https:\/\/www.rajapack.cz\/blog-cz\/vyznam-symbolu-pro-krabice-drevene-bedny\",\n\t            \"url\": \"https:\/\/www.rajapack.cz\/blog-cz\/vyznam-symbolu-pro-krabice-drevene-bedny\",\n\t            \"name\": \"V\u00fdznam symbol\u016f pro krabice a d\u0159ev\u011bn\u00e9 bedny... - Tipy a rady z oblasti logistiky, obal\u016f i p\u0159epravy | Rajapack\",\n\t            \"isPartOf\": {\n\t                \"@id\": \"https:\/\/www.rajapack.cz\/blog-cz\/#website\"\n\t            },\n\t            \"primaryImageOfPage\": {\n\t                \"@id\": \"https:\/\/www.rajapack.cz\/blog-cz\/vyznam-symbolu-pro-krabice-drevene-bedny#primaryimage\"\n\t            },\n\t            \"image\": {\n\t                \"@id\": \"https:\/\/www.rajapack.cz\/blog-cz\/vyznam-symbolu-pro-krabice-drevene-bedny#primaryimage\"\n\t            },\n\t            \"thumbnailUrl\": \"https:\/\/www.rajapack.cz\/blog-cz\/wp-content\/uploads\/symboly-pro-krabice-a-devne-bedny.jpg\",\n\t            \"datePublished\": \"2017-07-11T08:15:14+00:00\",\n\t            \"dateModified\": \"2023-05-18T08:21:45+00:00\",\n\t            \"author\": {\n\t                \"@id\": \"https:\/\/www.rajapack.cz\/blog-cz\/#\/schema\/person\/77ba56a818b4c77c898d91f8bfa9cf72\"\n\t            },\n\t            \"inLanguage\": \"cs\",\n\t            \"potentialAction\": [\n\t                {\n\t                    \"@type\": \"ReadAction\",\n\t                    \"target\": [\n\t                        \"https:\/\/www.rajapack.cz\/blog-cz\/vyznam-symbolu-pro-krabice-drevene-bedny\"\n\t                    ]\n\t                }\n\t            ]\n\t        },\n\t        {\n\t            \"@type\": \"ImageObject\",\n\t            \"inLanguage\": \"cs\",\n\t            \"@id\": \"https:\/\/www.rajapack.cz\/blog-cz\/vyznam-symbolu-pro-krabice-drevene-bedny#primaryimage\",\n\t            \"url\": \"https:\/\/www.rajapack.cz\/blog-cz\/wp-content\/uploads\/symboly-pro-krabice-a-devne-bedny.jpg\",\n\t            \"contentUrl\": \"https:\/\/www.rajapack.cz\/blog-cz\/wp-content\/uploads\/symboly-pro-krabice-a-devne-bedny.jpg\",\n\t            \"width\": 690,\n\t            \"height\": 380\n\t        },\n\t        {\n\t            \"@type\": \"WebSite\",\n\t            \"@id\": \"https:\/\/www.rajapack.cz\/blog-cz\/#website\",\n\t            \"url\": \"https:\/\/www.rajapack.cz\/blog-cz\/\",\n\t            \"name\": \"Tipy a rady z oblasti logistiky, obal\u016f i p\u0159epravy | Rajapack\",\n\t            \"description\": \"Na\u010derpejte na na\u0161em blogu odborn\u00e9 tipy v oblasti logistiky i obal\u016f pro r\u016fzn\u00e9 typy balen\u00ed \u2714 Zaj\u00edmav\u00e9 \u010dl\u00e1nky a aktuality ze sv\u011bta obalov\u00fdch materi\u00e1l\u016f \u2714\",\n\t            \"potentialAction\": [\n\t                {\n\t                    \"@type\": \"SearchAction\",\n\t                    \"target\": {\n\t                        \"@type\": \"EntryPoint\",\n\t                        \"urlTemplate\": \"https:\/\/www.rajapack.cz\/blog-cz\/?s={search_term_string}\"\n\t                    },\n\t                    \"query-input\": \"required name=search_term_string\"\n\t                }\n\t            ],\n\t            \"inLanguage\": \"cs\"\n\t        },\n\t        {\n\t            \"@type\": \"Person\",\n\t            \"@id\": \"https:\/\/www.rajapack.cz\/blog-cz\/#\/schema\/person\/77ba56a818b4c77c898d91f8bfa9cf72\",\n\t            \"name\": \"Rajapack\",\n\t            \"image\": {\n\t                \"@type\": \"ImageObject\",\n\t                \"inLanguage\": \"cs\",\n\t                \"@id\": \"https:\/\/www.rajapack.cz\/blog-cz\/#\/schema\/person\/image\/\",\n\t                \"url\": \"https:\/\/secure.gravatar.com\/avatar\/6efbc202a3ea3ffdfe4ebb018a321896?s=96&d=mm&r=g\",\n\t                \"contentUrl\": \"https:\/\/secure.gravatar.com\/avatar\/6efbc202a3ea3ffdfe4ebb018a321896?s=96&d=mm&r=g\",\n\t                \"caption\": \"Rajapack\"\n\t            },\n\t            \"sameAs\": [\n\t                \"http:\/\/www.rajapack.de\"\n\t            ],\n\t            \"url\": \"https:\/\/www.rajapack.cz\/blog-cz\/author\/khunger\"\n\t        }\n\t    ]\n\t}<\/script>\n","yoast_head_json":{"title":"V\u00fdznam symbol\u016f pro krabice a d\u0159ev\u011bn\u00e9 bedny... - Tipy a rady z oblasti logistiky, obal\u016f i p\u0159epravy | Rajapack","robots":{"index":"index","follow":"follow","max-snippet":"max-snippet:-1","max-image-preview":"max-image-preview:large","max-video-preview":"max-video-preview:-1"},"canonical":"https:\/\/www.rajapack.cz\/blog-cz\/vyznam-symbolu-pro-krabice-drevene-bedny","og_locale":"cs_CZ","og_type":"article","og_title":"V\u00fdznam symbol\u016f pro krabice a d\u0159ev\u011bn\u00e9 bedny... - Tipy a rady z oblasti logistiky, obal\u016f i p\u0159epravy | Rajapack","og_description":"P\u0159ihod\u00ed se V\u00e1m ob\u010das situace,\u00a0\u00a0kdy zpozorujete na n\u011bjak\u00e9m v\u00fdrobku logo nebo ozna\u010den\u00ed a v t\u00e9 chv\u00edli skute\u010dn\u011b nev\u00edte, co tento symbol znamen\u00e1? Nebo spat\u0159\u00edte\u00a0piktogram u krabice tvo\u0159en\u00fd z \u010dar, hv\u011bzd [...]","og_url":"https:\/\/www.rajapack.cz\/blog-cz\/vyznam-symbolu-pro-krabice-drevene-bedny","og_site_name":"Tipy a rady z oblasti logistiky, obal\u016f i p\u0159epravy | Rajapack","article_published_time":"2017-07-11T08:15:14+00:00","article_modified_time":"2023-05-18T08:21:45+00:00","og_image":[{"width":690,"height":380,"url":"https:\/\/www.rajapack.cz\/blog-cz\/wp-content\/uploads\/symboly-pro-krabice-a-devne-bedny.jpg","type":"image\/jpeg"}],"author":"Rajapack","twitter_misc":{"Napsal(a)":"Rajapack","Odhadovan\u00e1 doba \u010dten\u00ed":"6 minut"},"schema":{"@context":"https:\/\/schema.org","@graph":[{"@type":"WebPage","@id":"https:\/\/www.rajapack.cz\/blog-cz\/vyznam-symbolu-pro-krabice-drevene-bedny","url":"https:\/\/www.rajapack.cz\/blog-cz\/vyznam-symbolu-pro-krabice-drevene-bedny","name":"V\u00fdznam symbol\u016f pro krabice a d\u0159ev\u011bn\u00e9 bedny... - Tipy a rady z oblasti logistiky, obal\u016f i p\u0159epravy | Rajapack","isPartOf":{"@id":"https:\/\/www.rajapack.cz\/blog-cz\/#website"},"primaryImageOfPage":{"@id":"https:\/\/www.rajapack.cz\/blog-cz\/vyznam-symbolu-pro-krabice-drevene-bedny#primaryimage"},"image":{"@id":"https:\/\/www.rajapack.cz\/blog-cz\/vyznam-symbolu-pro-krabice-drevene-bedny#primaryimage"},"thumbnailUrl":"https:\/\/www.rajapack.cz\/blog-cz\/wp-content\/uploads\/symboly-pro-krabice-a-devne-bedny.jpg","datePublished":"2017-07-11T08:15:14+00:00","dateModified":"2023-05-18T08:21:45+00:00","author":{"@id":"https:\/\/www.rajapack.cz\/blog-cz\/#\/schema\/person\/77ba56a818b4c77c898d91f8bfa9cf72"},"inLanguage":"cs","potentialAction":[{"@type":"ReadAction","target":["https:\/\/www.rajapack.cz\/blog-cz\/vyznam-symbolu-pro-krabice-drevene-bedny"]}]},{"@type":"ImageObject","inLanguage":"cs","@id":"https:\/\/www.rajapack.cz\/blog-cz\/vyznam-symbolu-pro-krabice-drevene-bedny#primaryimage","url":"https:\/\/www.rajapack.cz\/blog-cz\/wp-content\/uploads\/symboly-pro-krabice-a-devne-bedny.jpg","contentUrl":"https:\/\/www.rajapack.cz\/blog-cz\/wp-content\/uploads\/symboly-pro-krabice-a-devne-bedny.jpg","width":690,"height":380},{"@type":"WebSite","@id":"https:\/\/www.rajapack.cz\/blog-cz\/#website","url":"https:\/\/www.rajapack.cz\/blog-cz\/","name":"Tipy a rady z oblasti logistiky, obal\u016f i p\u0159epravy | Rajapack","description":"Na\u010derpejte na na\u0161em blogu odborn\u00e9 tipy v oblasti logistiky i obal\u016f pro r\u016fzn\u00e9 typy balen\u00ed \u2714 Zaj\u00edmav\u00e9 \u010dl\u00e1nky a aktuality ze sv\u011bta obalov\u00fdch materi\u00e1l\u016f \u2714","potentialAction":[{"@type":"SearchAction","target":{"@type":"EntryPoint","urlTemplate":"https:\/\/www.rajapack.cz\/blog-cz\/?s={search_term_string}"},"query-input":"required name=search_term_string"}],"inLanguage":"cs"},{"@type":"Person","@id":"https:\/\/www.rajapack.cz\/blog-cz\/#\/schema\/person\/77ba56a818b4c77c898d91f8bfa9cf72","name":"Rajapack","image":{"@type":"ImageObject","inLanguage":"cs","@id":"https:\/\/www.rajapack.cz\/blog-cz\/#\/schema\/person\/image\/","url":"https:\/\/secure.gravatar.com\/avatar\/6efbc202a3ea3ffdfe4ebb018a321896?s=96&d=mm&r=g","contentUrl":"https:\/\/secure.gravatar.com\/avatar\/6efbc202a3ea3ffdfe4ebb018a321896?s=96&d=mm&r=g","caption":"Rajapack"},"sameAs":["http:\/\/www.rajapack.de"],"url":"https:\/\/www.rajapack.cz\/blog-cz\/author\/khunger"}]}},"_links":{"self":[{"href":"https:\/\/www.rajapack.cz\/blog-cz\/wp-json\/wp\/v2\/posts\/7310"}],"collection":[{"href":"https:\/\/www.rajapack.cz\/blog-cz\/wp-json\/wp\/v2\/posts"}],"about":[{"href":"https:\/\/www.rajapack.cz\/blog-cz\/wp-json\/wp\/v2\/types\/post"}],"author":[{"embeddable":true,"href":"https:\/\/www.rajapack.cz\/blog-cz\/wp-json\/wp\/v2\/users\/8"}],"replies":[{"embeddable":true,"href":"https:\/\/www.rajapack.cz\/blog-cz\/wp-json\/wp\/v2\/comments?post=7310"}],"version-history":[{"count":0,"href":"https:\/\/www.rajapack.cz\/blog-cz\/wp-json\/wp\/v2\/posts\/7310\/revisions"}],"wp:featuredmedia":[{"embeddable":true,"href":"https:\/\/www.rajapack.cz\/blog-cz\/wp-json\/wp\/v2\/media\/11748"}],"wp:attachment":[{"href":"https:\/\/www.rajapack.cz\/blog-cz\/wp-json\/wp\/v2\/media?parent=7310"}],"wp:term":[{"taxonomy":"category","embeddable":true,"href":"https:\/\/www.rajapack.cz\/blog-cz\/wp-json\/wp\/v2\/categories?post=7310"},{"taxonomy":"post_tag","embeddable":true,"href":"https:\/\/www.rajapack.cz\/blog-cz\/wp-json\/wp\/v2\/tags?post=7310"}],"curies":[{"name":"wp","href":"https:\/\/api.w.org\/{rel}","templated":true}]}}