{"id":4568,"date":"2013-12-18T11:08:33","date_gmt":"2013-12-18T10:08:33","guid":{"rendered":"http:\/\/obaloviny.rajapack.cz\/?p=4568"},"modified":"2023-03-07T16:28:21","modified_gmt":"2023-03-07T15:28:21","slug":"strecove-palety-zimni-kabat-pro-vase-palety","status":"publish","type":"post","link":"https:\/\/www.rajapack.cz\/blog-cz\/strecove-palety-zimni-kabat-pro-vase-palety","title":{"rendered":"Stre\u010dov\u00e9 f\u00f3lie jako zimn\u00ed &#8222;kab\u00e1t&#8220; pro Va\u0161e palety"},"content":{"rendered":"<p>Jak\u00fd bude barevn\u00fd trend v p\u0159\u00ed\u0161t\u00edm roce? Zv\u00fdrazn\u00edte v\u0161e ostrou \u017elutou nebo s\u00e1hneme op\u011bt po klasick\u00e9 \u010dern\u00e9 nebo pr\u016fhledn\u00e9?<\/p>\n<p>Vzhledem k tomu, \u017ee m\u00e1me zna\u010dnou \u010d\u00e1st nehostinn\u00e9ho zimn\u00edho obdob\u00ed je\u0161t\u011b p\u0159ed sebou, nen\u00ed marn\u00e9 pozastavit se nad t\u00edm, co ud\u011blat pro to, abychom v p\u0159\u00edpad\u011b sychrav\u00e9ho po\u010das\u00ed, sn\u011bhu \u010di jin\u00e9ho nep\u0159\u00edzniv\u00e9ho klimatu, ochr\u00e1nili na\u0161e palety a jejich n\u00e1klad. Stejn\u011b tak, jako se i m\u00f3dn\u00ed sv\u011bt p\u0159izp\u016fsobuje de\u0161ti, sn\u011bhu i zim\u011b, je pot\u0159eba vz\u00edt v \u00favahu, \u017ee tyto vlivy po\u010das\u00ed hraj\u00ed velkou roli tak\u00e9 v p\u0159eprav\u011b a logistice.<\/p>\n<p>Apropos \u201erole\u201c, to u\u017e jsme vlastn\u011b u na\u0161eho t\u00e9matu: na\u0161imi chytr\u00fdmi pomocn\u00edky jsou v tomto p\u0159\u00edpad\u011b role barevn\u00e9 stre\u010dov\u00e9 f\u00f3lie. \u00a0Jejich funkc\u00ed je chr\u00e1nit Va\u0161e zbo\u017e\u00ed p\u0159ed vlhkem, prachem a jin\u00fdmi ne\u010distotami. Stejn\u011b jako jin\u00e9 <a href=\"http:\/\/www.rajapack.cz\/paletizace-folie\/rucni-stretch-folie.html\">ru\u010dn\u00ed stre\u010dov\u00e9 f\u00f3lie v \u0161irok\u00e9 nab\u00eddce<\/a> Rajapack\u00a0 jsou tyto f\u00f3lie tak\u00e9 elastick\u00e9 a optim\u00e1ln\u011b se p\u0159izp\u016fsob\u00ed libovoln\u00e9m tvaru n\u00e1kladu. Nez\u00e1le\u017e\u00ed tedy, zda-li chcete obalit velkou \u010di malou paletu.<\/p>\n<p>Te\u010f ale p\u0159ijde na \u0159adu barva! <strong>D\u00edky r\u016fznobarevn\u00fdm f\u00f3li\u00edm <\/strong>\u00a0ve \u017elut\u00e9, \u010derven\u00e9, modr\u00e9, \u010dern\u00e9 \u010di jin\u00e9 barv\u011b m\u016f\u017eete va\u0161e palety t\u0159\u00eddit a viditeln\u011b ozna\u010dit p\u0159\u00edmo b\u011bhem logistick\u00e9ho procesu. Podle r\u016fzn\u00fdch barev f\u00f3lie je mo\u017eno rozli\u0161it zbo\u017e\u00ed ve skladu, na p\u0159\u00edjmu nebo produkty ur\u010den\u00e9 k vyskladn\u011bn\u00ed \u010di ozna\u010dit jednotliv\u00e9 palety dle PS\u010c dle dod\u00e1n\u00ed.\u00a0 D\u00edky barevn\u00e9mu rozli\u0161en\u00ed je z\u00e1m\u011bna p\u0159i distribuci tak\u0159ka vylou\u010dena. Prost\u0159ednictv\u00edm barevn\u00fdch stretch f\u00f3li\u00ed z\u00edsk\u00e1te praktick\u00e9 obalov\u00e9 \u0159e\u0161en\u00ed a p\u0159ehled ve Va\u0161em provozu!<\/p>\n<p>Nav\u00edc va\u0161e zbo\u017e\u00ed nejen zabezpe\u010d\u00edte v\u016f\u010di po\u0161kozen\u00ed, ale tak\u00e9 ochr\u00e1n\u00edte je p\u0159ed UV z\u00e1\u0159en\u00edm i v\u016f\u010di zrak\u016fm zv\u011bdav\u00fdch\u00a0a nepovolan\u00fdch osob.\u00a0 Va\u0161e produkty jsou tak d\u00edky zakryt\u00e9mu n\u00e1kladu l\u00e9pe chr\u00e1n\u011bny proti kr\u00e1de\u017ei v pr\u016fb\u011bhu cel\u00e9 p\u0159epravy a\u017e do m\u00edsta ur\u010den\u00ed.<\/p>\n<p>J\u00edt\u00a0s\u00a0pestrobarevnou\u00a0m\u00f3dou m\u00e1 tedy v\u00fdhody a nav\u00edc \u2013 takov\u00fd barevn\u00fd \u201eochrann\u00fd kab\u00e1tek\u201c\u00a0 prost\u011b vypad\u00e1 skv\u011ble!<\/p>\n","protected":false},"excerpt":{"rendered":"<p>Jak\u00fd bude barevn\u00fd trend v p\u0159\u00ed\u0161t\u00edm roce? Zv\u00fdrazn\u00edte v\u0161e ostrou \u017elutou nebo s\u00e1hneme op\u011bt po klasick\u00e9 \u010dern\u00e9 nebo pr\u016fhledn\u00e9? Vzhledem k tomu, \u017ee m\u00e1me zna\u010dnou \u010d\u00e1st nehostinn\u00e9ho zimn\u00edho obdob\u00ed je\u0161t\u011b [&#8230;]<\/p>\n","protected":false},"author":8,"featured_media":8857,"comment_status":"open","ping_status":"open","sticky":false,"template":"","format":"standard","meta":{"_acf_changed":false,"footnotes":""},"categories":[1208,1205],"tags":[1211,1084,812],"class_list":["post-4568","post","type-post","status-publish","format-standard","has-post-thumbnail","hentry","category-logistika-a-e-commerce","category-nase-obaly-a-novinky","tag-logistika","tag-produkty","tag-skladovani"],"acf":[],"yoast_head":"\n<title>Stre\u010dov\u00e9 f\u00f3lie jako zimn\u00ed &quot;kab\u00e1t&quot; pro Va\u0161e palety - Tipy a rady z oblasti logistiky, obal\u016f i p\u0159epravy | Rajapack<\/title>\n<meta name=\"robots\" content=\"index, follow, max-snippet:-1, max-image-preview:large, max-video-preview:-1\" \/>\n<link rel=\"canonical\" href=\"https:\/\/www.rajapack.cz\/blog-cz\/strecove-palety-zimni-kabat-pro-vase-palety\" \/>\n<meta property=\"og:locale\" content=\"cs_CZ\" \/>\n<meta property=\"og:type\" content=\"article\" \/>\n<meta property=\"og:title\" content=\"Stre\u010dov\u00e9 f\u00f3lie jako zimn\u00ed &quot;kab\u00e1t&quot; pro Va\u0161e palety - Tipy a rady z oblasti logistiky, obal\u016f i p\u0159epravy | Rajapack\" \/>\n<meta property=\"og:description\" content=\"Jak\u00fd bude barevn\u00fd trend v p\u0159\u00ed\u0161t\u00edm roce? Zv\u00fdrazn\u00edte v\u0161e ostrou \u017elutou nebo s\u00e1hneme op\u011bt po klasick\u00e9 \u010dern\u00e9 nebo pr\u016fhledn\u00e9? Vzhledem k tomu, \u017ee m\u00e1me zna\u010dnou \u010d\u00e1st nehostinn\u00e9ho zimn\u00edho obdob\u00ed je\u0161t\u011b [...]\" \/>\n<meta property=\"og:url\" content=\"https:\/\/www.rajapack.cz\/blog-cz\/strecove-palety-zimni-kabat-pro-vase-palety\" \/>\n<meta property=\"og:site_name\" content=\"Tipy a rady z oblasti logistiky, obal\u016f i p\u0159epravy | Rajapack\" \/>\n<meta property=\"article:published_time\" content=\"2013-12-18T10:08:33+00:00\" \/>\n<meta property=\"article:modified_time\" content=\"2023-03-07T15:28:21+00:00\" \/>\n<meta property=\"og:image\" content=\"https:\/\/www.rajapack.cz\/blog-cz\/wp-content\/uploads\/barevne-stretch-folie-rajapack.jpg\" \/>\n\t<meta property=\"og:image:width\" content=\"690\" \/>\n\t<meta property=\"og:image:height\" content=\"380\" \/>\n\t<meta property=\"og:image:type\" content=\"image\/jpeg\" \/>\n<meta name=\"author\" content=\"Rajapack\" \/>\n<meta name=\"twitter:label1\" content=\"Napsal(a)\" \/>\n\t<meta name=\"twitter:data1\" content=\"Rajapack\" \/>\n\t<meta name=\"twitter:label2\" content=\"Odhadovan\u00e1 doba \u010dten\u00ed\" \/>\n\t<meta name=\"twitter:data2\" content=\"2 minuty\" \/>\n<script type=\"application\/ld+json\" class=\"yoast-schema-graph\">{\n\t    \"@context\": \"https:\/\/schema.org\",\n\t    \"@graph\": [\n\t        {\n\t            \"@type\": \"WebPage\",\n\t            \"@id\": \"https:\/\/www.rajapack.cz\/blog-cz\/strecove-palety-zimni-kabat-pro-vase-palety\",\n\t            \"url\": \"https:\/\/www.rajapack.cz\/blog-cz\/strecove-palety-zimni-kabat-pro-vase-palety\",\n\t            \"name\": \"Stre\u010dov\u00e9 f\u00f3lie jako zimn\u00ed \\\"kab\u00e1t\\\" pro Va\u0161e palety - Tipy a rady z oblasti logistiky, obal\u016f i p\u0159epravy | Rajapack\",\n\t            \"isPartOf\": {\n\t                \"@id\": \"https:\/\/www.rajapack.cz\/blog-cz\/#website\"\n\t            },\n\t            \"primaryImageOfPage\": {\n\t                \"@id\": \"https:\/\/www.rajapack.cz\/blog-cz\/strecove-palety-zimni-kabat-pro-vase-palety#primaryimage\"\n\t            },\n\t            \"image\": {\n\t                \"@id\": \"https:\/\/www.rajapack.cz\/blog-cz\/strecove-palety-zimni-kabat-pro-vase-palety#primaryimage\"\n\t            },\n\t            \"thumbnailUrl\": \"https:\/\/www.rajapack.cz\/blog-cz\/wp-content\/uploads\/barevne-stretch-folie-rajapack.jpg\",\n\t            \"datePublished\": \"2013-12-18T10:08:33+00:00\",\n\t            \"dateModified\": \"2023-03-07T15:28:21+00:00\",\n\t            \"author\": {\n\t                \"@id\": \"https:\/\/www.rajapack.cz\/blog-cz\/#\/schema\/person\/77ba56a818b4c77c898d91f8bfa9cf72\"\n\t            },\n\t            \"inLanguage\": \"cs\",\n\t            \"potentialAction\": [\n\t                {\n\t                    \"@type\": \"ReadAction\",\n\t                    \"target\": [\n\t                        \"https:\/\/www.rajapack.cz\/blog-cz\/strecove-palety-zimni-kabat-pro-vase-palety\"\n\t                    ]\n\t                }\n\t            ]\n\t        },\n\t        {\n\t            \"@type\": \"ImageObject\",\n\t            \"inLanguage\": \"cs\",\n\t            \"@id\": \"https:\/\/www.rajapack.cz\/blog-cz\/strecove-palety-zimni-kabat-pro-vase-palety#primaryimage\",\n\t            \"url\": \"https:\/\/www.rajapack.cz\/blog-cz\/wp-content\/uploads\/barevne-stretch-folie-rajapack.jpg\",\n\t            \"contentUrl\": \"https:\/\/www.rajapack.cz\/blog-cz\/wp-content\/uploads\/barevne-stretch-folie-rajapack.jpg\",\n\t            \"width\": 690,\n\t            \"height\": 380,\n\t            \"caption\": \"Barevn\u00e9 stretch f\u00f3lie Rajapack\"\n\t        },\n\t        {\n\t            \"@type\": \"WebSite\",\n\t            \"@id\": \"https:\/\/www.rajapack.cz\/blog-cz\/#website\",\n\t            \"url\": \"https:\/\/www.rajapack.cz\/blog-cz\/\",\n\t            \"name\": \"Tipy a rady z oblasti logistiky, obal\u016f i p\u0159epravy | Rajapack\",\n\t            \"description\": \"Na\u010derpejte na na\u0161em blogu odborn\u00e9 tipy v oblasti logistiky i obal\u016f pro r\u016fzn\u00e9 typy balen\u00ed \u2714 Zaj\u00edmav\u00e9 \u010dl\u00e1nky a aktuality ze sv\u011bta obalov\u00fdch materi\u00e1l\u016f \u2714\",\n\t            \"potentialAction\": [\n\t                {\n\t                    \"@type\": \"SearchAction\",\n\t                    \"target\": {\n\t                        \"@type\": \"EntryPoint\",\n\t                        \"urlTemplate\": \"https:\/\/www.rajapack.cz\/blog-cz\/?s={search_term_string}\"\n\t                    },\n\t                    \"query-input\": \"required name=search_term_string\"\n\t                }\n\t            ],\n\t            \"inLanguage\": \"cs\"\n\t        },\n\t        {\n\t            \"@type\": \"Person\",\n\t            \"@id\": \"https:\/\/www.rajapack.cz\/blog-cz\/#\/schema\/person\/77ba56a818b4c77c898d91f8bfa9cf72\",\n\t            \"name\": \"Rajapack\",\n\t            \"image\": {\n\t                \"@type\": \"ImageObject\",\n\t                \"inLanguage\": \"cs\",\n\t                \"@id\": \"https:\/\/www.rajapack.cz\/blog-cz\/#\/schema\/person\/image\/\",\n\t                \"url\": \"https:\/\/secure.gravatar.com\/avatar\/6efbc202a3ea3ffdfe4ebb018a321896?s=96&d=mm&r=g\",\n\t                \"contentUrl\": \"https:\/\/secure.gravatar.com\/avatar\/6efbc202a3ea3ffdfe4ebb018a321896?s=96&d=mm&r=g\",\n\t                \"caption\": \"Rajapack\"\n\t            },\n\t            \"sameAs\": [\n\t                \"http:\/\/www.rajapack.de\"\n\t            ],\n\t            \"url\": \"https:\/\/www.rajapack.cz\/blog-cz\/author\/khunger\"\n\t        }\n\t    ]\n\t}<\/script>\n","yoast_head_json":{"title":"Stre\u010dov\u00e9 f\u00f3lie jako zimn\u00ed \"kab\u00e1t\" pro Va\u0161e palety - Tipy a rady z oblasti logistiky, obal\u016f i p\u0159epravy | Rajapack","robots":{"index":"index","follow":"follow","max-snippet":"max-snippet:-1","max-image-preview":"max-image-preview:large","max-video-preview":"max-video-preview:-1"},"canonical":"https:\/\/www.rajapack.cz\/blog-cz\/strecove-palety-zimni-kabat-pro-vase-palety","og_locale":"cs_CZ","og_type":"article","og_title":"Stre\u010dov\u00e9 f\u00f3lie jako zimn\u00ed \"kab\u00e1t\" pro Va\u0161e palety - Tipy a rady z oblasti logistiky, obal\u016f i p\u0159epravy | Rajapack","og_description":"Jak\u00fd bude barevn\u00fd trend v p\u0159\u00ed\u0161t\u00edm roce? Zv\u00fdrazn\u00edte v\u0161e ostrou \u017elutou nebo s\u00e1hneme op\u011bt po klasick\u00e9 \u010dern\u00e9 nebo pr\u016fhledn\u00e9? Vzhledem k tomu, \u017ee m\u00e1me zna\u010dnou \u010d\u00e1st nehostinn\u00e9ho zimn\u00edho obdob\u00ed je\u0161t\u011b [...]","og_url":"https:\/\/www.rajapack.cz\/blog-cz\/strecove-palety-zimni-kabat-pro-vase-palety","og_site_name":"Tipy a rady z oblasti logistiky, obal\u016f i p\u0159epravy | Rajapack","article_published_time":"2013-12-18T10:08:33+00:00","article_modified_time":"2023-03-07T15:28:21+00:00","og_image":[{"width":690,"height":380,"url":"https:\/\/www.rajapack.cz\/blog-cz\/wp-content\/uploads\/barevne-stretch-folie-rajapack.jpg","type":"image\/jpeg"}],"author":"Rajapack","twitter_misc":{"Napsal(a)":"Rajapack","Odhadovan\u00e1 doba \u010dten\u00ed":"2 minuty"},"schema":{"@context":"https:\/\/schema.org","@graph":[{"@type":"WebPage","@id":"https:\/\/www.rajapack.cz\/blog-cz\/strecove-palety-zimni-kabat-pro-vase-palety","url":"https:\/\/www.rajapack.cz\/blog-cz\/strecove-palety-zimni-kabat-pro-vase-palety","name":"Stre\u010dov\u00e9 f\u00f3lie jako zimn\u00ed \"kab\u00e1t\" pro Va\u0161e palety - Tipy a rady z oblasti logistiky, obal\u016f i p\u0159epravy | Rajapack","isPartOf":{"@id":"https:\/\/www.rajapack.cz\/blog-cz\/#website"},"primaryImageOfPage":{"@id":"https:\/\/www.rajapack.cz\/blog-cz\/strecove-palety-zimni-kabat-pro-vase-palety#primaryimage"},"image":{"@id":"https:\/\/www.rajapack.cz\/blog-cz\/strecove-palety-zimni-kabat-pro-vase-palety#primaryimage"},"thumbnailUrl":"https:\/\/www.rajapack.cz\/blog-cz\/wp-content\/uploads\/barevne-stretch-folie-rajapack.jpg","datePublished":"2013-12-18T10:08:33+00:00","dateModified":"2023-03-07T15:28:21+00:00","author":{"@id":"https:\/\/www.rajapack.cz\/blog-cz\/#\/schema\/person\/77ba56a818b4c77c898d91f8bfa9cf72"},"inLanguage":"cs","potentialAction":[{"@type":"ReadAction","target":["https:\/\/www.rajapack.cz\/blog-cz\/strecove-palety-zimni-kabat-pro-vase-palety"]}]},{"@type":"ImageObject","inLanguage":"cs","@id":"https:\/\/www.rajapack.cz\/blog-cz\/strecove-palety-zimni-kabat-pro-vase-palety#primaryimage","url":"https:\/\/www.rajapack.cz\/blog-cz\/wp-content\/uploads\/barevne-stretch-folie-rajapack.jpg","contentUrl":"https:\/\/www.rajapack.cz\/blog-cz\/wp-content\/uploads\/barevne-stretch-folie-rajapack.jpg","width":690,"height":380,"caption":"Barevn\u00e9 stretch f\u00f3lie Rajapack"},{"@type":"WebSite","@id":"https:\/\/www.rajapack.cz\/blog-cz\/#website","url":"https:\/\/www.rajapack.cz\/blog-cz\/","name":"Tipy a rady z oblasti logistiky, obal\u016f i p\u0159epravy | Rajapack","description":"Na\u010derpejte na na\u0161em blogu odborn\u00e9 tipy v oblasti logistiky i obal\u016f pro r\u016fzn\u00e9 typy balen\u00ed \u2714 Zaj\u00edmav\u00e9 \u010dl\u00e1nky a aktuality ze sv\u011bta obalov\u00fdch materi\u00e1l\u016f \u2714","potentialAction":[{"@type":"SearchAction","target":{"@type":"EntryPoint","urlTemplate":"https:\/\/www.rajapack.cz\/blog-cz\/?s={search_term_string}"},"query-input":"required name=search_term_string"}],"inLanguage":"cs"},{"@type":"Person","@id":"https:\/\/www.rajapack.cz\/blog-cz\/#\/schema\/person\/77ba56a818b4c77c898d91f8bfa9cf72","name":"Rajapack","image":{"@type":"ImageObject","inLanguage":"cs","@id":"https:\/\/www.rajapack.cz\/blog-cz\/#\/schema\/person\/image\/","url":"https:\/\/secure.gravatar.com\/avatar\/6efbc202a3ea3ffdfe4ebb018a321896?s=96&d=mm&r=g","contentUrl":"https:\/\/secure.gravatar.com\/avatar\/6efbc202a3ea3ffdfe4ebb018a321896?s=96&d=mm&r=g","caption":"Rajapack"},"sameAs":["http:\/\/www.rajapack.de"],"url":"https:\/\/www.rajapack.cz\/blog-cz\/author\/khunger"}]}},"_links":{"self":[{"href":"https:\/\/www.rajapack.cz\/blog-cz\/wp-json\/wp\/v2\/posts\/4568"}],"collection":[{"href":"https:\/\/www.rajapack.cz\/blog-cz\/wp-json\/wp\/v2\/posts"}],"about":[{"href":"https:\/\/www.rajapack.cz\/blog-cz\/wp-json\/wp\/v2\/types\/post"}],"author":[{"embeddable":true,"href":"https:\/\/www.rajapack.cz\/blog-cz\/wp-json\/wp\/v2\/users\/8"}],"replies":[{"embeddable":true,"href":"https:\/\/www.rajapack.cz\/blog-cz\/wp-json\/wp\/v2\/comments?post=4568"}],"version-history":[{"count":0,"href":"https:\/\/www.rajapack.cz\/blog-cz\/wp-json\/wp\/v2\/posts\/4568\/revisions"}],"wp:featuredmedia":[{"embeddable":true,"href":"https:\/\/www.rajapack.cz\/blog-cz\/wp-json\/wp\/v2\/media\/8857"}],"wp:attachment":[{"href":"https:\/\/www.rajapack.cz\/blog-cz\/wp-json\/wp\/v2\/media?parent=4568"}],"wp:term":[{"taxonomy":"category","embeddable":true,"href":"https:\/\/www.rajapack.cz\/blog-cz\/wp-json\/wp\/v2\/categories?post=4568"},{"taxonomy":"post_tag","embeddable":true,"href":"https:\/\/www.rajapack.cz\/blog-cz\/wp-json\/wp\/v2\/tags?post=4568"}],"curies":[{"name":"wp","href":"https:\/\/api.w.org\/{rel}","templated":true}]}}