{"id":4024,"date":"2013-04-05T16:58:15","date_gmt":"2013-04-05T14:58:15","guid":{"rendered":"http:\/\/obaloviny.rajapack.cz\/?p=4024"},"modified":"2023-03-20T08:59:06","modified_gmt":"2023-03-20T07:59:06","slug":"navstivte-rajapack-na-veletrhu-for-industry-2013","status":"publish","type":"post","link":"https:\/\/www.rajapack.cz\/blog-cz\/navstivte-rajapack-na-veletrhu-for-industry-2013","title":{"rendered":"Nav\u0161tivte RAJAPACK na veletrhu FOR INDUSTRY 2013"},"content":{"rendered":"<p>Od 23. do 25. dubna 2013 se ve veletr\u017en\u00edm are\u00e1lu Expo Praha kon\u00e1 v\u00fdznamn\u00fd mezin\u00e1rodn\u00ed veletrh stroj\u00edrensk\u00fdch technologi\u00ed a navazuj\u00edc\u00edch pr\u016fmyslov\u00fdch obor\u016f <a href=\"http:\/\/www.forindustry.cz\/2013\/cz\/intercept.asp\">FOR INDUSTRY 2013<\/a>.<\/p>\n<p>D\u00edky rozs\u00e1hl\u00e9 nab\u00eddce v\u00edce ne\u017e 4.500 v\u00fdrobk\u016f v oblasti obal\u016f a obalov\u00fdch materi\u00e1l\u016f nab\u00edz\u00ed pr\u00e1v\u011b Rajapack optim\u00e1ln\u00ed obalov\u00e1 \u0159e\u0161en\u00ed pro balen\u00ed, manipulaci i skladov\u00e1n\u00ed pro jak\u00e9koliv odv\u011btv\u00ed pr\u016fmyslu. V sortimentu naleznete\u00a0<a href=\"http:\/\/www.rajapack.cz\/kartonove-krabice-kontejnery\/klopove-lepenkove-krabice.html\">klopov\u00e9 krabice<\/a> z kraftu pro p\u0159epravu i skladov\u00e1n\u00ed, lepenkov\u00e9 kontejnery \u010di d\u0159ev\u011bn\u00e9 bedny pro export, v\u00e1zac\u00ed p\u00e1sky pro fixaci zbo\u017e\u00ed \u010di paletov\u00e9ho n\u00e1kladu, bublinkov\u00e9 f\u00f3lie, vlnit\u00e1 lepenka, balic\u00ed pap\u00edry pro ochranu v\u00fdrobk\u016f v obalech, etikety, stretch f\u00f3lie, prolo\u017eky, paletov\u00e9 voz\u00edky, palety a spoustu dal\u0161\u00edch efektivn\u00edch obalov\u00fdch produkt\u016f.<\/p>\n<p>Ned\u00edlnou sou\u010d\u00e1st\u00ed sortimentu tvo\u0159\u00ed <a href=\"http:\/\/www.rajapack.cz\/obalova-technika-balici-stroje.html\">obalov\u00e1 technika<\/a> pro individ\u00e1ln\u00ed v\u00fdrobu v\u00fdpln\u00ed do krabic, ovinovac\u00ed stroje, bal\u00edc\u00ed stroje, p\u00e1skovac\u00ed stroje\u2026 \u201eNa veletrhu FOR INDUSTRY budeme prezentovat nejen na\u0161e obaly a balic\u00ed materi\u00e1ly, ale chyst\u00e1me se p\u0159edstavit tak\u00e9 n\u011bkolik na\u0161ich obalov\u00fdch stroj\u016f. N\u00e1v\u0161t\u011bvn\u00edk\u016fm bychom tak cht\u011bli prezentovat jak snadn\u00e1 je manipulace a v\u00fdroba nap\u0159. v\u00fdpln\u00ed prost\u0159. stroj\u016f na v\u00fdrobu v\u00fdpl\u0148ov\u00fdch materi\u00e1l\u016f. &#8222;\u010casto se vyplat\u00ed vyu\u017eit\u00ed t\u00e9to techniky pro individu\u00e1ln\u00ed produkci ji\u017e od relativn\u011b n\u00edzk\u00e9 spot\u0159eby v\u00fdpln\u011b za den\u201e dod\u00e1v\u00e1 Mgr. Gabriela Fabianov\u00e1, Country mana\u017eerka spole\u010dnosti Rajapack.<\/p>\n<p>Chcete se dozv\u011bd\u011bt dal\u0161\u00ed tipy od obalov\u00fdch profesion\u00e1l\u016f? Pak n\u00e1s nev\u00e1hejte nav\u0161t\u00edvit <strong>na expozi\u010dn\u00edm<\/strong> <strong>st\u00e1nku \u010d. 3A 2 ve v\u00fdstavn\u00ed hale \u010d. 3<\/strong>.<\/p>\n<p>T\u011b\u0161\u00edme se na v\u00e1s!<\/p>\n<p>V\u00e1\u0161 t\u00fdm Rajapack<\/p>\n","protected":false},"excerpt":{"rendered":"<p>Od 23. do 25. dubna 2013 se ve veletr\u017en\u00edm are\u00e1lu Expo Praha kon\u00e1 v\u00fdznamn\u00fd mezin\u00e1rodn\u00ed veletrh stroj\u00edrensk\u00fdch technologi\u00ed a navazuj\u00edc\u00edch pr\u016fmyslov\u00fdch obor\u016f FOR INDUSTRY 2013. D\u00edky rozs\u00e1hl\u00e9 nab\u00eddce v\u00edce ne\u017e [&#8230;]<\/p>\n","protected":false},"author":8,"featured_media":8728,"comment_status":"open","ping_status":"open","sticky":false,"template":"","format":"standard","meta":{"_acf_changed":false,"footnotes":""},"categories":[1208,1209],"tags":[168,1210,1084,1026],"class_list":["post-4024","post","type-post","status-publish","format-standard","has-post-thumbnail","hentry","category-logistika-a-e-commerce","category-udalosti-v-rajapack","tag-e-commerce","tag-firemni-udalosti","tag-produkty","tag-sluzby"],"acf":[],"yoast_head":"\n<title>Nav\u0161tivte RAJAPACK na veletrhu FOR INDUSTRY 2013 - Tipy a rady z oblasti logistiky, obal\u016f i p\u0159epravy | Rajapack<\/title>\n<meta name=\"robots\" content=\"index, follow, max-snippet:-1, max-image-preview:large, max-video-preview:-1\" \/>\n<link rel=\"canonical\" href=\"https:\/\/www.rajapack.cz\/blog-cz\/navstivte-rajapack-na-veletrhu-for-industry-2013\" \/>\n<meta property=\"og:locale\" content=\"cs_CZ\" \/>\n<meta property=\"og:type\" content=\"article\" \/>\n<meta property=\"og:title\" content=\"Nav\u0161tivte RAJAPACK na veletrhu FOR INDUSTRY 2013 - Tipy a rady z oblasti logistiky, obal\u016f i p\u0159epravy | Rajapack\" \/>\n<meta property=\"og:description\" content=\"Od 23. do 25. dubna 2013 se ve veletr\u017en\u00edm are\u00e1lu Expo Praha kon\u00e1 v\u00fdznamn\u00fd mezin\u00e1rodn\u00ed veletrh stroj\u00edrensk\u00fdch technologi\u00ed a navazuj\u00edc\u00edch pr\u016fmyslov\u00fdch obor\u016f FOR INDUSTRY 2013. D\u00edky rozs\u00e1hl\u00e9 nab\u00eddce v\u00edce ne\u017e [...]\" \/>\n<meta property=\"og:url\" content=\"https:\/\/www.rajapack.cz\/blog-cz\/navstivte-rajapack-na-veletrhu-for-industry-2013\" \/>\n<meta property=\"og:site_name\" content=\"Tipy a rady z oblasti logistiky, obal\u016f i p\u0159epravy | Rajapack\" \/>\n<meta property=\"article:published_time\" content=\"2013-04-05T14:58:15+00:00\" \/>\n<meta property=\"article:modified_time\" content=\"2023-03-20T07:59:06+00:00\" \/>\n<meta property=\"og:image\" content=\"https:\/\/www.rajapack.cz\/blog-cz\/wp-content\/uploads\/rajapack-na-veletrhu-for-industry-2013.jpg\" \/>\n\t<meta property=\"og:image:width\" content=\"690\" \/>\n\t<meta property=\"og:image:height\" content=\"380\" \/>\n\t<meta property=\"og:image:type\" content=\"image\/jpeg\" \/>\n<meta name=\"author\" content=\"Rajapack\" \/>\n<meta name=\"twitter:label1\" content=\"Napsal(a)\" \/>\n\t<meta name=\"twitter:data1\" content=\"Rajapack\" \/>\n\t<meta name=\"twitter:label2\" content=\"Odhadovan\u00e1 doba \u010dten\u00ed\" \/>\n\t<meta name=\"twitter:data2\" content=\"2 minuty\" \/>\n<script type=\"application\/ld+json\" class=\"yoast-schema-graph\">{\n\t    \"@context\": \"https:\/\/schema.org\",\n\t    \"@graph\": [\n\t        {\n\t            \"@type\": \"WebPage\",\n\t            \"@id\": \"https:\/\/www.rajapack.cz\/blog-cz\/navstivte-rajapack-na-veletrhu-for-industry-2013\",\n\t            \"url\": \"https:\/\/www.rajapack.cz\/blog-cz\/navstivte-rajapack-na-veletrhu-for-industry-2013\",\n\t            \"name\": \"Nav\u0161tivte RAJAPACK na veletrhu FOR INDUSTRY 2013 - Tipy a rady z oblasti logistiky, obal\u016f i p\u0159epravy | Rajapack\",\n\t            \"isPartOf\": {\n\t                \"@id\": \"https:\/\/www.rajapack.cz\/blog-cz\/#website\"\n\t            },\n\t            \"primaryImageOfPage\": {\n\t                \"@id\": \"https:\/\/www.rajapack.cz\/blog-cz\/navstivte-rajapack-na-veletrhu-for-industry-2013#primaryimage\"\n\t            },\n\t            \"image\": {\n\t                \"@id\": \"https:\/\/www.rajapack.cz\/blog-cz\/navstivte-rajapack-na-veletrhu-for-industry-2013#primaryimage\"\n\t            },\n\t            \"thumbnailUrl\": \"https:\/\/www.rajapack.cz\/blog-cz\/wp-content\/uploads\/rajapack-na-veletrhu-for-industry-2013.jpg\",\n\t            \"datePublished\": \"2013-04-05T14:58:15+00:00\",\n\t            \"dateModified\": \"2023-03-20T07:59:06+00:00\",\n\t            \"author\": {\n\t                \"@id\": \"https:\/\/www.rajapack.cz\/blog-cz\/#\/schema\/person\/77ba56a818b4c77c898d91f8bfa9cf72\"\n\t            },\n\t            \"inLanguage\": \"cs\",\n\t            \"potentialAction\": [\n\t                {\n\t                    \"@type\": \"ReadAction\",\n\t                    \"target\": [\n\t                        \"https:\/\/www.rajapack.cz\/blog-cz\/navstivte-rajapack-na-veletrhu-for-industry-2013\"\n\t                    ]\n\t                }\n\t            ]\n\t        },\n\t        {\n\t            \"@type\": \"ImageObject\",\n\t            \"inLanguage\": \"cs\",\n\t            \"@id\": \"https:\/\/www.rajapack.cz\/blog-cz\/navstivte-rajapack-na-veletrhu-for-industry-2013#primaryimage\",\n\t            \"url\": \"https:\/\/www.rajapack.cz\/blog-cz\/wp-content\/uploads\/rajapack-na-veletrhu-for-industry-2013.jpg\",\n\t            \"contentUrl\": \"https:\/\/www.rajapack.cz\/blog-cz\/wp-content\/uploads\/rajapack-na-veletrhu-for-industry-2013.jpg\",\n\t            \"width\": 690,\n\t            \"height\": 380,\n\t            \"caption\": \"Rajapack na veletrhu For Industry 2013\"\n\t        },\n\t        {\n\t            \"@type\": \"WebSite\",\n\t            \"@id\": \"https:\/\/www.rajapack.cz\/blog-cz\/#website\",\n\t            \"url\": \"https:\/\/www.rajapack.cz\/blog-cz\/\",\n\t            \"name\": \"Tipy a rady z oblasti logistiky, obal\u016f i p\u0159epravy | Rajapack\",\n\t            \"description\": \"Na\u010derpejte na na\u0161em blogu odborn\u00e9 tipy v oblasti logistiky i obal\u016f pro r\u016fzn\u00e9 typy balen\u00ed \u2714 Zaj\u00edmav\u00e9 \u010dl\u00e1nky a aktuality ze sv\u011bta obalov\u00fdch materi\u00e1l\u016f \u2714\",\n\t            \"potentialAction\": [\n\t                {\n\t                    \"@type\": \"SearchAction\",\n\t                    \"target\": {\n\t                        \"@type\": \"EntryPoint\",\n\t                        \"urlTemplate\": \"https:\/\/www.rajapack.cz\/blog-cz\/?s={search_term_string}\"\n\t                    },\n\t                    \"query-input\": \"required name=search_term_string\"\n\t                }\n\t            ],\n\t            \"inLanguage\": \"cs\"\n\t        },\n\t        {\n\t            \"@type\": \"Person\",\n\t            \"@id\": \"https:\/\/www.rajapack.cz\/blog-cz\/#\/schema\/person\/77ba56a818b4c77c898d91f8bfa9cf72\",\n\t            \"name\": \"Rajapack\",\n\t            \"image\": {\n\t                \"@type\": \"ImageObject\",\n\t                \"inLanguage\": \"cs\",\n\t                \"@id\": \"https:\/\/www.rajapack.cz\/blog-cz\/#\/schema\/person\/image\/\",\n\t                \"url\": \"https:\/\/secure.gravatar.com\/avatar\/6efbc202a3ea3ffdfe4ebb018a321896?s=96&d=mm&r=g\",\n\t                \"contentUrl\": \"https:\/\/secure.gravatar.com\/avatar\/6efbc202a3ea3ffdfe4ebb018a321896?s=96&d=mm&r=g\",\n\t                \"caption\": \"Rajapack\"\n\t            },\n\t            \"sameAs\": [\n\t                \"http:\/\/www.rajapack.de\"\n\t            ],\n\t            \"url\": \"https:\/\/www.rajapack.cz\/blog-cz\/author\/khunger\"\n\t        }\n\t    ]\n\t}<\/script>\n","yoast_head_json":{"title":"Nav\u0161tivte RAJAPACK na veletrhu FOR INDUSTRY 2013 - Tipy a rady z oblasti logistiky, obal\u016f i p\u0159epravy | Rajapack","robots":{"index":"index","follow":"follow","max-snippet":"max-snippet:-1","max-image-preview":"max-image-preview:large","max-video-preview":"max-video-preview:-1"},"canonical":"https:\/\/www.rajapack.cz\/blog-cz\/navstivte-rajapack-na-veletrhu-for-industry-2013","og_locale":"cs_CZ","og_type":"article","og_title":"Nav\u0161tivte RAJAPACK na veletrhu FOR INDUSTRY 2013 - Tipy a rady z oblasti logistiky, obal\u016f i p\u0159epravy | Rajapack","og_description":"Od 23. do 25. dubna 2013 se ve veletr\u017en\u00edm are\u00e1lu Expo Praha kon\u00e1 v\u00fdznamn\u00fd mezin\u00e1rodn\u00ed veletrh stroj\u00edrensk\u00fdch technologi\u00ed a navazuj\u00edc\u00edch pr\u016fmyslov\u00fdch obor\u016f FOR INDUSTRY 2013. D\u00edky rozs\u00e1hl\u00e9 nab\u00eddce v\u00edce ne\u017e [...]","og_url":"https:\/\/www.rajapack.cz\/blog-cz\/navstivte-rajapack-na-veletrhu-for-industry-2013","og_site_name":"Tipy a rady z oblasti logistiky, obal\u016f i p\u0159epravy | Rajapack","article_published_time":"2013-04-05T14:58:15+00:00","article_modified_time":"2023-03-20T07:59:06+00:00","og_image":[{"width":690,"height":380,"url":"https:\/\/www.rajapack.cz\/blog-cz\/wp-content\/uploads\/rajapack-na-veletrhu-for-industry-2013.jpg","type":"image\/jpeg"}],"author":"Rajapack","twitter_misc":{"Napsal(a)":"Rajapack","Odhadovan\u00e1 doba \u010dten\u00ed":"2 minuty"},"schema":{"@context":"https:\/\/schema.org","@graph":[{"@type":"WebPage","@id":"https:\/\/www.rajapack.cz\/blog-cz\/navstivte-rajapack-na-veletrhu-for-industry-2013","url":"https:\/\/www.rajapack.cz\/blog-cz\/navstivte-rajapack-na-veletrhu-for-industry-2013","name":"Nav\u0161tivte RAJAPACK na veletrhu FOR INDUSTRY 2013 - Tipy a rady z oblasti logistiky, obal\u016f i p\u0159epravy | Rajapack","isPartOf":{"@id":"https:\/\/www.rajapack.cz\/blog-cz\/#website"},"primaryImageOfPage":{"@id":"https:\/\/www.rajapack.cz\/blog-cz\/navstivte-rajapack-na-veletrhu-for-industry-2013#primaryimage"},"image":{"@id":"https:\/\/www.rajapack.cz\/blog-cz\/navstivte-rajapack-na-veletrhu-for-industry-2013#primaryimage"},"thumbnailUrl":"https:\/\/www.rajapack.cz\/blog-cz\/wp-content\/uploads\/rajapack-na-veletrhu-for-industry-2013.jpg","datePublished":"2013-04-05T14:58:15+00:00","dateModified":"2023-03-20T07:59:06+00:00","author":{"@id":"https:\/\/www.rajapack.cz\/blog-cz\/#\/schema\/person\/77ba56a818b4c77c898d91f8bfa9cf72"},"inLanguage":"cs","potentialAction":[{"@type":"ReadAction","target":["https:\/\/www.rajapack.cz\/blog-cz\/navstivte-rajapack-na-veletrhu-for-industry-2013"]}]},{"@type":"ImageObject","inLanguage":"cs","@id":"https:\/\/www.rajapack.cz\/blog-cz\/navstivte-rajapack-na-veletrhu-for-industry-2013#primaryimage","url":"https:\/\/www.rajapack.cz\/blog-cz\/wp-content\/uploads\/rajapack-na-veletrhu-for-industry-2013.jpg","contentUrl":"https:\/\/www.rajapack.cz\/blog-cz\/wp-content\/uploads\/rajapack-na-veletrhu-for-industry-2013.jpg","width":690,"height":380,"caption":"Rajapack na veletrhu For Industry 2013"},{"@type":"WebSite","@id":"https:\/\/www.rajapack.cz\/blog-cz\/#website","url":"https:\/\/www.rajapack.cz\/blog-cz\/","name":"Tipy a rady z oblasti logistiky, obal\u016f i p\u0159epravy | Rajapack","description":"Na\u010derpejte na na\u0161em blogu odborn\u00e9 tipy v oblasti logistiky i obal\u016f pro r\u016fzn\u00e9 typy balen\u00ed \u2714 Zaj\u00edmav\u00e9 \u010dl\u00e1nky a aktuality ze sv\u011bta obalov\u00fdch materi\u00e1l\u016f \u2714","potentialAction":[{"@type":"SearchAction","target":{"@type":"EntryPoint","urlTemplate":"https:\/\/www.rajapack.cz\/blog-cz\/?s={search_term_string}"},"query-input":"required name=search_term_string"}],"inLanguage":"cs"},{"@type":"Person","@id":"https:\/\/www.rajapack.cz\/blog-cz\/#\/schema\/person\/77ba56a818b4c77c898d91f8bfa9cf72","name":"Rajapack","image":{"@type":"ImageObject","inLanguage":"cs","@id":"https:\/\/www.rajapack.cz\/blog-cz\/#\/schema\/person\/image\/","url":"https:\/\/secure.gravatar.com\/avatar\/6efbc202a3ea3ffdfe4ebb018a321896?s=96&d=mm&r=g","contentUrl":"https:\/\/secure.gravatar.com\/avatar\/6efbc202a3ea3ffdfe4ebb018a321896?s=96&d=mm&r=g","caption":"Rajapack"},"sameAs":["http:\/\/www.rajapack.de"],"url":"https:\/\/www.rajapack.cz\/blog-cz\/author\/khunger"}]}},"_links":{"self":[{"href":"https:\/\/www.rajapack.cz\/blog-cz\/wp-json\/wp\/v2\/posts\/4024"}],"collection":[{"href":"https:\/\/www.rajapack.cz\/blog-cz\/wp-json\/wp\/v2\/posts"}],"about":[{"href":"https:\/\/www.rajapack.cz\/blog-cz\/wp-json\/wp\/v2\/types\/post"}],"author":[{"embeddable":true,"href":"https:\/\/www.rajapack.cz\/blog-cz\/wp-json\/wp\/v2\/users\/8"}],"replies":[{"embeddable":true,"href":"https:\/\/www.rajapack.cz\/blog-cz\/wp-json\/wp\/v2\/comments?post=4024"}],"version-history":[{"count":0,"href":"https:\/\/www.rajapack.cz\/blog-cz\/wp-json\/wp\/v2\/posts\/4024\/revisions"}],"wp:featuredmedia":[{"embeddable":true,"href":"https:\/\/www.rajapack.cz\/blog-cz\/wp-json\/wp\/v2\/media\/8728"}],"wp:attachment":[{"href":"https:\/\/www.rajapack.cz\/blog-cz\/wp-json\/wp\/v2\/media?parent=4024"}],"wp:term":[{"taxonomy":"category","embeddable":true,"href":"https:\/\/www.rajapack.cz\/blog-cz\/wp-json\/wp\/v2\/categories?post=4024"},{"taxonomy":"post_tag","embeddable":true,"href":"https:\/\/www.rajapack.cz\/blog-cz\/wp-json\/wp\/v2\/tags?post=4024"}],"curies":[{"name":"wp","href":"https:\/\/api.w.org\/{rel}","templated":true}]}}