{"id":1385,"date":"2011-02-08T11:14:51","date_gmt":"2011-02-08T10:14:51","guid":{"rendered":"http:\/\/obaloviny.rajapack.cz\/?p=1385"},"modified":"2024-03-04T12:26:35","modified_gmt":"2024-03-04T11:26:35","slug":"iniciativa-prostretch-mejte-pri-nakupu-folii-oci-otevrene","status":"publish","type":"post","link":"https:\/\/www.rajapack.cz\/blog-cz\/iniciativa-prostretch-mejte-pri-nakupu-folii-oci-otevrene","title":{"rendered":"Iniciativa ProStretch: M\u011bjte p\u0159i n\u00e1kupu f\u00f3li\u00ed o\u010di otev\u0159en\u00e9!"},"content":{"rendered":"<p>Iniciativa ProStretch vyhl\u00e1sila p\u0159ed 14 lety v\u00e1lku nep\u0159esn\u00fdm a pochybn\u00fdm nab\u00eddk\u00e1m na trhu se stre\u010dov\u00fdmi f\u00f3liemi, a to dosti \u00fasp\u011b\u0161n\u011b. Po\u0159\u00e1d je ale co d\u011blat, nebo\u0165 z trhu je\u0161t\u011b nevymizely v\u0161echny \u010dern\u00e9 ovce.<\/p>\n<p><a href=\"http:\/\/prostretch.de\/engl\/index1.htm\">Iniciativa ProStretch<\/a> byla zalo\u017eena v roce 1997. Je organiza\u010dn\u011b napojena na Odborn\u00fd svaz obal\u016f v GKV (Svazu pr\u016fmyslu zpracov\u00e1n\u00ed um\u011bl\u00fdch hmot) a jej\u00edmi \u010dleny jsou vedouc\u00ed v\u00fdrobci a prodejci\u00a0nap\u00ednac\u00edch f\u00f3li\u00ed. Hlavn\u00edm c\u00edlem je dos\u00e1hnout spolupr\u00e1ce se z\u00e1kazn\u00edky, zalo\u017een\u00e9 na d\u016fv\u011b\u0159e a partnerstv\u00ed. Podn\u011btem pro zalo\u017een\u00ed byly st\u00e1le \u010dast\u011bj\u0161\u00ed nesrovnalosti na trhu s f\u00f3liemi, kter\u00e9 se vyskytuj\u00ed i dnes. R\u016fzn\u011b \u201ezak\u00f3dovan\u00e9\u201c nab\u00eddky jako nap\u0159. ozna\u010den\u00ed typu f\u00f3lie jsou pro z\u00e1kazn\u00edky t\u00e9m\u011b\u0159 ne\u010diteln\u00e9 a neumo\u017e\u0148uj\u00ed tak srovnateln\u00e9 porovn\u00e1n\u00ed ceny. Dal\u0161\u00edm d\u016fvodem jsou nep\u0159esn\u00e9 dod\u00e1vky s ni\u017e\u0161\u00ed tlou\u0161\u0165kou nebo d\u00e9lkou f\u00f3lie. Proveden\u00e9 kontroly prok\u00e1zaly, \u017ee z\u00e1kazn\u00edci obdr\u017eeli v n\u011bkter\u00fdch p\u0159\u00edpadech a\u017e o 30% m\u00e9n\u011b, ne\u017e si objednali. T\u00edm jsou znev\u00fdhodn\u011bni nejen z\u00e1kazn\u00edci, ale tak\u00e9 poctiv\u00ed obchodn\u00edci.<\/p>\n<p>Jako jeden z prvn\u00edch krok\u016f bylo vypracov\u00e1n\u00ed prohl\u00e1\u0161en\u00ed dodavatele, obsahuj\u00edc\u00ed z\u00e1vazn\u00e9 hodnoty maxim\u00e1ln\u00ed odchylky. T\u00edmto prohl\u00e1\u0161en\u00edm se v\u0161ichni \u010dlenov\u00e9 zavazuj\u00ed zna\u010dit ve\u0161ker\u00e9 hlavn\u00ed parametry, jako d\u00e9lka, \u0161\u00ed\u0159ka, tlou\u0161\u0165ka a hmotnost f\u00f3li\u00ed, p\u0159\u00edmo na obal. T\u00edm je zaji\u0161t\u011bna porovnatelnost a pr\u016fhlednost pro z\u00e1kazn\u00edky. V\u0161ichni \u010dlenov\u00e9 ProStretch se zavazuj\u00ed zna\u010dit sv\u00e9 f\u00f3lie jasn\u011b a jednozna\u010dn\u011b a nav\u00edc tak\u00e9 dodr\u017eovat dohodnut\u00e9 maxim\u00e1ln\u00ed odchylky.<\/p>\n<p>T\u00edm m\u00e1 z\u00e1kazn\u00edk mo\u017enost se proti nedostate\u010dn\u00e9 dod\u00e1vce a z n\u00ed vznikl\u00e9 finan\u010dn\u00ed \u00fajm\u011b pr\u00e1vn\u00ed cestou br\u00e1nit. Nav\u00edc pl\u00e1nuje Iniciativa ProStretch st\u00e1l\u00e9 informace pro z\u00e1kazn\u00edky o nejr\u016fzn\u011bj\u0161\u00edch t\u00e9matech, jako nap\u0159\u00edklad z oblasti z\u00e1konod\u00e1rstv\u00ed a v\u00fdvoje na trz\u00edch. Tak\u00e9 ekologick\u00e9 a ekonomick\u00e9 v\u00fdhody stre\u010dov\u00fdch f\u00f3li\u00ed p\u0159itom nemaj\u00ed p\u0159ij\u00edt zkr\u00e1tka.<\/p>\n<p>Aby mohl z\u00e1kazn\u00edk prov\u011b\u0159it v\u0161echny \u00fadaje uveden\u00e9 v\u00fdrobcem, byl vytvo\u0159en po\u010d\u00edta\u010dov\u00fd program, s\u00a0jeho\u017e pomoc\u00ed lze srovnat dod\u00e1vku s\u00a0objedn\u00e1van\u00fdm mno\u017estv\u00edm. Jednodu\u0161e si otev\u0159ete<a href=\"http:\/\/www.prostretch.de\/engl\/folientest_en\/index.php\"> test na webov\u00e9 str\u00e1nce <\/a>ProStretch, zad\u00e1te ve\u0161ker\u00e1 data a program vypo\u010d\u00edt\u00e1 mo\u017en\u00e9 odchylky a ekonomickou \u0161kodu, kter\u00e1 V\u00e1m jako z\u00e1kazn\u00edkovi vznikla. Nav\u00edc je nab\u00edzen ke sta\u017een\u00ed vzorov\u00fd dopis, kter\u00fd V\u00e1m usnadn\u00ed reklamaci u dodavatele.<\/p>\n<p>Iniciativa v sou\u010dasn\u00e9 dob\u011b sdru\u017euje v\u00edce ne\u017e<a href=\"http:\/\/www.prostretch.de\/engl\/mitglieder.htm\"> 30 zn\u00e1m\u00fdch v\u00fdrobc\u016f a obchodn\u00edk\u016f<\/a>, kte\u0159\u00ed dodr\u017euj\u00ed dodavatelsk\u00e9 prohl\u00e1\u0161en\u00ed. Po\u0159\u00e1d jsou ale na trhu \u201e\u010dern\u00e9 ovce\u201c. Proto plat\u00ed: m\u011bjte p\u0159i koupi f\u00f3lie o\u010di otev\u0159en\u00e9 \u2013 v\u0161\u00edmejte si loga ProStretch!<\/p>\n<p>Dal\u0161\u00ed informace v\u00a0n\u011bmeck\u00e9m\/anglick\u00e9m jazyce\u00a0k tomuto t\u00e9matu najdete na str\u00e1nk\u00e1ch <a href=\"http:\/\/www.gkv.de\/\">GKV<\/a> a <a href=\"http:\/\/kunststoffverpackungen.de\/index.php?id=1152&amp;langfront=en\">IK<\/a>.<\/p>\n<p><span style=\"color: #888888;\">Autor:\u00a0Odd\u011blen\u00ed pro komunikaci Rajapack<\/span><\/p>\n","protected":false},"excerpt":{"rendered":"<p>Iniciativa ProStretch vyhl\u00e1sila p\u0159ed 14 lety v\u00e1lku nep\u0159esn\u00fdm a pochybn\u00fdm nab\u00eddk\u00e1m na trhu se stre\u010dov\u00fdmi f\u00f3liemi, a to dosti \u00fasp\u011b\u0161n\u011b. Po\u0159\u00e1d je ale co d\u011blat, nebo\u0165 z trhu je\u0161t\u011b nevymizely [&#8230;]<\/p>\n","protected":false},"author":8,"featured_media":8547,"comment_status":"open","ping_status":"open","sticky":false,"template":"","format":"standard","meta":{"_acf_changed":false,"footnotes":""},"categories":[1205,1206],"tags":[1084,1026,873],"class_list":["post-1385","post","type-post","status-publish","format-standard","has-post-thumbnail","hentry","category-nase-obaly-a-novinky","category-tipy-a-navody","tag-produkty","tag-sluzby","tag-vyplnovy-material"],"acf":[],"yoast_head":"\n<title>Nakupujte obalov\u00fd materi\u00e1l: Iniciativa ProStretch | RAJA<\/title>\n<meta name=\"description\" content=\"P\u0159i n\u00e1kupu obalov\u00fdch materi\u00e1l\u016f bu\u010fte obez\u0159etn\u00ed. ProStretch iniciativa rad\u00ed, jak vybrat kvalitn\u00ed obalov\u00fd materi\u00e1l a na jak\u00e9 v\u011bci si d\u00e1t pozor!\" \/>\n<meta name=\"robots\" content=\"index, follow, max-snippet:-1, max-image-preview:large, max-video-preview:-1\" \/>\n<link rel=\"canonical\" href=\"https:\/\/www.rajapack.cz\/blog-cz\/iniciativa-prostretch-mejte-pri-nakupu-folii-oci-otevrene\" \/>\n<meta property=\"og:locale\" content=\"cs_CZ\" \/>\n<meta property=\"og:type\" content=\"article\" \/>\n<meta property=\"og:title\" content=\"Nakupujte obalov\u00fd materi\u00e1l: Iniciativa ProStretch | RAJA\" \/>\n<meta property=\"og:description\" content=\"P\u0159i n\u00e1kupu obalov\u00fdch materi\u00e1l\u016f bu\u010fte obez\u0159etn\u00ed. ProStretch iniciativa rad\u00ed, jak vybrat kvalitn\u00ed obalov\u00fd materi\u00e1l a na jak\u00e9 v\u011bci si d\u00e1t pozor!\" \/>\n<meta property=\"og:url\" content=\"https:\/\/www.rajapack.cz\/blog-cz\/iniciativa-prostretch-mejte-pri-nakupu-folii-oci-otevrene\" \/>\n<meta property=\"og:site_name\" content=\"Tipy a rady z oblasti logistiky, obal\u016f i p\u0159epravy | Rajapack\" \/>\n<meta property=\"article:published_time\" content=\"2011-02-08T10:14:51+00:00\" \/>\n<meta property=\"article:modified_time\" content=\"2024-03-04T11:26:35+00:00\" \/>\n<meta property=\"og:image\" content=\"https:\/\/www.rajapack.cz\/blog-cz\/wp-content\/uploads\/zaruka-kvality-prostretch.jpg\" \/>\n\t<meta property=\"og:image:width\" content=\"690\" \/>\n\t<meta property=\"og:image:height\" content=\"380\" \/>\n\t<meta property=\"og:image:type\" content=\"image\/jpeg\" \/>\n<meta name=\"author\" content=\"Rajapack\" \/>\n<meta name=\"twitter:label1\" content=\"Napsal(a)\" \/>\n\t<meta name=\"twitter:data1\" content=\"Rajapack\" \/>\n\t<meta name=\"twitter:label2\" content=\"Odhadovan\u00e1 doba \u010dten\u00ed\" \/>\n\t<meta name=\"twitter:data2\" content=\"3 minuty\" \/>\n<script type=\"application\/ld+json\" class=\"yoast-schema-graph\">{\n\t    \"@context\": \"https:\/\/schema.org\",\n\t    \"@graph\": [\n\t        {\n\t            \"@type\": \"WebPage\",\n\t            \"@id\": \"https:\/\/www.rajapack.cz\/blog-cz\/iniciativa-prostretch-mejte-pri-nakupu-folii-oci-otevrene\",\n\t            \"url\": \"https:\/\/www.rajapack.cz\/blog-cz\/iniciativa-prostretch-mejte-pri-nakupu-folii-oci-otevrene\",\n\t            \"name\": \"Nakupujte obalov\u00fd materi\u00e1l: Iniciativa ProStretch | RAJA\",\n\t            \"isPartOf\": {\n\t                \"@id\": \"https:\/\/www.rajapack.cz\/blog-cz\/#website\"\n\t            },\n\t            \"primaryImageOfPage\": {\n\t                \"@id\": \"https:\/\/www.rajapack.cz\/blog-cz\/iniciativa-prostretch-mejte-pri-nakupu-folii-oci-otevrene#primaryimage\"\n\t            },\n\t            \"image\": {\n\t                \"@id\": \"https:\/\/www.rajapack.cz\/blog-cz\/iniciativa-prostretch-mejte-pri-nakupu-folii-oci-otevrene#primaryimage\"\n\t            },\n\t            \"thumbnailUrl\": \"https:\/\/www.rajapack.cz\/blog-cz\/wp-content\/uploads\/zaruka-kvality-prostretch.jpg\",\n\t            \"datePublished\": \"2011-02-08T10:14:51+00:00\",\n\t            \"dateModified\": \"2024-03-04T11:26:35+00:00\",\n\t            \"author\": {\n\t                \"@id\": \"https:\/\/www.rajapack.cz\/blog-cz\/#\/schema\/person\/77ba56a818b4c77c898d91f8bfa9cf72\"\n\t            },\n\t            \"description\": \"P\u0159i n\u00e1kupu obalov\u00fdch materi\u00e1l\u016f bu\u010fte obez\u0159etn\u00ed. ProStretch iniciativa rad\u00ed, jak vybrat kvalitn\u00ed obalov\u00fd materi\u00e1l a na jak\u00e9 v\u011bci si d\u00e1t pozor!\",\n\t            \"inLanguage\": \"cs\",\n\t            \"potentialAction\": [\n\t                {\n\t                    \"@type\": \"ReadAction\",\n\t                    \"target\": [\n\t                        \"https:\/\/www.rajapack.cz\/blog-cz\/iniciativa-prostretch-mejte-pri-nakupu-folii-oci-otevrene\"\n\t                    ]\n\t                }\n\t            ]\n\t        },\n\t        {\n\t            \"@type\": \"ImageObject\",\n\t            \"inLanguage\": \"cs\",\n\t            \"@id\": \"https:\/\/www.rajapack.cz\/blog-cz\/iniciativa-prostretch-mejte-pri-nakupu-folii-oci-otevrene#primaryimage\",\n\t            \"url\": \"https:\/\/www.rajapack.cz\/blog-cz\/wp-content\/uploads\/zaruka-kvality-prostretch.jpg\",\n\t            \"contentUrl\": \"https:\/\/www.rajapack.cz\/blog-cz\/wp-content\/uploads\/zaruka-kvality-prostretch.jpg\",\n\t            \"width\": 690,\n\t            \"height\": 380,\n\t            \"caption\": \"Z\u00e1ruka kvality ProStretch\"\n\t        },\n\t        {\n\t            \"@type\": \"WebSite\",\n\t            \"@id\": \"https:\/\/www.rajapack.cz\/blog-cz\/#website\",\n\t            \"url\": \"https:\/\/www.rajapack.cz\/blog-cz\/\",\n\t            \"name\": \"Tipy a rady z oblasti logistiky, obal\u016f i p\u0159epravy | Rajapack\",\n\t            \"description\": \"Na\u010derpejte na na\u0161em blogu odborn\u00e9 tipy v oblasti logistiky i obal\u016f pro r\u016fzn\u00e9 typy balen\u00ed \u2714 Zaj\u00edmav\u00e9 \u010dl\u00e1nky a aktuality ze sv\u011bta obalov\u00fdch materi\u00e1l\u016f \u2714\",\n\t            \"potentialAction\": [\n\t                {\n\t                    \"@type\": \"SearchAction\",\n\t                    \"target\": {\n\t                        \"@type\": \"EntryPoint\",\n\t                        \"urlTemplate\": \"https:\/\/www.rajapack.cz\/blog-cz\/?s={search_term_string}\"\n\t                    },\n\t                    \"query-input\": \"required name=search_term_string\"\n\t                }\n\t            ],\n\t            \"inLanguage\": \"cs\"\n\t        },\n\t        {\n\t            \"@type\": \"Person\",\n\t            \"@id\": \"https:\/\/www.rajapack.cz\/blog-cz\/#\/schema\/person\/77ba56a818b4c77c898d91f8bfa9cf72\",\n\t            \"name\": \"Rajapack\",\n\t            \"image\": {\n\t                \"@type\": \"ImageObject\",\n\t                \"inLanguage\": \"cs\",\n\t                \"@id\": \"https:\/\/www.rajapack.cz\/blog-cz\/#\/schema\/person\/image\/\",\n\t                \"url\": \"https:\/\/secure.gravatar.com\/avatar\/6efbc202a3ea3ffdfe4ebb018a321896?s=96&d=mm&r=g\",\n\t                \"contentUrl\": \"https:\/\/secure.gravatar.com\/avatar\/6efbc202a3ea3ffdfe4ebb018a321896?s=96&d=mm&r=g\",\n\t                \"caption\": \"Rajapack\"\n\t            },\n\t            \"sameAs\": [\n\t                \"http:\/\/www.rajapack.de\"\n\t            ],\n\t            \"url\": \"https:\/\/www.rajapack.cz\/blog-cz\/author\/khunger\"\n\t        }\n\t    ]\n\t}<\/script>\n","yoast_head_json":{"title":"Nakupujte obalov\u00fd materi\u00e1l: Iniciativa ProStretch | RAJA","description":"P\u0159i n\u00e1kupu obalov\u00fdch materi\u00e1l\u016f bu\u010fte obez\u0159etn\u00ed. ProStretch iniciativa rad\u00ed, jak vybrat kvalitn\u00ed obalov\u00fd materi\u00e1l a na jak\u00e9 v\u011bci si d\u00e1t pozor!","robots":{"index":"index","follow":"follow","max-snippet":"max-snippet:-1","max-image-preview":"max-image-preview:large","max-video-preview":"max-video-preview:-1"},"canonical":"https:\/\/www.rajapack.cz\/blog-cz\/iniciativa-prostretch-mejte-pri-nakupu-folii-oci-otevrene","og_locale":"cs_CZ","og_type":"article","og_title":"Nakupujte obalov\u00fd materi\u00e1l: Iniciativa ProStretch | RAJA","og_description":"P\u0159i n\u00e1kupu obalov\u00fdch materi\u00e1l\u016f bu\u010fte obez\u0159etn\u00ed. ProStretch iniciativa rad\u00ed, jak vybrat kvalitn\u00ed obalov\u00fd materi\u00e1l a na jak\u00e9 v\u011bci si d\u00e1t pozor!","og_url":"https:\/\/www.rajapack.cz\/blog-cz\/iniciativa-prostretch-mejte-pri-nakupu-folii-oci-otevrene","og_site_name":"Tipy a rady z oblasti logistiky, obal\u016f i p\u0159epravy | Rajapack","article_published_time":"2011-02-08T10:14:51+00:00","article_modified_time":"2024-03-04T11:26:35+00:00","og_image":[{"width":690,"height":380,"url":"https:\/\/www.rajapack.cz\/blog-cz\/wp-content\/uploads\/zaruka-kvality-prostretch.jpg","type":"image\/jpeg"}],"author":"Rajapack","twitter_misc":{"Napsal(a)":"Rajapack","Odhadovan\u00e1 doba \u010dten\u00ed":"3 minuty"},"schema":{"@context":"https:\/\/schema.org","@graph":[{"@type":"WebPage","@id":"https:\/\/www.rajapack.cz\/blog-cz\/iniciativa-prostretch-mejte-pri-nakupu-folii-oci-otevrene","url":"https:\/\/www.rajapack.cz\/blog-cz\/iniciativa-prostretch-mejte-pri-nakupu-folii-oci-otevrene","name":"Nakupujte obalov\u00fd materi\u00e1l: Iniciativa ProStretch | RAJA","isPartOf":{"@id":"https:\/\/www.rajapack.cz\/blog-cz\/#website"},"primaryImageOfPage":{"@id":"https:\/\/www.rajapack.cz\/blog-cz\/iniciativa-prostretch-mejte-pri-nakupu-folii-oci-otevrene#primaryimage"},"image":{"@id":"https:\/\/www.rajapack.cz\/blog-cz\/iniciativa-prostretch-mejte-pri-nakupu-folii-oci-otevrene#primaryimage"},"thumbnailUrl":"https:\/\/www.rajapack.cz\/blog-cz\/wp-content\/uploads\/zaruka-kvality-prostretch.jpg","datePublished":"2011-02-08T10:14:51+00:00","dateModified":"2024-03-04T11:26:35+00:00","author":{"@id":"https:\/\/www.rajapack.cz\/blog-cz\/#\/schema\/person\/77ba56a818b4c77c898d91f8bfa9cf72"},"description":"P\u0159i n\u00e1kupu obalov\u00fdch materi\u00e1l\u016f bu\u010fte obez\u0159etn\u00ed. ProStretch iniciativa rad\u00ed, jak vybrat kvalitn\u00ed obalov\u00fd materi\u00e1l a na jak\u00e9 v\u011bci si d\u00e1t pozor!","inLanguage":"cs","potentialAction":[{"@type":"ReadAction","target":["https:\/\/www.rajapack.cz\/blog-cz\/iniciativa-prostretch-mejte-pri-nakupu-folii-oci-otevrene"]}]},{"@type":"ImageObject","inLanguage":"cs","@id":"https:\/\/www.rajapack.cz\/blog-cz\/iniciativa-prostretch-mejte-pri-nakupu-folii-oci-otevrene#primaryimage","url":"https:\/\/www.rajapack.cz\/blog-cz\/wp-content\/uploads\/zaruka-kvality-prostretch.jpg","contentUrl":"https:\/\/www.rajapack.cz\/blog-cz\/wp-content\/uploads\/zaruka-kvality-prostretch.jpg","width":690,"height":380,"caption":"Z\u00e1ruka kvality ProStretch"},{"@type":"WebSite","@id":"https:\/\/www.rajapack.cz\/blog-cz\/#website","url":"https:\/\/www.rajapack.cz\/blog-cz\/","name":"Tipy a rady z oblasti logistiky, obal\u016f i p\u0159epravy | Rajapack","description":"Na\u010derpejte na na\u0161em blogu odborn\u00e9 tipy v oblasti logistiky i obal\u016f pro r\u016fzn\u00e9 typy balen\u00ed \u2714 Zaj\u00edmav\u00e9 \u010dl\u00e1nky a aktuality ze sv\u011bta obalov\u00fdch materi\u00e1l\u016f \u2714","potentialAction":[{"@type":"SearchAction","target":{"@type":"EntryPoint","urlTemplate":"https:\/\/www.rajapack.cz\/blog-cz\/?s={search_term_string}"},"query-input":"required name=search_term_string"}],"inLanguage":"cs"},{"@type":"Person","@id":"https:\/\/www.rajapack.cz\/blog-cz\/#\/schema\/person\/77ba56a818b4c77c898d91f8bfa9cf72","name":"Rajapack","image":{"@type":"ImageObject","inLanguage":"cs","@id":"https:\/\/www.rajapack.cz\/blog-cz\/#\/schema\/person\/image\/","url":"https:\/\/secure.gravatar.com\/avatar\/6efbc202a3ea3ffdfe4ebb018a321896?s=96&d=mm&r=g","contentUrl":"https:\/\/secure.gravatar.com\/avatar\/6efbc202a3ea3ffdfe4ebb018a321896?s=96&d=mm&r=g","caption":"Rajapack"},"sameAs":["http:\/\/www.rajapack.de"],"url":"https:\/\/www.rajapack.cz\/blog-cz\/author\/khunger"}]}},"_links":{"self":[{"href":"https:\/\/www.rajapack.cz\/blog-cz\/wp-json\/wp\/v2\/posts\/1385"}],"collection":[{"href":"https:\/\/www.rajapack.cz\/blog-cz\/wp-json\/wp\/v2\/posts"}],"about":[{"href":"https:\/\/www.rajapack.cz\/blog-cz\/wp-json\/wp\/v2\/types\/post"}],"author":[{"embeddable":true,"href":"https:\/\/www.rajapack.cz\/blog-cz\/wp-json\/wp\/v2\/users\/8"}],"replies":[{"embeddable":true,"href":"https:\/\/www.rajapack.cz\/blog-cz\/wp-json\/wp\/v2\/comments?post=1385"}],"version-history":[{"count":0,"href":"https:\/\/www.rajapack.cz\/blog-cz\/wp-json\/wp\/v2\/posts\/1385\/revisions"}],"wp:featuredmedia":[{"embeddable":true,"href":"https:\/\/www.rajapack.cz\/blog-cz\/wp-json\/wp\/v2\/media\/8547"}],"wp:attachment":[{"href":"https:\/\/www.rajapack.cz\/blog-cz\/wp-json\/wp\/v2\/media?parent=1385"}],"wp:term":[{"taxonomy":"category","embeddable":true,"href":"https:\/\/www.rajapack.cz\/blog-cz\/wp-json\/wp\/v2\/categories?post=1385"},{"taxonomy":"post_tag","embeddable":true,"href":"https:\/\/www.rajapack.cz\/blog-cz\/wp-json\/wp\/v2\/tags?post=1385"}],"curies":[{"name":"wp","href":"https:\/\/api.w.org\/{rel}","templated":true}]}}