{"id":13149,"date":"2026-04-17T13:46:00","date_gmt":"2026-04-17T11:46:00","guid":{"rendered":"https:\/\/www.rajapack.cz\/blog-cz\/?p=13149"},"modified":"2026-04-17T13:46:00","modified_gmt":"2026-04-17T11:46:00","slug":"plastove-obaly-pod-tlakem-proc-rostou-ceny-prave-ted","status":"publish","type":"post","link":"https:\/\/www.rajapack.cz\/blog-cz\/plastove-obaly-pod-tlakem-proc-rostou-ceny-prave-ted","title":{"rendered":"Plastov\u00e9 obaly pod tlakem: pro\u010d rostou ceny pr\u00e1v\u011b te\u010f"},"content":{"rendered":"<p>V posledn\u00edch t\u00fddnech za\u010d\u00ednaj\u00ed firmy nap\u0159\u00ed\u010d \u010ceskou republikou a Slovenskem zaznamen\u00e1vat zm\u011bny v cen\u00e1ch obalov\u00fdch materi\u00e1l\u016f. Nej\u010dast\u011bji se t\u00fdkaj\u00ed pr\u00e1v\u011b <strong>plastov\u00fdch produkt\u016f<\/strong>, kter\u00e9 reaguj\u00ed na v\u00fdvoj trhu velmi citliv\u011b.<\/p>\n<p>Nejde p\u0159itom o n\u00e1hodn\u00fd v\u00fdkyv ani o probl\u00e9m jednoho konkr\u00e9tn\u00edho dodavatele. Za cenov\u00fdm v\u00fdvojem stoj\u00ed kombinace glob\u00e1ln\u00edch faktor\u016f \u2013 od geopolitick\u00e9ho nap\u011bt\u00ed p\u0159es v\u00fdvoj cen ropy a\u017e po logistiku a energie. A pr\u00e1v\u011b plastov\u00e9 obaly jsou t\u011bmi, u kter\u00fdch se zm\u011bny projev\u00ed jako prvn\u00ed.<\/p>\n<h2>Co \u017eene ceny plastov\u00fdch obal\u016f nahoru?<\/h2>\n<p>Plastov\u00e9 obalov\u00e9 materi\u00e1ly jsou \u00fazce nav\u00e1zan\u00e9 na <strong>petrochemick\u00fd pr\u016fmysl<\/strong>. Z\u00e1kladn\u00ed suroviny, ze kter\u00fdch se vyr\u00e1b\u011bj\u00ed f\u00f3lie, ob\u00e1lky nebo p\u00e1sky, vznikaj\u00ed z ropy. Jakmile se tedy zm\u011bn\u00ed jej\u00ed cena nebo dostupnost, prom\u00edtne se to t\u00e9m\u011b\u0159 okam\u017eit\u011b do v\u00fdrobn\u00edch n\u00e1klad\u016f.<\/p>\n<p>V sou\u010dasn\u00e9 situaci hraje roli i <strong>geopolitick\u00e9 nap\u011bt\u00ed v oblasti Bl\u00edzk\u00e9ho v\u00fdchodu<\/strong>, kter\u00e9 ovliv\u0148uje:<\/p>\n<ul>\n<li>stabilitu dod\u00e1vek surovin,<\/li>\n<li>ceny energi\u00ed,<\/li>\n<li>i n\u00e1klady na dopravu.<\/li>\n<\/ul>\n<p>V\u00fdsledkem je postupn\u00fd r\u016fst cen plastov\u00fdch obalov\u00fdch materi\u00e1l\u016f na evropsk\u00e9m i \u010desk\u00e9m trhu.<\/p>\n<h2>Stretch f\u00f3lie jako prvn\u00ed viditeln\u00fd p\u0159\u00edklad<\/h2>\n<p>Jedn\u00edm z prvn\u00edch produkt\u016f, u kter\u00fdch si firmy zm\u011bn v\u0161imly, je <strong>stretch f\u00f3lie<\/strong>. Ta pat\u0159\u00ed mezi nej\u010dast\u011bji pou\u017e\u00edvan\u00e9 plastov\u00e9 obaly ve skladech i expedici a z\u00e1rove\u0148 velmi citliv\u011b reaguje na v\u00fdvoj cen vstupn\u00edch surovin.<\/p>\n<p>U stretch f\u00f3li\u00ed dnes v\u00fdrobci i dodavatel\u00e9 zaznamen\u00e1vaj\u00ed:<\/p>\n<ul>\n<li>rychl\u00e9 zdra\u017een\u00ed b\u011bhem kr\u00e1tk\u00e9 doby,<\/li>\n<li>vy\u0161\u0161\u00ed kol\u00eds\u00e1n\u00ed cen ne\u017e v minulosti,<\/li>\n<li>tlak na dostupnost n\u011bkter\u00fdch typ\u016f f\u00f3li\u00ed.<\/li>\n<\/ul>\n<p>Podobn\u00fd v\u00fdvoj se ale postupn\u011b objevuje i u dal\u0161\u00edch plastov\u00fdch obal\u016f, jako jsou <strong>bublinkov\u00e9 f\u00f3lie, plastov\u00e9 ob\u00e1lky nebo balic\u00ed p\u00e1sky<\/strong>.<\/p>\n<h2>Co v\u0161echno stoj\u00ed za r\u016fstem cen plastov\u00fdch obal\u016f<\/h2>\n<ul>\n<li><strong>Petrochemie a suroviny<\/strong><\/li>\n<\/ul>\n<p>V\u011bt\u0161ina plastov\u00fdch obal\u016f je p\u0159\u00edmo nav\u00e1zan\u00e1 na cenu polymer\u016f. Jak\u00fdkoli v\u00fdkyv v petrochemick\u00e9m \u0159et\u011bzci se proto velmi rychle prom\u00edt\u00e1 do fin\u00e1ln\u00edch cen obal\u016f.<\/p>\n<ul>\n<li><strong>Energie<\/strong><\/li>\n<\/ul>\n<p>V\u00fdroba plastov\u00fdch \u2013 ale i pap\u00edrov\u00fdch \u2013 obal\u016f je energeticky n\u00e1ro\u010dn\u00e1. Kol\u00eds\u00e1n\u00ed cen elekt\u0159iny a plynu zvy\u0161uje v\u00fdrobn\u00ed n\u00e1klady a vytv\u00e1\u0159\u00ed dal\u0161\u00ed tlak na ceny.<\/p>\n<ul>\n<li><strong>Logistika a doprava<\/strong><\/li>\n<\/ul>\n<p>Nap\u011bt\u00ed v oblasti kl\u00ed\u010dov\u00fdch n\u00e1mo\u0159n\u00edch tras prodlu\u017euje dodac\u00ed lh\u016fty a zvy\u0161uje n\u00e1klady na p\u0159epravu. To se prom\u00edt\u00e1 nejen do cen, ale n\u011bkdy i do dostupnosti konkr\u00e9tn\u00edch produkt\u016f.<\/p>\n<h2>Pro\u010d pap\u00edrov\u00e9 obaly zat\u00edm zdra\u017euj\u00ed pomaleji<\/h2>\n<p>Pap\u00edrov\u00e9 obaly \u2013 kartonov\u00e9 krabice, pap\u00edrov\u00e9 v\u00fdpln\u011b nebo ob\u00e1lky \u2013 na zm\u011bny trhu reaguj\u00ed obvykle <strong>s ur\u010dit\u00fdm \u010dasov\u00fdm zpo\u017ed\u011bn\u00edm<\/strong>. Jejich cena je v\u00edce ovlivn\u011bna energi\u00ed a dostupnost\u00ed pap\u00edru ne\u017e p\u0159\u00edmo ropou.<\/p>\n<p>Pokud v\u0161ak zv\u00fd\u0161en\u00e9 n\u00e1klady na energie a dopravu p\u0159etrvaj\u00ed del\u0161\u00ed dobu, je pravd\u011bpodobn\u00e9, \u017ee se tlak na ceny postupn\u011b projev\u00ed i v t\u00e9to kategorii.<\/p>\n<h2>Co to znamen\u00e1 pro firmy, kter\u00e9 bal\u00ed ka\u017ed\u00fd den<\/h2>\n<p>Pro mnoho firem jsou obaly samoz\u0159ejmou sou\u010d\u00e1st\u00ed provozu \u2013 a pr\u00e1v\u011b proto se jejich zdra\u017eov\u00e1n\u00ed m\u016f\u017ee projevit nen\u00e1padn\u011b, ale plo\u0161n\u011b.<\/p>\n<p>V praxi se dnes vypl\u00e1c\u00ed:<\/p>\n<ul>\n<li><strong>pl\u00e1novat n\u00e1kupy s p\u0159edstihem<\/strong>,<\/li>\n<li>dr\u017eet rozumnou z\u00e1sobu kl\u00ed\u010dov\u00fdch obalov\u00fdch materi\u00e1l\u016f,<\/li>\n<li>a zamyslet se nad <strong>optimalizac\u00ed balen\u00ed<\/strong>.<\/li>\n<\/ul>\n<p>\u010casto sta\u010d\u00ed drobn\u00e9 \u00fapravy \u2013 efektivn\u011bj\u0161\u00ed vyu\u017eit\u00ed stretch f\u00f3lie, vhodn\u011bj\u0161\u00ed typ v\u00fdpln\u011b nebo p\u0159echod na jin\u00fd materi\u00e1l \u2013 a v\u00fdsledkem jsou ni\u017e\u0161\u00ed n\u00e1klady i men\u0161\u00ed z\u00e1vislost na v\u00fdkyvech trhu.<\/p>\n<h2>D\u00e1v\u00e1 smysl hledat alternativy k plastov\u00fdm obal\u016fm?<\/h2>\n<p>Sou\u010dasn\u00e1 situace p\u0159irozen\u011b otev\u00edr\u00e1 ot\u00e1zku alternativ. Mnoho firem dnes zva\u017euje, zda \u010d\u00e1st plastov\u00fdch obal\u016f nenahradit jin\u00fdm \u0159e\u0161en\u00edm \u2013 nejen z ekonomick\u00fdch, ale i ekologick\u00fdch d\u016fvod\u016f.<\/p>\n<p>Modern\u00ed alternativy dnes nab\u00edzej\u00ed:<\/p>\n<ul>\n<li><strong>pap\u00edrov\u00e9 v\u00fdpln\u011b<\/strong> s velmi dobrou ochrannou funkc\u00ed,<\/li>\n<li><strong>biologicky odbourateln\u00e9 materi\u00e1ly<\/strong>,<\/li>\n<li>syst\u00e9my umo\u017e\u0148uj\u00edc\u00ed <strong>v\u00fdrobu v\u00fdpln\u011b z pou\u017eit\u00fdch karton\u016f<\/strong>.<\/li>\n<\/ul>\n<p><img loading=\"lazy\" decoding=\"async\" class=\"\" src=\"https:\/\/raja.scene7.com\/is\/image\/Raja\/products\/kan-fixa-pap-r_PDT02287.jpg?template=TemplatePictoImage&amp;$ImageMain=M_PM50_O_A1_0611_F&amp;$PictoRight=NoPicto&amp;$PictoLeft=NoPicto&amp;resMode=sharp2&amp;op_usm=1.75,0.3,2,0\" alt=\"Ma\u010dkan\u00fd fixa\u010dn\u00ed pap\u00edr - 1\" width=\"243\" height=\"243\" \/><img loading=\"lazy\" decoding=\"async\" class=\"\" src=\"https:\/\/raja.scene7.com\/is\/image\/Raja\/products\/pap-rov-lepic-p-ska-zes-len-70-g-m2-raja_OFF_CZ_1160.jpg?template=TemplatePictoImage&amp;$ImageMain=M_ADG12_D_S_051_U&amp;$PictoRight=NoPicto&amp;$PictoLeft=NoPicto&amp;resMode=sharp2&amp;op_usm=1.75,0.3,2,0\" alt=\"Pap\u00edrov\u00e1 lepic\u00ed p\u00e1ska zes\u00edlen\u00e1 70 g\/m2 | RAJA - 1\" width=\"239\" height=\"239\" \/><img loading=\"lazy\" decoding=\"async\" class=\"\" src=\"https:\/\/raja.scene7.com\/is\/image\/Raja\/products\/pap-r-pro-wrappak-protector-ranpak_PDT398586.jpg?image=M_WP70_A_FR$default$&amp;hei=600&amp;wid=600&amp;fmt=jpg&amp;qlt=85,0&amp;resMode=sharp2&amp;op_usm=1.75,0.3,2,0\" alt=\"Pap\u00edr pro WrapPak\u00ae Protector | RANPAK - 3\" width=\"245\" height=\"245\" \/><\/p>\n<p>Vedle \u00faspor hraje roli i z\u00e1kazn\u00edk \u2013 udr\u017eiteln\u00e9 balen\u00ed m\u00e1 st\u00e1le v\u011bt\u0161\u00ed vliv na vn\u00edm\u00e1n\u00ed zna\u010dky i n\u00e1kupn\u00ed rozhodov\u00e1n\u00ed.<\/p>\n<h2>Co o\u010dek\u00e1vat d\u00e1l<\/h2>\n<p>Jak dlouho bude sou\u010dasn\u00fd tlak na ceny trvat, dnes nikdo neum\u00ed p\u0159esn\u011b \u0159\u00edct. Pokud ale geopolitick\u00e1 nejistota p\u0159etrv\u00e1, lze o\u010dek\u00e1vat, \u017ee ceny plastov\u00fdch obal\u016f z\u016fstanou i nad\u00e1le prom\u011bnliv\u00e9 \u2013 a postupn\u011b se mohou zm\u011bny dotknout i dal\u0161\u00edch materi\u00e1l\u016f.<\/p>\n<p>Pro firmy je proto kl\u00ed\u010dov\u00e9 z\u016fstat flexibiln\u00ed, sledovat v\u00fdvoj trhu a vn\u00edmat obaly nejen jako nutnost, ale jako <strong>strategickou sou\u010d\u00e1st logistiky a z\u00e1kaznick\u00e9 zku\u0161enosti<\/strong>.<\/p>\n","protected":false},"excerpt":{"rendered":"<p>V posledn\u00edch t\u00fddnech za\u010d\u00ednaj\u00ed firmy nap\u0159\u00ed\u010d \u010ceskou republikou a Slovenskem zaznamen\u00e1vat zm\u011bny v cen\u00e1ch obalov\u00fdch materi\u00e1l\u016f. Nej\u010dast\u011bji se t\u00fdkaj\u00ed pr\u00e1v\u011b plastov\u00fdch produkt\u016f, kter\u00e9 reaguj\u00ed na v\u00fdvoj trhu velmi citliv\u011b. Nejde [&#8230;]<\/p>\n","protected":false},"author":33,"featured_media":13150,"comment_status":"open","ping_status":"open","sticky":false,"template":"","format":"standard","meta":{"_acf_changed":false,"footnotes":""},"categories":[1208],"tags":[],"class_list":["post-13149","post","type-post","status-publish","format-standard","has-post-thumbnail","hentry","category-logistika-a-e-commerce"],"acf":[],"yoast_head":"\n<title>Plastov\u00e9 obaly pod tlakem: pro\u010d rostou ceny pr\u00e1v\u011b te\u010f - Tipy a rady z oblasti logistiky, obal\u016f i p\u0159epravy | Rajapack<\/title>\n<meta name=\"description\" content=\"Rostouc\u00ed ceny plastov\u00fdch obal\u016f ovliv\u0148uj\u00ed firmy v \u010cesku i na Slovensku. Zjist\u011bte, co zdra\u017eov\u00e1n\u00ed zp\u016fsobuje, kter\u00fdch materi\u00e1l\u016f se t\u00fdk\u00e1 a jak na zm\u011bny reagovat.\" \/>\n<meta name=\"robots\" content=\"index, follow, max-snippet:-1, max-image-preview:large, max-video-preview:-1\" \/>\n<link rel=\"canonical\" href=\"https:\/\/www.rajapack.cz\/blog-cz\/plastove-obaly-pod-tlakem-proc-rostou-ceny-prave-ted\" \/>\n<meta property=\"og:locale\" content=\"cs_CZ\" \/>\n<meta property=\"og:type\" content=\"article\" \/>\n<meta property=\"og:title\" content=\"Plastov\u00e9 obaly pod tlakem: pro\u010d rostou ceny pr\u00e1v\u011b te\u010f - Tipy a rady z oblasti logistiky, obal\u016f i p\u0159epravy | Rajapack\" \/>\n<meta property=\"og:description\" content=\"Rostouc\u00ed ceny plastov\u00fdch obal\u016f ovliv\u0148uj\u00ed firmy v \u010cesku i na Slovensku. Zjist\u011bte, co zdra\u017eov\u00e1n\u00ed zp\u016fsobuje, kter\u00fdch materi\u00e1l\u016f se t\u00fdk\u00e1 a jak na zm\u011bny reagovat.\" \/>\n<meta property=\"og:url\" content=\"https:\/\/www.rajapack.cz\/blog-cz\/plastove-obaly-pod-tlakem-proc-rostou-ceny-prave-ted\" \/>\n<meta property=\"og:site_name\" content=\"Tipy a rady z oblasti logistiky, obal\u016f i p\u0159epravy | Rajapack\" \/>\n<meta property=\"article:published_time\" content=\"2026-04-17T11:46:00+00:00\" \/>\n<meta property=\"og:image\" content=\"https:\/\/www.rajapack.cz\/blog-cz\/wp-content\/uploads\/2026\/04\/Navrh-bez-nazvu-54.png\" \/>\n\t<meta property=\"og:image:width\" content=\"1000\" \/>\n\t<meta property=\"og:image:height\" content=\"560\" \/>\n\t<meta property=\"og:image:type\" content=\"image\/png\" \/>\n<meta name=\"author\" content=\"Petra Duongov\u00e1\" \/>\n<meta name=\"twitter:label1\" content=\"Napsal(a)\" \/>\n\t<meta name=\"twitter:data1\" content=\"Petra Duongov\u00e1\" \/>\n\t<meta name=\"twitter:label2\" content=\"Odhadovan\u00e1 doba \u010dten\u00ed\" \/>\n\t<meta name=\"twitter:data2\" content=\"5 minut\" \/>\n<script type=\"application\/ld+json\" class=\"yoast-schema-graph\">{\n\t    \"@context\": \"https:\/\/schema.org\",\n\t    \"@graph\": [\n\t        {\n\t            \"@type\": \"WebPage\",\n\t            \"@id\": \"https:\/\/www.rajapack.cz\/blog-cz\/plastove-obaly-pod-tlakem-proc-rostou-ceny-prave-ted\",\n\t            \"url\": \"https:\/\/www.rajapack.cz\/blog-cz\/plastove-obaly-pod-tlakem-proc-rostou-ceny-prave-ted\",\n\t            \"name\": \"Plastov\u00e9 obaly pod tlakem: pro\u010d rostou ceny pr\u00e1v\u011b te\u010f - Tipy a rady z oblasti logistiky, obal\u016f i p\u0159epravy | Rajapack\",\n\t            \"isPartOf\": {\n\t                \"@id\": \"https:\/\/www.rajapack.cz\/blog-cz\/#website\"\n\t            },\n\t            \"primaryImageOfPage\": {\n\t                \"@id\": \"https:\/\/www.rajapack.cz\/blog-cz\/plastove-obaly-pod-tlakem-proc-rostou-ceny-prave-ted#primaryimage\"\n\t            },\n\t            \"image\": {\n\t                \"@id\": \"https:\/\/www.rajapack.cz\/blog-cz\/plastove-obaly-pod-tlakem-proc-rostou-ceny-prave-ted#primaryimage\"\n\t            },\n\t            \"thumbnailUrl\": \"https:\/\/www.rajapack.cz\/blog-cz\/wp-content\/uploads\/2026\/04\/Navrh-bez-nazvu-54.png\",\n\t            \"datePublished\": \"2026-04-17T11:46:00+00:00\",\n\t            \"dateModified\": \"2026-04-17T11:46:00+00:00\",\n\t            \"author\": {\n\t                \"@id\": \"https:\/\/www.rajapack.cz\/blog-cz\/#\/schema\/person\/c1d734291177e42481124ecdf89d4aaf\"\n\t            },\n\t            \"description\": \"Rostouc\u00ed ceny plastov\u00fdch obal\u016f ovliv\u0148uj\u00ed firmy v \u010cesku i na Slovensku. Zjist\u011bte, co zdra\u017eov\u00e1n\u00ed zp\u016fsobuje, kter\u00fdch materi\u00e1l\u016f se t\u00fdk\u00e1 a jak na zm\u011bny reagovat.\",\n\t            \"inLanguage\": \"cs\",\n\t            \"potentialAction\": [\n\t                {\n\t                    \"@type\": \"ReadAction\",\n\t                    \"target\": [\n\t                        \"https:\/\/www.rajapack.cz\/blog-cz\/plastove-obaly-pod-tlakem-proc-rostou-ceny-prave-ted\"\n\t                    ]\n\t                }\n\t            ]\n\t        },\n\t        {\n\t            \"@type\": \"ImageObject\",\n\t            \"inLanguage\": \"cs\",\n\t            \"@id\": \"https:\/\/www.rajapack.cz\/blog-cz\/plastove-obaly-pod-tlakem-proc-rostou-ceny-prave-ted#primaryimage\",\n\t            \"url\": \"https:\/\/www.rajapack.cz\/blog-cz\/wp-content\/uploads\/2026\/04\/Navrh-bez-nazvu-54.png\",\n\t            \"contentUrl\": \"https:\/\/www.rajapack.cz\/blog-cz\/wp-content\/uploads\/2026\/04\/Navrh-bez-nazvu-54.png\",\n\t            \"width\": 1000,\n\t            \"height\": 560\n\t        },\n\t        {\n\t            \"@type\": \"WebSite\",\n\t            \"@id\": \"https:\/\/www.rajapack.cz\/blog-cz\/#website\",\n\t            \"url\": \"https:\/\/www.rajapack.cz\/blog-cz\/\",\n\t            \"name\": \"Tipy a rady z oblasti logistiky, obal\u016f i p\u0159epravy | Rajapack\",\n\t            \"description\": \"Na\u010derpejte na na\u0161em blogu odborn\u00e9 tipy v oblasti logistiky i obal\u016f pro r\u016fzn\u00e9 typy balen\u00ed \u2714 Zaj\u00edmav\u00e9 \u010dl\u00e1nky a aktuality ze sv\u011bta obalov\u00fdch materi\u00e1l\u016f \u2714\",\n\t            \"potentialAction\": [\n\t                {\n\t                    \"@type\": \"SearchAction\",\n\t                    \"target\": {\n\t                        \"@type\": \"EntryPoint\",\n\t                        \"urlTemplate\": \"https:\/\/www.rajapack.cz\/blog-cz\/?s={search_term_string}\"\n\t                    },\n\t                    \"query-input\": \"required name=search_term_string\"\n\t                }\n\t            ],\n\t            \"inLanguage\": \"cs\"\n\t        },\n\t        {\n\t            \"@type\": \"Person\",\n\t            \"@id\": \"https:\/\/www.rajapack.cz\/blog-cz\/#\/schema\/person\/c1d734291177e42481124ecdf89d4aaf\",\n\t            \"name\": \"Petra Duongov\u00e1\",\n\t            \"image\": {\n\t                \"@type\": \"ImageObject\",\n\t                \"inLanguage\": \"cs\",\n\t                \"@id\": \"https:\/\/www.rajapack.cz\/blog-cz\/#\/schema\/person\/image\/\",\n\t                \"url\": \"https:\/\/secure.gravatar.com\/avatar\/8d665ed1e747672d4bbdbb6640338389?s=96&d=mm&r=g\",\n\t                \"contentUrl\": \"https:\/\/secure.gravatar.com\/avatar\/8d665ed1e747672d4bbdbb6640338389?s=96&d=mm&r=g\",\n\t                \"caption\": \"Petra Duongov\u00e1\"\n\t            },\n\t            \"url\": \"https:\/\/www.rajapack.cz\/blog-cz\/author\/lenka\"\n\t        }\n\t    ]\n\t}<\/script>\n","yoast_head_json":{"title":"Plastov\u00e9 obaly pod tlakem: pro\u010d rostou ceny pr\u00e1v\u011b te\u010f - Tipy a rady z oblasti logistiky, obal\u016f i p\u0159epravy | Rajapack","description":"Rostouc\u00ed ceny plastov\u00fdch obal\u016f ovliv\u0148uj\u00ed firmy v \u010cesku i na Slovensku. Zjist\u011bte, co zdra\u017eov\u00e1n\u00ed zp\u016fsobuje, kter\u00fdch materi\u00e1l\u016f se t\u00fdk\u00e1 a jak na zm\u011bny reagovat.","robots":{"index":"index","follow":"follow","max-snippet":"max-snippet:-1","max-image-preview":"max-image-preview:large","max-video-preview":"max-video-preview:-1"},"canonical":"https:\/\/www.rajapack.cz\/blog-cz\/plastove-obaly-pod-tlakem-proc-rostou-ceny-prave-ted","og_locale":"cs_CZ","og_type":"article","og_title":"Plastov\u00e9 obaly pod tlakem: pro\u010d rostou ceny pr\u00e1v\u011b te\u010f - Tipy a rady z oblasti logistiky, obal\u016f i p\u0159epravy | Rajapack","og_description":"Rostouc\u00ed ceny plastov\u00fdch obal\u016f ovliv\u0148uj\u00ed firmy v \u010cesku i na Slovensku. Zjist\u011bte, co zdra\u017eov\u00e1n\u00ed zp\u016fsobuje, kter\u00fdch materi\u00e1l\u016f se t\u00fdk\u00e1 a jak na zm\u011bny reagovat.","og_url":"https:\/\/www.rajapack.cz\/blog-cz\/plastove-obaly-pod-tlakem-proc-rostou-ceny-prave-ted","og_site_name":"Tipy a rady z oblasti logistiky, obal\u016f i p\u0159epravy | Rajapack","article_published_time":"2026-04-17T11:46:00+00:00","og_image":[{"width":1000,"height":560,"url":"https:\/\/www.rajapack.cz\/blog-cz\/wp-content\/uploads\/2026\/04\/Navrh-bez-nazvu-54.png","type":"image\/png"}],"author":"Petra Duongov\u00e1","twitter_misc":{"Napsal(a)":"Petra Duongov\u00e1","Odhadovan\u00e1 doba \u010dten\u00ed":"5 minut"},"schema":{"@context":"https:\/\/schema.org","@graph":[{"@type":"WebPage","@id":"https:\/\/www.rajapack.cz\/blog-cz\/plastove-obaly-pod-tlakem-proc-rostou-ceny-prave-ted","url":"https:\/\/www.rajapack.cz\/blog-cz\/plastove-obaly-pod-tlakem-proc-rostou-ceny-prave-ted","name":"Plastov\u00e9 obaly pod tlakem: pro\u010d rostou ceny pr\u00e1v\u011b te\u010f - Tipy a rady z oblasti logistiky, obal\u016f i p\u0159epravy | Rajapack","isPartOf":{"@id":"https:\/\/www.rajapack.cz\/blog-cz\/#website"},"primaryImageOfPage":{"@id":"https:\/\/www.rajapack.cz\/blog-cz\/plastove-obaly-pod-tlakem-proc-rostou-ceny-prave-ted#primaryimage"},"image":{"@id":"https:\/\/www.rajapack.cz\/blog-cz\/plastove-obaly-pod-tlakem-proc-rostou-ceny-prave-ted#primaryimage"},"thumbnailUrl":"https:\/\/www.rajapack.cz\/blog-cz\/wp-content\/uploads\/2026\/04\/Navrh-bez-nazvu-54.png","datePublished":"2026-04-17T11:46:00+00:00","dateModified":"2026-04-17T11:46:00+00:00","author":{"@id":"https:\/\/www.rajapack.cz\/blog-cz\/#\/schema\/person\/c1d734291177e42481124ecdf89d4aaf"},"description":"Rostouc\u00ed ceny plastov\u00fdch obal\u016f ovliv\u0148uj\u00ed firmy v \u010cesku i na Slovensku. Zjist\u011bte, co zdra\u017eov\u00e1n\u00ed zp\u016fsobuje, kter\u00fdch materi\u00e1l\u016f se t\u00fdk\u00e1 a jak na zm\u011bny reagovat.","inLanguage":"cs","potentialAction":[{"@type":"ReadAction","target":["https:\/\/www.rajapack.cz\/blog-cz\/plastove-obaly-pod-tlakem-proc-rostou-ceny-prave-ted"]}]},{"@type":"ImageObject","inLanguage":"cs","@id":"https:\/\/www.rajapack.cz\/blog-cz\/plastove-obaly-pod-tlakem-proc-rostou-ceny-prave-ted#primaryimage","url":"https:\/\/www.rajapack.cz\/blog-cz\/wp-content\/uploads\/2026\/04\/Navrh-bez-nazvu-54.png","contentUrl":"https:\/\/www.rajapack.cz\/blog-cz\/wp-content\/uploads\/2026\/04\/Navrh-bez-nazvu-54.png","width":1000,"height":560},{"@type":"WebSite","@id":"https:\/\/www.rajapack.cz\/blog-cz\/#website","url":"https:\/\/www.rajapack.cz\/blog-cz\/","name":"Tipy a rady z oblasti logistiky, obal\u016f i p\u0159epravy | Rajapack","description":"Na\u010derpejte na na\u0161em blogu odborn\u00e9 tipy v oblasti logistiky i obal\u016f pro r\u016fzn\u00e9 typy balen\u00ed \u2714 Zaj\u00edmav\u00e9 \u010dl\u00e1nky a aktuality ze sv\u011bta obalov\u00fdch materi\u00e1l\u016f \u2714","potentialAction":[{"@type":"SearchAction","target":{"@type":"EntryPoint","urlTemplate":"https:\/\/www.rajapack.cz\/blog-cz\/?s={search_term_string}"},"query-input":"required name=search_term_string"}],"inLanguage":"cs"},{"@type":"Person","@id":"https:\/\/www.rajapack.cz\/blog-cz\/#\/schema\/person\/c1d734291177e42481124ecdf89d4aaf","name":"Petra Duongov\u00e1","image":{"@type":"ImageObject","inLanguage":"cs","@id":"https:\/\/www.rajapack.cz\/blog-cz\/#\/schema\/person\/image\/","url":"https:\/\/secure.gravatar.com\/avatar\/8d665ed1e747672d4bbdbb6640338389?s=96&d=mm&r=g","contentUrl":"https:\/\/secure.gravatar.com\/avatar\/8d665ed1e747672d4bbdbb6640338389?s=96&d=mm&r=g","caption":"Petra Duongov\u00e1"},"url":"https:\/\/www.rajapack.cz\/blog-cz\/author\/lenka"}]}},"_links":{"self":[{"href":"https:\/\/www.rajapack.cz\/blog-cz\/wp-json\/wp\/v2\/posts\/13149"}],"collection":[{"href":"https:\/\/www.rajapack.cz\/blog-cz\/wp-json\/wp\/v2\/posts"}],"about":[{"href":"https:\/\/www.rajapack.cz\/blog-cz\/wp-json\/wp\/v2\/types\/post"}],"author":[{"embeddable":true,"href":"https:\/\/www.rajapack.cz\/blog-cz\/wp-json\/wp\/v2\/users\/33"}],"replies":[{"embeddable":true,"href":"https:\/\/www.rajapack.cz\/blog-cz\/wp-json\/wp\/v2\/comments?post=13149"}],"version-history":[{"count":4,"href":"https:\/\/www.rajapack.cz\/blog-cz\/wp-json\/wp\/v2\/posts\/13149\/revisions"}],"predecessor-version":[{"id":13154,"href":"https:\/\/www.rajapack.cz\/blog-cz\/wp-json\/wp\/v2\/posts\/13149\/revisions\/13154"}],"wp:featuredmedia":[{"embeddable":true,"href":"https:\/\/www.rajapack.cz\/blog-cz\/wp-json\/wp\/v2\/media\/13150"}],"wp:attachment":[{"href":"https:\/\/www.rajapack.cz\/blog-cz\/wp-json\/wp\/v2\/media?parent=13149"}],"wp:term":[{"taxonomy":"category","embeddable":true,"href":"https:\/\/www.rajapack.cz\/blog-cz\/wp-json\/wp\/v2\/categories?post=13149"},{"taxonomy":"post_tag","embeddable":true,"href":"https:\/\/www.rajapack.cz\/blog-cz\/wp-json\/wp\/v2\/tags?post=13149"}],"curies":[{"name":"wp","href":"https:\/\/api.w.org\/{rel}","templated":true}]}}