{"id":13131,"date":"2026-01-23T16:00:50","date_gmt":"2026-01-23T15:00:50","guid":{"rendered":"https:\/\/www.rajapack.cz\/blog-cz\/?p=13131"},"modified":"2026-01-23T16:37:59","modified_gmt":"2026-01-23T15:37:59","slug":"jak-nova-regulace-ppwr-promeni-vase-obaly","status":"publish","type":"post","link":"https:\/\/www.rajapack.cz\/blog-cz\/jak-nova-regulace-ppwr-promeni-vase-obaly","title":{"rendered":"Jak nov\u00e1 regulace PPWR prom\u011bn\u00ed va\u0161e obaly?"},"content":{"rendered":"<p>Trh s obaly stoj\u00ed na prahu z\u00e1sadn\u00edho zlomu. S PPWR (Packaging and Packaging Waste Regulation) p\u0159ipravuje Evropsk\u00e1 unie prvn\u00ed regulaci zcela v\u011bnovanou obal\u016fm a obalov\u00e9mu odpadu. Na rozd\u00edl od sou\u010dasn\u00fdch sm\u011brnic bude m\u00edt tento text p\u0159\u00edm\u00fd dopad ve v\u0161ech \u010dlensk\u00fdch st\u00e1tech, harmonizuje pravidla a urychl\u00ed p\u0159echod na cirkul\u00e1rn\u00ed ekonomiku.<\/p>\n<p>Na druhou stranu je to prvn\u00ed p\u0159edpis, kter\u00fd ukl\u00e1d\u00e1 \u0159adu z\u00e1vazn\u00fdch c\u00edl\u016f.<\/p>\n<p>Pro B2B spole\u010dnosti, v\u00fdrobce, distributory, e-shopy, logistiky nebo dokonce hr\u00e1\u010de v restaurac\u00edch je PPWR jak r\u00e1mcem regula\u010dn\u00edch povinnost\u00ed, tak strategickou p\u0159\u00edle\u017eitost\u00ed.<\/p>\n<h2 class=\"wp-block-heading\">Co je regulace PPWR?<\/h2>\n<p>Ne\u017e zm\u011bn\u00edte sv\u00e9 postupy, je nezbytn\u00e9 pochopit, co PPWR pokr\u00fdv\u00e1.\u00a0<strong>Na\u0159\u00edzen\u00ed (EU) 2025\/40 o obalov\u00e9m a obalov\u00e9m odpadu<\/strong>\u00a0navazuje na sm\u011brnici 94\/62\/ES a usiluje o harmonizaci pravidel ve v\u0161ech \u010dlensk\u00fdch st\u00e1tech.<\/p>\n<p><strong>Upozorn\u011bn\u00ed<\/strong>: PPWR vstupuje v platnost 12. srpna 2026 pro v\u011bt\u0161inu z\u00e1vazk\u016f, ale n\u011bkter\u00e9 aspekty, jako je ozna\u010dov\u00e1n\u00ed nebo m\u00edra recyklovan\u00e9ho obsahu, jsou rozlo\u017eeny a\u017e do roku 2040.<\/p>\n<h2 class=\"wp-block-heading\">Pro koho je ur\u010dena regulace PPWR?<\/h2>\n<p>Zaj\u00edm\u00e1 v\u00e1s, jestli je va\u0161e aktivita ovlivn\u011bna?<\/p>\n<p>Odpov\u011b\u010f je jednoduch\u00e1:\u00a0<strong>v\u0161echny sektory a materi\u00e1ly jsou zahrnuty<\/strong>.<\/p>\n<p>PPWR se vztahuje na:<\/p>\n<ul class=\"wp-block-list\">\n<li><strong>V\u0161echny materi\u00e1ly:<\/strong>\u00a0plast, karton, sklo, kov, d\u0159evo, textil&#8230;<\/li>\n<li><strong>V\u0161echny spole\u010dnosti<\/strong>: pr\u016fmysl, distribuce, logistika, e-commerce, catering atd.<\/li>\n<li><strong>Cel\u00fd hodnotov\u00fd \u0159et\u011bzec<\/strong>: od v\u00fdroby p\u0159es marketing a\u017e po \u0159\u00edzen\u00ed na konci \u017eivotnosti.<\/li>\n<\/ul>\n<h2 class=\"wp-block-heading\">Pro\u010d byl z\u00e1kon PPWR zaveden?<\/h2>\n<p>Z\u00e1kon PPWR byl p\u0159ijat v reakci na neust\u00e1l\u00fd n\u00e1r\u016fst odpadu z obal\u016f v Evrop\u011b, rozd\u00edly v pravidlech mezi \u010dlensk\u00fdmi st\u00e1ty a limity st\u00e1vaj\u00edc\u00edch p\u0159edpis\u016f, kter\u00e9 jsou pova\u017eov\u00e1ny za nedostate\u010dn\u011b omezuj\u00edc\u00ed.<\/p>\n<p>Podle Evropsk\u00e9 komise se odpad z obal\u016f za deset let zv\u00fd\u0161il o v\u00edce ne\u017e 20 % a bez z\u00e1sahu by mohl do roku 2030 vzr\u016fst o dal\u0161\u00edch 19 %. PPWR je tedy v souladu s c\u00edli Evropsk\u00e9 zelen\u00e9 dohody a Ak\u010dn\u00edho pl\u00e1nu pro cirkul\u00e1rn\u00ed ekonomiku, kter\u00e9 maj\u00ed za c\u00edl:<\/p>\n<ul class=\"wp-block-list\">\n<li>zabr\u00e1nit vzniku odpadu p\u0159\u00edmo u zdroje;<\/li>\n<li>zlep\u0161it skute\u010dnou recyklovatelnost obal\u016f;<\/li>\n<li>omezit pou\u017e\u00edv\u00e1n\u00ed l\u00e1tek, kter\u00e9 jsou p\u0159edm\u011btem obav (nap\u0159\u00edklad PFAS);<\/li>\n<li>harmonizovat po\u017eadavky na vnit\u0159n\u00edm trhu, aby byla zaji\u0161t\u011bna spravedliv\u00e1 konkurence a lep\u0161\u00ed viditelnost pro spot\u0159ebitele a podniky.<\/li>\n<\/ul>\n<h2 class=\"wp-block-heading\">Kdy byste m\u011bli uplatnit regulaci PPWR?<\/h2>\n<p>Na\u0159\u00edzen\u00ed (EU) 2025\/40, zn\u00e1m\u00e9 jako PPWR (Na\u0159\u00edzen\u00ed o obalov\u00e9m a obalov\u00e9m odpadu), vstoupilo v platnost 11. \u00fanora 2025 po jeho zve\u0159ejn\u011bn\u00ed v\u00a0\u00da\u0159edn\u00edm v\u011bstn\u00edku Evropsk\u00e9 unie dne 22. ledna 2025.<\/p>\n<p>Spole\u010dnosti v\u0161ak budou muset za\u010d\u00edt plnit prvn\u00ed praktick\u00e9 povinnosti od 12. srpna 2026 podle harmonogramu postupn\u00fdch term\u00edn\u016f, kter\u00e9 maj\u00ed doprov\u00e1zet p\u0159echod.<\/p>\n<p>Zde jsou kl\u00ed\u010dov\u00e1 data, na kter\u00e1 byste m\u011bli pamatovat, abyste balen\u00ed postupn\u011b p\u0159izp\u016fsobovali:<\/p>\n<ul class=\"wp-block-list\">\n<li><strong>\u00danor 2025<\/strong>: Vstup v platnost na\u0159\u00edzen\u00ed (EU) 2025\/40.<\/li>\n<li><strong>Srpen 2026<\/strong>: prvn\u00ed provozn\u00ed povinnosti pro va\u0161e balen\u00ed.<\/li>\n<li><strong>\u00danor 2028<\/strong>: Zaveden\u00ed omezen\u00ed &#8222;pr\u00e1zdn\u00fdch m\u00edst&#8220; v obalech a z\u00e1kaz PFAS v obalech potravin.<\/li>\n<li><strong>Srpen 2028<\/strong>: Harmonizovan\u00e1 povinnost ozna\u010dov\u00e1n\u00ed na v\u0161ech obalech, kter\u00e9 maj\u00ed b\u00fdt sb\u00edr\u00e1ny samostatn\u011b.<\/li>\n<li><strong>Leden 2030<\/strong>: povinn\u00e1 klasifikace recyklovatelnosti ka\u017ed\u00e9ho obalu (A, B, C, D).<\/li>\n<\/ul>\n<p data-path-to-node=\"4,4,0\"><img loading=\"lazy\" decoding=\"async\" class=\"alignnone wp-image-13133\" src=\"https:\/\/www.rajapack.cz\/blog-cz\/wp-content\/uploads\/2026\/01\/dates-cles-PPWR-1024x504-1-430x40.jpg\" alt=\"\" width=\"796\" height=\"74\" srcset=\"https:\/\/www.rajapack.cz\/blog-cz\/wp-content\/uploads\/2026\/01\/dates-cles-PPWR-1024x504-1-430x40.jpg 430w, https:\/\/www.rajapack.cz\/blog-cz\/wp-content\/uploads\/2026\/01\/dates-cles-PPWR-1024x504-1-768x72.jpg 768w, https:\/\/www.rajapack.cz\/blog-cz\/wp-content\/uploads\/2026\/01\/dates-cles-PPWR-1024x504-1.jpg 1024w\" sizes=\"(max-width: 796px) 100vw, 796px\" \/><\/p>\n<h2 class=\"wp-block-heading\">Jak\u00e9 jsou rozd\u00edly mezi sm\u011brnic\u00ed 94\/62\/ES a PPWR?<\/h2>\n<p>Zaj\u00edm\u00e1 v\u00e1s, co se vlastn\u011b m\u011bn\u00ed?<\/p>\n<p>PPWR zav\u00e1d\u00ed nov\u00e1 a mnohem p\u0159\u00edsn\u011bj\u0161\u00ed opat\u0159en\u00ed, v\u010detn\u011b:<\/p>\n<ul class=\"wp-block-list\">\n<li><strong>\u0160irok\u00e1 recyklovatelnost<\/strong>: v\u0161echny va\u0161e obaly mus\u00ed b\u00fdt recyklovateln\u00e9, s minim\u00e1ln\u011b 70 % do roku 2030.<\/li>\n<li><strong>Minim\u00e1ln\u00ed m\u00edra recyklovan\u00e9ho obsahu<\/strong>\u00a0v plastech: 10 % pro potravin\u00e1\u0159sk\u00e9 obaly, 35 % pro ostatn\u00ed.<\/li>\n<li><strong>Z\u00e1kaz n\u011bkter\u00fdch jednor\u00e1zov\u00fdch plastov\u00fdch obal\u016f<\/strong>.<\/li>\n<li><strong>Sn\u00ed\u017een\u00ed vakua v bal\u00ed\u010dc\u00edch<\/strong>\u00a0na maxim\u00e1ln\u011b 50 %.<\/li>\n<li><strong>Zv\u00fd\u0161en\u00ed c\u00edl\u016f op\u011btovn\u00e9ho vyu\u017eit\u00ed<\/strong>, zejm\u00e9na pro dopravu (40 % do roku 2030).<\/li>\n<li><strong>Odstran\u011bn\u00ed nadm\u011brn\u00e9ho balen\u00ed<\/strong>: m\u00e9n\u011b ne\u017e 5 % do roku 2030.<\/li>\n<li><strong>Z\u00e1kaz PFAS<\/strong>\u00a0v obalech, v\u010detn\u011b obal\u016f s potravinami.<\/li>\n<li><strong>Harmonizace ozna\u010dov\u00e1n\u00ed<\/strong>\u00a0a zaveden\u00ed digit\u00e1ln\u00edho produktov\u00e9ho pasu.<\/li>\n<\/ul>\n<h3 class=\"wp-block-heading\"><strong>Jak\u00e9 c\u00edle PPWR budete muset do roku 2040 dos\u00e1hnout?<\/strong><\/h3>\n<p>Evropsk\u00e9 p\u0159edpisy stanovuj\u00ed ambici\u00f3zn\u00ed nov\u00e9 c\u00edle na urychlen\u00ed p\u0159echodu na cirkul\u00e1rn\u00ed ekonomiku a omezen\u00ed dopadu obal\u016f na \u017eivotn\u00ed prost\u0159ed\u00ed. Zjist\u011bte, co budete muset p\u0159edv\u00eddat a zav\u00e9st hned.<\/p>\n<p>Do roku 2040 bu\u010fte p\u0159ipraveni setkat se:<\/p>\n<ul class=\"wp-block-list\">\n<li><strong>Znovu pou\u017e\u00edt pro obaly<\/strong>:\n<ul class=\"wp-block-list\">\n<li><strong>40 % obal\u016f bylo znovu pou\u017eito<\/strong>\u00a0na n\u00e1poje.<\/li>\n<li><strong>70 % op\u011btovn\u00e9ho vyu\u017eit\u00ed<\/strong>\u00a0pro p\u0159epravu a prodejn\u00ed obaly.<\/li>\n<li><strong>25 % op\u011btovn\u00e9ho pou\u017eit\u00ed<\/strong>\u00a0pro v\u00edcebalen\u00ed.<\/li>\n<\/ul>\n<\/li>\n<li><strong>Sn\u00ed\u017een\u00ed odpadu z obal\u016f<\/strong>:\n<ul class=\"wp-block-list\">\n<li><strong>M\u00e9n\u011b odpadu na obyvatele<\/strong>\u00a0v Evrop\u011b ve srovn\u00e1n\u00ed s rokem 2028.<\/li>\n<\/ul>\n<\/li>\n<li><strong>Minim\u00e1ln\u00ed m\u00edra recyklovan\u00e9ho obsahu<\/strong>:\n<ul class=\"wp-block-list\">\n<li><strong>50 % recyklovan\u00e9ho PET<\/strong>\u00a0a\u00a0<strong>25 % dal\u0161\u00edch plast\u016f<\/strong>\u00a0v potravin\u00e1\u0159sk\u00fdch a farmaceutick\u00fdch obalech.<\/li>\n<li><strong>65 % recyklovan\u00e9ho obsahu<\/strong>\u00a0pro jin\u00e9 plastov\u00e9 obaly.<\/li>\n<\/ul>\n<\/li>\n<\/ul>\n<p>P\u0159edv\u00eddejte tyto z\u00e1vazky je\u0161t\u011b dnes, abyste zajistili soulad sv\u00fdch logistick\u00fdch tok\u016f a aktivn\u011b p\u0159isp\u011bli ke sni\u017eov\u00e1n\u00ed ekologick\u00e9 stopy va\u0161\u00ed spole\u010dnosti.<\/p>\n<h2 class=\"wp-block-heading\">Jak\u00e9 balen\u00ed zvolit, abyste p\u0159edv\u00eddali PPWR?<\/h2>\n<p>Nyn\u00ed se m\u016f\u017eete na p\u0159echod p\u0159ipravit t\u00edm, \u017ee p\u0159ijmete \u0159e\u0161en\u00ed, kter\u00e1 odpov\u00eddaj\u00ed budouc\u00edm p\u0159edpis\u016fm.<\/p>\n<p>Zde je n\u011bkolik p\u0159\u00edklad\u016f obal\u016f, kter\u00e9 m\u016f\u017eete ve sv\u00e9m podnik\u00e1n\u00ed zvolit:<\/p>\n<h3 class=\"wp-block-heading\">Recyklovateln\u00e9 obaly z monomateri\u00e1l\u016f<\/h3>\n<figure class=\"wp-block-table\">\n<table>\n<tbody>\n<tr>\n<td><img loading=\"lazy\" decoding=\"async\" src=\"https:\/\/raja.scene7.com\/is\/image\/Raja\/products\/cenov-v-hodn-balic-pap-r-raja_OFF_CZ_0225.jpg?image=M_PKR726_O_A1_0611_F$default$&amp;hei=600&amp;wid=600&amp;fmt=jpg&amp;qlt=85,0&amp;resMode=sharp2&amp;op_usm=1.75,0.3,2,0\" alt=\"Cenov\u011b v\u00fdhodn\u00fd balic\u00ed pap\u00edr | RAJA - 4\" \/><\/td>\n<td><a href=\"https:\/\/www.rajapack.cz\/vyplnovy-fixacni-material\/lepenka-balici-papiry\/balici-papir-role_OFF_CZ_0225.html\"><strong>Recyklovan\u00fd kraftov\u00fd pap\u00edr<\/strong><\/a>\u00a0je ide\u00e1ln\u00ed pro ochranu a zabezpe\u010den\u00ed va\u0161ich produkt\u016f p\u0159i omezen\u00ed pou\u017e\u00edv\u00e1n\u00ed nov\u00fdch materi\u00e1l\u016f.<\/td>\n<\/tr>\n<tr>\n<td><img loading=\"lazy\" decoding=\"async\" src=\"https:\/\/raja.scene7.com\/is\/image\/Raja\/products\/z-silkov-ob-lky-z-hladk-lepenky-hn_OFF_CZ_1256.jpg?template=TemplatePictoImage&amp;$ImageMain=M_TP320C_A2_FR&amp;$PictoRight=NoPicto&amp;$PictoLeft=NoPicto&amp;resMode=sharp2&amp;op_usm=1.75,0.3,2,0\" alt=\"Z\u00e1silkov\u00e9 ob\u00e1lky z hladk\u00e9 lepenky, hn\u011bd\u00e9 - 1\" \/><\/td>\n<td><a href=\"https:\/\/www.rajapack.cz\/obalky-tubusy\/kartonove-obalky\/hnede-zasilkove-obalky-hladke-lepenky-lightbag-plus_OFF_CZ_1256.html\"><strong>Hn\u011bd\u00e9 pouzdro s samolepic\u00edm uz\u00e1v\u011brem<\/strong><\/a>\u00a0zaji\u0161\u0165uje spolehliv\u00e9 a odpov\u011bdn\u00e9 doru\u010den\u00ed.<\/td>\n<\/tr>\n<tr>\n<td><img loading=\"lazy\" decoding=\"async\" src=\"https:\/\/raja.scene7.com\/is\/image\/Raja\/products\/bavln-ky-bez-skladu_OFF_CZ_0964.jpg?template=TemplatePictoImage&amp;$ImageMain=M_FSCOT113NA_S_IT&amp;$PictoRight=NoPicto&amp;$PictoLeft=NoPicto&amp;resMode=sharp2&amp;op_usm=1.75,0.3,2,0\" alt=\"Bavln\u011bn\u00e9 ta\u0161ky bez skladu\" \/><\/td>\n<td><a href=\"https:\/\/www.rajapack.cz\/tasky-darkove-baleni\/bavlnene-tasky_OFF_CZ_0964.html\" target=\"_blank\" rel=\"noreferrer noopener\" data-gtm-tracked-element=\"true\"><strong>Ta\u0161ka z ekologicky udr\u017eiteln\u00fdch materi\u00e1l\u016f<\/strong><\/a>\u00a0je udr\u017eitelnou alternativou k jednor\u00e1zov\u00fdm ta\u0161k\u00e1m.<\/td>\n<\/tr>\n<tr>\n<td><img loading=\"lazy\" decoding=\"async\" class=\"\" src=\"https:\/\/raja.scene7.com\/is\/image\/Raja\/products\/krabice-automatick-dnem-samolepic-prou-kem-raja_OFF_CZ_0849.jpg?image=M_PF50_O_A1_FR$default$&amp;hei=600&amp;wid=600&amp;fmt=jpg&amp;qlt=85,0&amp;resMode=sharp2&amp;op_usm=1.75,0.3,2,0\" alt=\"Krabice s automatick\u00fdm dnem a samolepic\u00edm prou\u017ekem | RAJA - 2\" width=\"530\" height=\"530\" \/><\/td>\n<td><strong><a href=\"https:\/\/www.rajapack.cz\/kartonove-krabice\/klopove\/automaticke-dno-a-samolepici-prouzek_OFF_CZ_0849.html\">Krabice s automatick\u00fdm dnem<\/a><\/strong> pro bleskurychl\u00e9 slo\u017een\u00ed.<\/td>\n<\/tr>\n<\/tbody>\n<\/table>\n<\/figure>\n<h3 class=\"wp-block-heading\">Mnoho plastov\u00fdch v\u00fdrobk\u016f obsahuje alespo\u0148 35 % recyklovan\u00e9ho obsahu<\/h3>\n<figure class=\"wp-block-table\">\n<table>\n<tbody>\n<tr>\n<td><img loading=\"lazy\" decoding=\"async\" src=\"https:\/\/raja.scene7.com\/is\/image\/Raja\/products\/stohovateln-europ-epravka-eln-otvorem_OFF_CZ_52979.jpg?image=M_2263R_S_FR$default$&amp;hei=600&amp;wid=600&amp;fmt=jpg&amp;qlt=85,0&amp;resMode=sharp2&amp;op_usm=1.75,0.3,2,0\" alt=\"Stohovateln\u00e1 europ\u0159epravka s \u010deln\u00edm otvorem - 2\" \/><\/td>\n<td><a href=\"https:\/\/www.rajapack.cz\/skladovani-manipulace\/plastove-boxy-prepravky-zasobniky\/europrepravka-s-celnim-otvorem_OFF_CZ_52979.html\" target=\"_blank\" rel=\"noreferrer noopener\" data-gtm-tracked-element=\"true\"><strong>100% recyklovan\u00e1 stohovateln\u00e1 europ\u0159epravka<\/strong><\/a> je navr\u017eena pro p\u0159epravu a skladov\u00e1n\u00ed v ob\u011b\u017en\u00e9 logistice.<\/td>\n<\/tr>\n<tr>\n<td><img loading=\"lazy\" decoding=\"async\" src=\"https:\/\/raja.scene7.com\/is\/image\/Raja\/products\/plastov-palety-raja_OFF_CZ_0706.jpg?image=M_RPL1208_O_S_0510_F$default$&amp;hei=600&amp;wid=600&amp;fmt=jpg&amp;qlt=85,0&amp;resMode=sharp2&amp;op_usm=1.75,0.3,2,0\" alt=\"Plastov\u00e9 palety | RAJA - 2\" \/><\/td>\n<td><a href=\"https:\/\/www.rajapack.cz\/paletizace-folie\/palety-ochrana-palet\/plastove-palety_OFF_CZ_0706.html\" data-gtm-tracked-element=\"true\"><strong>Lehk\u00e1 paleta<\/strong><\/a> je ide\u00e1ln\u00ed pro optimalizaci p\u0159epravy p\u0159i sni\u017eov\u00e1n\u00ed uhl\u00edkov\u00e9 stopy.<\/td>\n<\/tr>\n<tr>\n<td><img loading=\"lazy\" decoding=\"async\" src=\"https:\/\/raja.scene7.com\/is\/image\/Raja\/products\/euro-p-epravka-ekonomick-100-recyklovan_OFF_CZ_1286.jpg?image=M_E6432R_S_FR$default$&amp;hei=600&amp;wid=600&amp;fmt=jpg&amp;qlt=85,0&amp;resMode=sharp2&amp;op_usm=1.75,0.3,2,0\" alt=\"Euro p\u0159epravka ekonomick\u00e1, 100% recyklovan\u00e1 - 6\" \/><\/td>\n<td><a href=\"https:\/\/www.rajapack.cz\/skladovani-manipulace\/plastove-boxy-prepravky-zasobniky\/euro-prepravka-ekonomicka_OFF_CZ_1286.html\"><strong>100% recyklovan\u00e1 europ\u0159epravka<\/strong><\/a> usnad\u0148uje skladov\u00e1n\u00ed, p\u0159\u00edpravu a redukci jednor\u00e1zov\u00fdch obal\u016f.<\/td>\n<\/tr>\n<\/tbody>\n<\/table>\n<\/figure>\n<h3 class=\"wp-block-heading\">Obaly navr\u017een\u00e9 tak, aby se sn\u00ed\u017eilo mno\u017estv\u00ed vzduchu v bal\u00edc\u00edch a omezily n\u00e1klady na p\u0159epravu.<\/h3>\n<figure class=\"wp-block-table\">\n<table>\n<tbody>\n<tr>\n<td><img loading=\"lazy\" decoding=\"async\" src=\"https:\/\/raja.scene7.com\/is\/image\/Raja\/products\/klopov-krabice-automatick-dnem-varia-standard-3vvl_PDT01532.jpg?template=TemplatePictoImage&amp;$ImageMain=M_CHV10_D_P12_100_F&amp;$PictoRight=NoPicto&amp;$PictoLeft=NoPicto&amp;resMode=sharp2&amp;op_usm=1.75,0.3,2,0\" alt=\"Klopov\u00e9 krabice s automatick\u00fdm dnem Varia standard, 3VVL - 1\" \/><\/td>\n<td><a href=\"https:\/\/www.rajapack.cz\/kartonove-krabice\/specialni-formaty\/klopove-krabice-automatickym-dnem-varia-standard-3vvl_PDT01532.html\"><strong>Krabice s variabiln\u00ed v\u00fd\u0161kou<\/strong><\/a> sni\u017euje p\u0159epravn\u00ed objemy, snadno se p\u0159izp\u016fsob\u00ed r\u016fzn\u00fdm v\u00fd\u0161k\u00e1m obsahu a eliminuje pot\u0159ebu nadm\u011brn\u00e9ho pou\u017eit\u00ed fixa\u010dn\u00edch (v\u00fdpl\u0148ov\u00fdch) materi\u00e1l\u016f.<\/td>\n<\/tr>\n<tr>\n<td><img loading=\"lazy\" decoding=\"async\" src=\"https:\/\/raja.scene7.com\/is\/image\/Raja\/products\/pap-rov-ob-lka-bo-mi-sklady-samolepic-uz-v-rem-raja_OFF_CZ_1258.jpg?image=M_PKE2642_ACCESSORY_01$default$&amp;hei=600&amp;wid=600&amp;fmt=jpg&amp;qlt=85,0&amp;resMode=sharp2&amp;op_usm=1.75,0.3,2,0\" alt=\"Pap\u00edrov\u00e1 ob\u00e1lka s bo\u010dn\u00edmi sklady a se samolepic\u00edm uz\u00e1v\u011brem | RAJA - 3\" \/><\/td>\n<td><strong><a href=\"https:\/\/www.rajapack.cz\/obalky-tubusy\/postovni-obalky\/papirove-obalky-bocnimi-sklady-samolepici_OFF_CZ_1258.html\">Pap\u00edrov\u00e1 ob\u00e1lka s bo\u010dn\u00edmi sklady<\/a><\/strong> je ide\u00e1ln\u00ed pro vratnou logistiku \u2013 sni\u017euje mno\u017estv\u00ed odpadu a zjednodu\u0161uje \u0159\u00edzen\u00ed logistick\u00fdch tok\u016f.<\/td>\n<\/tr>\n<tr>\n<td><img loading=\"lazy\" decoding=\"async\" src=\"https:\/\/raja.scene7.com\/is\/image\/Raja\/products\/hn-bublinkov-ob-lky-raja_OFF_CZ_1296.jpg?template=TemplatePictoImage&amp;$ImageMain=oes1918881AA&amp;$PictoRight=NoPicto&amp;$PictoLeft=NoPicto&amp;resMode=sharp2&amp;op_usm=1.75,0.3,2,0\" alt=\"Hn\u011bd\u00e9 bublinkov\u00e9 ob\u00e1lky | RAJA - 1\" \/><\/td>\n<td>\u00a0<strong><a href=\"https:\/\/www.rajapack.cz\/obalky-tubusy\/narazuvzdorne-obalky\/hnede-bublinkove-obalky_OFF_CZ_1296.html\">Hn\u011bd\u00e9 bublinkov\u00e9 ob\u00e1lky<\/a><\/strong> \u00fa\u010dinn\u011b chr\u00e1n\u00ed k\u0159ehk\u00e9 produkty a z\u00e1rove\u0148 omezuje pou\u017eit\u00ed plast\u016f.<\/td>\n<\/tr>\n<\/tbody>\n<\/table>\n<\/figure>\n<h3 class=\"wp-block-heading\">Ekologicky navr\u017een\u00e9 produkty, kter\u00e9 byly sn\u00ed\u017eeny na hmotnosti nebo tlou\u0161\u0165ce<\/h3>\n<figure class=\"wp-block-table\">\n<table>\n<tbody>\n<tr>\n<td><img loading=\"lazy\" decoding=\"async\" src=\"https:\/\/raja.scene7.com\/is\/image\/Raja\/products\/ultratenk-3-8-mikronov-p-edepnut-stretch-f-lie-ka-380mm-lka-1000m_FPC3.jpg?template=TemplatePictoImage&amp;$ImageMain=M_FPC3_PACKSHOT_01&amp;$PictoRight=NoPicto&amp;$PictoLeft=NoPicto&amp;resMode=sharp2&amp;op_usm=1.75,0.3,2,0\" alt=\"Ultratenk\u00e1 3,8 mikronov\u00e1 p\u0159edepnut\u00e1 stretch f\u00f3lie, \u0161\u0159ka 380mm, d\u00e9lka 1000m - 1\" \/><\/td>\n<td><a href=\"https:\/\/www.rajapack.cz\/paletizace-folie\/rucni-stretch-folie\/ultratenka-predepnuta-rucni-stretch-folie_skuFPC3.html\" target=\"_blank\" rel=\"noreferrer noopener\" data-gtm-tracked-element=\"true\"><strong>Pr\u016fhledn\u00e1 ru\u010dn\u011b p\u0159ednata\u017een\u00e1 stretch f\u00f3lie <\/strong><\/a>sni\u017euje mno\u017estv\u00ed pou\u017eit\u00e9ho plastu, ani\u017e by ohrozila stabilitu.<\/td>\n<\/tr>\n<\/tbody>\n<\/table>\n<\/figure>\n<p>&nbsp;<\/p>\n<h2 class=\"wp-block-heading\">Jak te\u010f spolupracujete?<\/h2>\n<p>Pro p\u0159\u00edpravu na vstup PPWR v platnost si najd\u011bte \u010das na:<\/p>\n<ul class=\"wp-block-list\">\n<li><strong>Analyzujte sv\u016fj sou\u010dasn\u00fd sortiment balen\u00ed<\/strong>, abyste zjistili, co je t\u0159eba vym\u011bnit.<\/li>\n<li><strong>Spolupracujte s dodavateli, kte\u0159\u00ed se zav\u00e1zali<\/strong>\u00a0k n\u00e1vrhu recyklovateln\u00fdch, znovupou\u017eiteln\u00fdch a obal\u016f s ni\u017e\u0161\u00edm dopadem.<\/li>\n<li><strong>Pro\u0161kolte sv\u00e9 t\u00fdmy<\/strong>\u00a0v nov\u00fdch pravidlech a nov\u00fdch t\u0159\u00eddic\u00edch gestech.<\/li>\n<li><strong>Zav\u00e9st regula\u010dn\u00ed dohled<\/strong>\u00a0k p\u0159edv\u00edd\u00e1n\u00ed budouc\u00edho v\u00fdvoje.<\/li>\n<\/ul>\n","protected":false},"excerpt":{"rendered":"<p>Trh s obaly stoj\u00ed na prahu z\u00e1sadn\u00edho zlomu. S PPWR (Packaging and Packaging Waste Regulation) p\u0159ipravuje Evropsk\u00e1 unie prvn\u00ed regulaci zcela v\u011bnovanou obal\u016fm a obalov\u00e9mu odpadu. Na rozd\u00edl od sou\u010dasn\u00fdch [&#8230;]<\/p>\n","protected":false},"author":33,"featured_media":13136,"comment_status":"open","ping_status":"open","sticky":false,"template":"","format":"standard","meta":{"_acf_changed":false,"footnotes":""},"categories":[1212],"tags":[],"class_list":["post-13131","post","type-post","status-publish","format-standard","has-post-thumbnail","hentry","category-ekologie-v-obalech"],"acf":[],"yoast_head":"\n<title>Jak nov\u00e1 regulace PPWR prom\u011bn\u00ed va\u0161e obaly? - Tipy a rady z oblasti logistiky, obal\u016f i p\u0159epravy | Rajapack<\/title>\n<meta name=\"description\" content=\"Trh s obaly stoj\u00ed na prahu z\u00e1sadn\u00edho zlomu. S PPWR p\u0159ipravuje Evropsk\u00e1 unie prvn\u00ed regulaci zcela v\u011bnovanou obal\u016fm a obalov\u00e9mu odpadu.\" \/>\n<meta name=\"robots\" content=\"index, follow, max-snippet:-1, max-image-preview:large, max-video-preview:-1\" \/>\n<link rel=\"canonical\" href=\"https:\/\/www.rajapack.cz\/blog-cz\/jak-nova-regulace-ppwr-promeni-vase-obaly\" \/>\n<meta property=\"og:locale\" content=\"cs_CZ\" \/>\n<meta property=\"og:type\" content=\"article\" \/>\n<meta property=\"og:title\" content=\"Jak nov\u00e1 regulace PPWR prom\u011bn\u00ed va\u0161e obaly? - Tipy a rady z oblasti logistiky, obal\u016f i p\u0159epravy | Rajapack\" \/>\n<meta property=\"og:description\" content=\"Trh s obaly stoj\u00ed na prahu z\u00e1sadn\u00edho zlomu. S PPWR p\u0159ipravuje Evropsk\u00e1 unie prvn\u00ed regulaci zcela v\u011bnovanou obal\u016fm a obalov\u00e9mu odpadu.\" \/>\n<meta property=\"og:url\" content=\"https:\/\/www.rajapack.cz\/blog-cz\/jak-nova-regulace-ppwr-promeni-vase-obaly\" \/>\n<meta property=\"og:site_name\" content=\"Tipy a rady z oblasti logistiky, obal\u016f i p\u0159epravy | Rajapack\" \/>\n<meta property=\"article:published_time\" content=\"2026-01-23T15:00:50+00:00\" \/>\n<meta property=\"article:modified_time\" content=\"2026-01-23T15:37:59+00:00\" \/>\n<meta property=\"og:image\" content=\"https:\/\/www.rajapack.cz\/blog-cz\/wp-content\/uploads\/2026\/01\/Navrh-bez-nazvu-40.png\" \/>\n\t<meta property=\"og:image:width\" content=\"1000\" \/>\n\t<meta property=\"og:image:height\" content=\"560\" \/>\n\t<meta property=\"og:image:type\" content=\"image\/png\" \/>\n<meta name=\"author\" content=\"Petra Duongov\u00e1\" \/>\n<meta name=\"twitter:label1\" content=\"Napsal(a)\" \/>\n\t<meta name=\"twitter:data1\" content=\"Petra Duongov\u00e1\" \/>\n\t<meta name=\"twitter:label2\" content=\"Odhadovan\u00e1 doba \u010dten\u00ed\" \/>\n\t<meta name=\"twitter:data2\" content=\"8 minut\" \/>\n<script type=\"application\/ld+json\" class=\"yoast-schema-graph\">{\n\t    \"@context\": \"https:\/\/schema.org\",\n\t    \"@graph\": [\n\t        {\n\t            \"@type\": \"WebPage\",\n\t            \"@id\": \"https:\/\/www.rajapack.cz\/blog-cz\/jak-nova-regulace-ppwr-promeni-vase-obaly\",\n\t            \"url\": \"https:\/\/www.rajapack.cz\/blog-cz\/jak-nova-regulace-ppwr-promeni-vase-obaly\",\n\t            \"name\": \"Jak nov\u00e1 regulace PPWR prom\u011bn\u00ed va\u0161e obaly? - Tipy a rady z oblasti logistiky, obal\u016f i p\u0159epravy | Rajapack\",\n\t            \"isPartOf\": {\n\t                \"@id\": \"https:\/\/www.rajapack.cz\/blog-cz\/#website\"\n\t            },\n\t            \"primaryImageOfPage\": {\n\t                \"@id\": \"https:\/\/www.rajapack.cz\/blog-cz\/jak-nova-regulace-ppwr-promeni-vase-obaly#primaryimage\"\n\t            },\n\t            \"image\": {\n\t                \"@id\": \"https:\/\/www.rajapack.cz\/blog-cz\/jak-nova-regulace-ppwr-promeni-vase-obaly#primaryimage\"\n\t            },\n\t            \"thumbnailUrl\": \"https:\/\/www.rajapack.cz\/blog-cz\/wp-content\/uploads\/2026\/01\/Navrh-bez-nazvu-40.png\",\n\t            \"datePublished\": \"2026-01-23T15:00:50+00:00\",\n\t            \"dateModified\": \"2026-01-23T15:37:59+00:00\",\n\t            \"author\": {\n\t                \"@id\": \"https:\/\/www.rajapack.cz\/blog-cz\/#\/schema\/person\/c1d734291177e42481124ecdf89d4aaf\"\n\t            },\n\t            \"description\": \"Trh s obaly stoj\u00ed na prahu z\u00e1sadn\u00edho zlomu. S PPWR p\u0159ipravuje Evropsk\u00e1 unie prvn\u00ed regulaci zcela v\u011bnovanou obal\u016fm a obalov\u00e9mu odpadu.\",\n\t            \"inLanguage\": \"cs\",\n\t            \"potentialAction\": [\n\t                {\n\t                    \"@type\": \"ReadAction\",\n\t                    \"target\": [\n\t                        \"https:\/\/www.rajapack.cz\/blog-cz\/jak-nova-regulace-ppwr-promeni-vase-obaly\"\n\t                    ]\n\t                }\n\t            ]\n\t        },\n\t        {\n\t            \"@type\": \"ImageObject\",\n\t            \"inLanguage\": \"cs\",\n\t            \"@id\": \"https:\/\/www.rajapack.cz\/blog-cz\/jak-nova-regulace-ppwr-promeni-vase-obaly#primaryimage\",\n\t            \"url\": \"https:\/\/www.rajapack.cz\/blog-cz\/wp-content\/uploads\/2026\/01\/Navrh-bez-nazvu-40.png\",\n\t            \"contentUrl\": \"https:\/\/www.rajapack.cz\/blog-cz\/wp-content\/uploads\/2026\/01\/Navrh-bez-nazvu-40.png\",\n\t            \"width\": 1000,\n\t            \"height\": 560\n\t        },\n\t        {\n\t            \"@type\": \"WebSite\",\n\t            \"@id\": \"https:\/\/www.rajapack.cz\/blog-cz\/#website\",\n\t            \"url\": \"https:\/\/www.rajapack.cz\/blog-cz\/\",\n\t            \"name\": \"Tipy a rady z oblasti logistiky, obal\u016f i p\u0159epravy | Rajapack\",\n\t            \"description\": \"Na\u010derpejte na na\u0161em blogu odborn\u00e9 tipy v oblasti logistiky i obal\u016f pro r\u016fzn\u00e9 typy balen\u00ed \u2714 Zaj\u00edmav\u00e9 \u010dl\u00e1nky a aktuality ze sv\u011bta obalov\u00fdch materi\u00e1l\u016f \u2714\",\n\t            \"potentialAction\": [\n\t                {\n\t                    \"@type\": \"SearchAction\",\n\t                    \"target\": {\n\t                        \"@type\": \"EntryPoint\",\n\t                        \"urlTemplate\": \"https:\/\/www.rajapack.cz\/blog-cz\/?s={search_term_string}\"\n\t                    },\n\t                    \"query-input\": \"required name=search_term_string\"\n\t                }\n\t            ],\n\t            \"inLanguage\": \"cs\"\n\t        },\n\t        {\n\t            \"@type\": \"Person\",\n\t            \"@id\": \"https:\/\/www.rajapack.cz\/blog-cz\/#\/schema\/person\/c1d734291177e42481124ecdf89d4aaf\",\n\t            \"name\": \"Petra Duongov\u00e1\",\n\t            \"image\": {\n\t                \"@type\": \"ImageObject\",\n\t                \"inLanguage\": \"cs\",\n\t                \"@id\": \"https:\/\/www.rajapack.cz\/blog-cz\/#\/schema\/person\/image\/\",\n\t                \"url\": \"https:\/\/secure.gravatar.com\/avatar\/8d665ed1e747672d4bbdbb6640338389?s=96&d=mm&r=g\",\n\t                \"contentUrl\": \"https:\/\/secure.gravatar.com\/avatar\/8d665ed1e747672d4bbdbb6640338389?s=96&d=mm&r=g\",\n\t                \"caption\": \"Petra Duongov\u00e1\"\n\t            },\n\t            \"url\": \"https:\/\/www.rajapack.cz\/blog-cz\/author\/lenka\"\n\t        }\n\t    ]\n\t}<\/script>\n","yoast_head_json":{"title":"Jak nov\u00e1 regulace PPWR prom\u011bn\u00ed va\u0161e obaly? - Tipy a rady z oblasti logistiky, obal\u016f i p\u0159epravy | Rajapack","description":"Trh s obaly stoj\u00ed na prahu z\u00e1sadn\u00edho zlomu. S PPWR p\u0159ipravuje Evropsk\u00e1 unie prvn\u00ed regulaci zcela v\u011bnovanou obal\u016fm a obalov\u00e9mu odpadu.","robots":{"index":"index","follow":"follow","max-snippet":"max-snippet:-1","max-image-preview":"max-image-preview:large","max-video-preview":"max-video-preview:-1"},"canonical":"https:\/\/www.rajapack.cz\/blog-cz\/jak-nova-regulace-ppwr-promeni-vase-obaly","og_locale":"cs_CZ","og_type":"article","og_title":"Jak nov\u00e1 regulace PPWR prom\u011bn\u00ed va\u0161e obaly? - Tipy a rady z oblasti logistiky, obal\u016f i p\u0159epravy | Rajapack","og_description":"Trh s obaly stoj\u00ed na prahu z\u00e1sadn\u00edho zlomu. S PPWR p\u0159ipravuje Evropsk\u00e1 unie prvn\u00ed regulaci zcela v\u011bnovanou obal\u016fm a obalov\u00e9mu odpadu.","og_url":"https:\/\/www.rajapack.cz\/blog-cz\/jak-nova-regulace-ppwr-promeni-vase-obaly","og_site_name":"Tipy a rady z oblasti logistiky, obal\u016f i p\u0159epravy | Rajapack","article_published_time":"2026-01-23T15:00:50+00:00","article_modified_time":"2026-01-23T15:37:59+00:00","og_image":[{"width":1000,"height":560,"url":"https:\/\/www.rajapack.cz\/blog-cz\/wp-content\/uploads\/2026\/01\/Navrh-bez-nazvu-40.png","type":"image\/png"}],"author":"Petra Duongov\u00e1","twitter_misc":{"Napsal(a)":"Petra Duongov\u00e1","Odhadovan\u00e1 doba \u010dten\u00ed":"8 minut"},"schema":{"@context":"https:\/\/schema.org","@graph":[{"@type":"WebPage","@id":"https:\/\/www.rajapack.cz\/blog-cz\/jak-nova-regulace-ppwr-promeni-vase-obaly","url":"https:\/\/www.rajapack.cz\/blog-cz\/jak-nova-regulace-ppwr-promeni-vase-obaly","name":"Jak nov\u00e1 regulace PPWR prom\u011bn\u00ed va\u0161e obaly? - Tipy a rady z oblasti logistiky, obal\u016f i p\u0159epravy | Rajapack","isPartOf":{"@id":"https:\/\/www.rajapack.cz\/blog-cz\/#website"},"primaryImageOfPage":{"@id":"https:\/\/www.rajapack.cz\/blog-cz\/jak-nova-regulace-ppwr-promeni-vase-obaly#primaryimage"},"image":{"@id":"https:\/\/www.rajapack.cz\/blog-cz\/jak-nova-regulace-ppwr-promeni-vase-obaly#primaryimage"},"thumbnailUrl":"https:\/\/www.rajapack.cz\/blog-cz\/wp-content\/uploads\/2026\/01\/Navrh-bez-nazvu-40.png","datePublished":"2026-01-23T15:00:50+00:00","dateModified":"2026-01-23T15:37:59+00:00","author":{"@id":"https:\/\/www.rajapack.cz\/blog-cz\/#\/schema\/person\/c1d734291177e42481124ecdf89d4aaf"},"description":"Trh s obaly stoj\u00ed na prahu z\u00e1sadn\u00edho zlomu. S PPWR p\u0159ipravuje Evropsk\u00e1 unie prvn\u00ed regulaci zcela v\u011bnovanou obal\u016fm a obalov\u00e9mu odpadu.","inLanguage":"cs","potentialAction":[{"@type":"ReadAction","target":["https:\/\/www.rajapack.cz\/blog-cz\/jak-nova-regulace-ppwr-promeni-vase-obaly"]}]},{"@type":"ImageObject","inLanguage":"cs","@id":"https:\/\/www.rajapack.cz\/blog-cz\/jak-nova-regulace-ppwr-promeni-vase-obaly#primaryimage","url":"https:\/\/www.rajapack.cz\/blog-cz\/wp-content\/uploads\/2026\/01\/Navrh-bez-nazvu-40.png","contentUrl":"https:\/\/www.rajapack.cz\/blog-cz\/wp-content\/uploads\/2026\/01\/Navrh-bez-nazvu-40.png","width":1000,"height":560},{"@type":"WebSite","@id":"https:\/\/www.rajapack.cz\/blog-cz\/#website","url":"https:\/\/www.rajapack.cz\/blog-cz\/","name":"Tipy a rady z oblasti logistiky, obal\u016f i p\u0159epravy | Rajapack","description":"Na\u010derpejte na na\u0161em blogu odborn\u00e9 tipy v oblasti logistiky i obal\u016f pro r\u016fzn\u00e9 typy balen\u00ed \u2714 Zaj\u00edmav\u00e9 \u010dl\u00e1nky a aktuality ze sv\u011bta obalov\u00fdch materi\u00e1l\u016f \u2714","potentialAction":[{"@type":"SearchAction","target":{"@type":"EntryPoint","urlTemplate":"https:\/\/www.rajapack.cz\/blog-cz\/?s={search_term_string}"},"query-input":"required name=search_term_string"}],"inLanguage":"cs"},{"@type":"Person","@id":"https:\/\/www.rajapack.cz\/blog-cz\/#\/schema\/person\/c1d734291177e42481124ecdf89d4aaf","name":"Petra Duongov\u00e1","image":{"@type":"ImageObject","inLanguage":"cs","@id":"https:\/\/www.rajapack.cz\/blog-cz\/#\/schema\/person\/image\/","url":"https:\/\/secure.gravatar.com\/avatar\/8d665ed1e747672d4bbdbb6640338389?s=96&d=mm&r=g","contentUrl":"https:\/\/secure.gravatar.com\/avatar\/8d665ed1e747672d4bbdbb6640338389?s=96&d=mm&r=g","caption":"Petra Duongov\u00e1"},"url":"https:\/\/www.rajapack.cz\/blog-cz\/author\/lenka"}]}},"_links":{"self":[{"href":"https:\/\/www.rajapack.cz\/blog-cz\/wp-json\/wp\/v2\/posts\/13131"}],"collection":[{"href":"https:\/\/www.rajapack.cz\/blog-cz\/wp-json\/wp\/v2\/posts"}],"about":[{"href":"https:\/\/www.rajapack.cz\/blog-cz\/wp-json\/wp\/v2\/types\/post"}],"author":[{"embeddable":true,"href":"https:\/\/www.rajapack.cz\/blog-cz\/wp-json\/wp\/v2\/users\/33"}],"replies":[{"embeddable":true,"href":"https:\/\/www.rajapack.cz\/blog-cz\/wp-json\/wp\/v2\/comments?post=13131"}],"version-history":[{"count":9,"href":"https:\/\/www.rajapack.cz\/blog-cz\/wp-json\/wp\/v2\/posts\/13131\/revisions"}],"predecessor-version":[{"id":13142,"href":"https:\/\/www.rajapack.cz\/blog-cz\/wp-json\/wp\/v2\/posts\/13131\/revisions\/13142"}],"wp:featuredmedia":[{"embeddable":true,"href":"https:\/\/www.rajapack.cz\/blog-cz\/wp-json\/wp\/v2\/media\/13136"}],"wp:attachment":[{"href":"https:\/\/www.rajapack.cz\/blog-cz\/wp-json\/wp\/v2\/media?parent=13131"}],"wp:term":[{"taxonomy":"category","embeddable":true,"href":"https:\/\/www.rajapack.cz\/blog-cz\/wp-json\/wp\/v2\/categories?post=13131"},{"taxonomy":"post_tag","embeddable":true,"href":"https:\/\/www.rajapack.cz\/blog-cz\/wp-json\/wp\/v2\/tags?post=13131"}],"curies":[{"name":"wp","href":"https:\/\/api.w.org\/{rel}","templated":true}]}}