{"id":13023,"date":"2025-09-05T14:10:28","date_gmt":"2025-09-05T12:10:28","guid":{"rendered":"https:\/\/www.rajapack.cz\/blog-cz\/?p=13023"},"modified":"2025-09-05T14:10:28","modified_gmt":"2025-09-05T12:10:28","slug":"proc-volit-produkty-made-in-europe-kvalita-udrzitelnost-a-rychlost-doruceni","status":"publish","type":"post","link":"https:\/\/www.rajapack.cz\/blog-cz\/proc-volit-produkty-made-in-europe-kvalita-udrzitelnost-a-rychlost-doruceni","title":{"rendered":"Pro\u010d volit produkty Made in Europe? Kvalita, udr\u017eitelnost a rychlost doru\u010den\u00ed"},"content":{"rendered":"<p>Volba produkt\u016f vyroben\u00fdch v Evrop\u011b nen\u00ed jen ot\u00e1zkou geografick\u00e9ho p\u016fvodu \u2013 znamen\u00e1 to rozhodnut\u00ed pro vy\u0161\u0161\u00ed kvalitu, bezpe\u010dnost, ohleduplnost k \u017eivotn\u00edmu prost\u0159ed\u00ed a rychlej\u0161\u00ed dod\u00e1n\u00ed. Pod\u00edvejme se, pro\u010d se tento zp\u016fsob v\u00fdroby opravdu vyplat\u00ed.<\/p>\n<h2>P\u0159\u00edsn\u00e9 evropsk\u00e9 normy = klid na du\u0161i<\/h2>\n<p>Evropsk\u00e9 regulace pat\u0159\u00ed mezi nejp\u0159\u00edsn\u011bj\u0161\u00ed na sv\u011bt\u011b v oblasti kvality, bezpe\u010dnosti a ochrany \u017eivotn\u00edho prost\u0159ed\u00ed. Kontroly se vztahuj\u00ed na v\u0161echny f\u00e1ze \u017eivotn\u00edho cyklu v\u00fdrobku \u2013 od p\u016fvodu citliv\u00fdch surovin, p\u0159es slo\u017een\u00ed a bezpe\u010dnost pou\u017eit\u00ed, a\u017e po ochranu koncov\u00e9ho u\u017eivatele.<\/p>\n<p>Co v\u00e1m to p\u0159in\u00e1\u0161\u00ed:<\/p>\n<ul>\n<li>Produkty spl\u0148uj\u00edc\u00ed evropsk\u00e9 normy kvality a bezpe\u010dnosti (REACH, ISO\/EN apod.).<\/li>\n<li>Povinnost certifikace \u010di deklarace u citliv\u00fdch produkt\u016f \u2013 nap\u0159\u00edklad lepidla, obaly pro potraviny nebo profesion\u00e1ln\u00ed spot\u0159ebn\u00ed materi\u00e1l.<\/li>\n<li>Kompletn\u00ed sledovatelnost v\u00fdrobk\u016f, kter\u00e1 je kl\u00ed\u010dov\u00e1 p\u0159i p\u0159\u00edpadn\u00e9m stahov\u00e1n\u00ed z trhu.<\/li>\n<\/ul>\n<p>Evropsk\u00e9 z\u00e1kony nav\u00edc podporuj\u00ed <strong>ob\u011bhov\u00e9 hospod\u00e1\u0159stv\u00ed<\/strong> \u2013 sni\u017eov\u00e1n\u00ed obal\u016f, z\u00e1kaz nadm\u011brn\u00e9ho balen\u00ed a pob\u00eddky k opakovan\u00e9mu pou\u017eit\u00ed.<\/p>\n<h2>Rychlost a logistick\u00e1 efektivita d\u00edky kr\u00e1tk\u00fdm dodavatelsk\u00fdm \u0159et\u011bzc\u016fm<\/h2>\n<p>Kdy\u017e se v\u00fdrobky vyr\u00e1b\u011bj\u00ed nebo nakupuj\u00ed v Evrop\u011b, znamen\u00e1 to:<\/p>\n<ul>\n<li>Krat\u0161\u00ed dodac\u00ed lh\u016fty a \u017e\u00e1dn\u00e9 zbyte\u010dn\u00e9 zdr\u017een\u00ed objedn\u00e1vek.<\/li>\n<li>Flexibilitu p\u0159i dopl\u0148ov\u00e1n\u00ed z\u00e1sob \u2013 reaktivn\u00ed dopln\u011bn\u00ed b\u011bhem n\u011bkolika dn\u016f.<\/li>\n<li>Ni\u017e\u0161\u00ed n\u00e1klady na dopravu d\u00edky krat\u0161\u00edm tras\u00e1m a mo\u017enosti konsolidace z\u00e1silek.<\/li>\n<\/ul>\n<h2>Men\u0161\u00ed uhl\u00edkov\u00e1 stopa \u2013 p\u0159em\u00fd\u0161lejte glob\u00e1ln\u011b, jednejte lok\u00e1ln\u011b<\/h2>\n<p>Dovoz z druh\u00e9ho konce sv\u011bta (Asie, Ji\u017en\u00ed Amerika, Indie\u2026) znamen\u00e1 v\u011bt\u0161\u00ed CO\u2082 emis\u00ed a v\u00edce obal\u016f kv\u016fli ochran\u011b zbo\u017e\u00ed. Evropsk\u00e1 produkce umo\u017e\u0148uje:<\/p>\n<ul>\n<li>V\u00fdrazn\u00e9 sn\u00ed\u017een\u00ed emis\u00ed d\u00edky omezen\u00ed d\u00e1lkov\u00e9 dopravy, zejm\u00e9na letadla nebo lod\u011b. .<\/li>\n<li>Men\u0161\u00ed mno\u017estv\u00ed sekund\u00e1rn\u00edch obal\u016f, kter\u00e9 jsou pot\u0159eba pro ochranu a manipulaci s\u00a0produkty na velk\u00e9 vzd\u00e1lenosti.<\/li>\n<li>P\u0159ehled o cel\u00e9 uhl\u00edkov\u00e9 stop\u011b a transparentn\u00ed \u0159\u00edzen\u00ed dopad\u016f na \u017eivotn\u00ed prost\u0159ed\u00ed.<\/li>\n<\/ul>\n<p>Nap\u0159\u00edklad u <strong>kartonu<\/strong> je d\u016fle\u017eit\u00e9 sledovat cel\u00fd \u017eivotn\u00ed cyklus:<\/p>\n<ul>\n<li>P\u016fvod d\u0159eva a lokalita lesa<\/li>\n<li>M\u00edsto zpracov\u00e1n\u00ed d\u0159eva<\/li>\n<li>V\u00fdroba pap\u00edrov\u00e9 hmoty<\/li>\n<li>Produkce samotn\u00e9ho kartonu<\/li>\n<li>Kone\u010dn\u00e9 zpracov\u00e1n\u00ed do obal\u016f<\/li>\n<\/ul>\n<p>Tato podrobn\u00e1 sledovatelnost pom\u00e1h\u00e1 sni\u017eovat ekologick\u00fd dopad a vyb\u00edrat dodavatele, kte\u0159\u00ed sami dbaj\u00ed na udr\u017eitelnost.<\/p>\n<h2>Podpora lok\u00e1ln\u00ed ekonomiky a evropsk\u00fdch \u0159emesel<\/h2>\n<p>Volba produkt\u016f Made in Europe znamen\u00e1 udr\u017eovat <strong>pracovn\u00ed m\u00edsta a odborn\u00e9 dovednosti<\/strong>:<\/p>\n<ul>\n<li>V\u00fdroba v Evrop\u011b podporuje p\u0159\u00edm\u00e9 i nep\u0159\u00edm\u00e9 zam\u011bstnanosti.<\/li>\n<li>Zachov\u00e1v\u00e1 se know-how v obalov\u00e9m pr\u016fmyslu, textilu a dal\u0161\u00edch odv\u011btv\u00edch.<\/li>\n<li>Posiluje m\u00edstn\u00ed dodavatelsk\u00e9 \u0159et\u011bzce a investice do inovac\u00ed.<\/li>\n<\/ul>\n<h2>Produkty, kter\u00e9 ukazuj\u00ed hodnotu Made in Europe<\/h2>\n<p>RAJAPACK nab\u00edz\u00ed \u0159adu v\u00fdrobk\u016f, kter\u00e9 kombinuj\u00ed kvalitu, ekologii a prakti\u010dnost:<\/p>\n<p><a href=\"https:\/\/www.rajapack.cz\/kartonove-krabice\/postovni-zasilkove-obaly\/hnede-postovni-krabice-rajapost_OFF_CZ_0066.html\"><strong>RAJAPOST \u2013 kartonov\u00e9 obaly pro A7, A6 a A5<\/strong><\/a><br \/>\nOdoln\u00e9 a n\u00e1razuvzdorn\u00e9 krabice z pevn\u00e9 vlnit\u00e9 lepenky s ochranou hran a vod\u011bodolnou vrstvou kraftov\u00e9ho pap\u00edru \u2013 ide\u00e1ln\u00ed pro knihy, software \u010di tiskoviny.<\/p>\n<p><img loading=\"lazy\" decoding=\"async\" class=\"aligncenter\" src=\"https:\/\/raja.scene7.com\/is\/image\/Raja\/products\/hn-po-tovn-krabice-rajapost-raja_OFF_CZ_0066.jpg?template=withpicto600&amp;$image=M_RPT12_O_A1_0911_F&amp;$picto=NoPicto&amp;hei=600&amp;wid=600&amp;fmt=jpg&amp;qlt=85,0&amp;resMode=sharp2&amp;op_usm=1.75,0.3,2,0\" alt=\"Hn\u011bd\u00e9 po\u0161tovn\u00ed krabice RAJAPOST | RAJA - 1\" width=\"338\" height=\"338\" \/><\/p>\n<p><a href=\"https:\/\/www.rajapack.cz\/kartonove-krabice\/klopove\/automaticke-dno-a-samolepici-prouzek_OFF_CZ_0849.html\"><strong>Krabice s automatick\u00fdm dnem a samolepic\u00edm prou\u017ekem<\/strong><\/a><br \/>\nRychle sestaviteln\u00e1 a bezpe\u010dn\u011b uzav\u00edrateln\u00e1 krabice z t\u0159\u00edvrstv\u00e9 vlnit\u00e9 lepenky s kraftov\u00fdm povrchem, zpevn\u011bn\u00fdm dnem a praktick\u00fdm samolepic\u00edm prou\u017ekem \u2013 dod\u00e1v\u00e1na rozlo\u017een\u00e1 pro snadn\u00e9 skladov\u00e1n\u00ed.<\/p>\n<p><img loading=\"lazy\" decoding=\"async\" class=\"aligncenter\" src=\"https:\/\/raja.scene7.com\/is\/image\/Raja\/products\/krabice-automatick-dnem-samolepic-prou-kem-raja_OFF_CZ_0849.jpg?template=withpicto600&amp;$image=M_PF50_O_A2_FR&amp;$picto=NoPicto&amp;hei=600&amp;wid=600&amp;fmt=jpg&amp;qlt=85,0&amp;resMode=sharp2&amp;op_usm=1.75,0.3,2,0\" alt=\"Krabice s automatick\u00fdm dnem a samolepic\u00edm prou\u017ekem | RAJA - 1\" width=\"314\" height=\"314\" \/><\/p>\n<p><a href=\"https:\/\/www.rajapack.cz\/kartonove-krabice\/klopove\/hnede-klopove-krabice-petivrstve-vlnite-lepenky-rajabox-do-390-mm_OFF_CZ_0068.html\"><strong>Odoln\u00e9 lepenkov\u00e9 krabice pro n\u00e1ro\u010dn\u00fd transport<\/strong><\/a><br \/>\nKlopov\u00e9 krabice z p\u011btivrstv\u00e9 vlnit\u00e9 lepenky chr\u00e1n\u00ed z\u00e1silky p\u0159ed n\u00e1razy, vlhkost\u00ed a teplotn\u00edmi v\u00fdkyvy, perfektn\u00ed pro del\u0161\u00ed p\u0159epravu men\u0161\u00edch a k\u0159ehk\u00fdch produkt\u016f do 30 kg.<\/p>\n<p><img loading=\"lazy\" decoding=\"async\" class=\"aligncenter\" src=\"https:\/\/raja.scene7.com\/is\/image\/Raja\/products\/hn-klopov-krabice-z-p-tivrstv-vlnit-lepenky-do-390-mm-raja_OFF_CZ_0068.jpg?template=withpicto600&amp;$image=M_CAD50_R_A14_FR&amp;$picto=NoPicto&amp;hei=600&amp;wid=600&amp;fmt=jpg&amp;qlt=85,0&amp;resMode=sharp2&amp;op_usm=1.75,0.3,2,0\" alt=\"Hn\u011bd\u00e9 klopov\u00e9 krabice z p\u011btivrstv\u00e9 vlnit\u00e9 lepenky do 390 mm | RAJA - 1\" width=\"316\" height=\"316\" \/><\/p>\n<p><a href=\"https:\/\/www.rajapack.cz\/obalky-tubusy\/narazuvzdorne-obalky\/bile-bublinkove-obalky-rajabul_PDT02198.html\"><strong>Bublinkov\u00e9 ob\u00e1lky z b\u00edl\u00e9ho nebo hn\u011bd\u00e9ho kraftov\u00e9ho pap\u00edru <\/strong><\/a><\/p>\n<p>Kombinuj\u00ed zv\u00fd\u0161enou odolnost, atraktivn\u00ed vzhled a n\u00edzkou hmotnost \u2013 ide\u00e1ln\u00ed pro bezpe\u010dn\u00e9 a ekonomick\u00e9 zas\u00edl\u00e1n\u00ed k\u0159ehk\u00fdch produkt\u016f.<\/p>\n<p><img loading=\"lazy\" decoding=\"async\" class=\"aligncenter\" src=\"https:\/\/raja.scene7.com\/is\/image\/Raja\/products\/b-bublinkov-ob-lky-raja_PDT02198.jpg?template=withpicto600&amp;$image=M_PMBL0C_D_A2_074_F&amp;$picto=NoPicto&amp;hei=600&amp;wid=600&amp;fmt=jpg&amp;qlt=85,0&amp;resMode=sharp2&amp;op_usm=1.75,0.3,2,0\" alt=\"B\u00edl\u00e9 bublinkov\u00e9 ob\u00e1lky | RAJA - 1\" width=\"303\" height=\"303\" \/><\/p>\n<p><a href=\"https:\/\/www.rajapack.cz\/sacky-plastove-nadoby\/plastove-igelitove-sacky\/bublinkove-sacky-samolepici_OFF_CZ_1326.html\"><strong>Bublinkov\u00e9 s\u00e1\u010dky z 80<\/strong><strong>\u202f% recyklovan<\/strong><strong>\u00e9ho materi<\/strong><strong>\u00e1lu <\/strong><\/a><\/p>\n<p>Kombinuj\u00ed vysokou odolnost v\u016f\u010di ot\u0159es\u016fm s praktick\u00fdm uzav\u00edr\u00e1n\u00edm, ide\u00e1ln\u00ed pro bezpe\u010dn\u00e9 zas\u00edl\u00e1n\u00ed citliv\u00e9ho zbo\u017e\u00ed.<\/p>\n<p><img loading=\"lazy\" decoding=\"async\" class=\"aligncenter\" src=\"https:\/\/raja.scene7.com\/is\/image\/Raja\/products\/bublinkov-ky-80-recyklovan_OFF_CZ_1326.jpg?image=M_SCB21B_O_G1_030_F$default$&amp;hei=600&amp;wid=600&amp;fmt=jpg&amp;qlt=85,0&amp;resMode=sharp2&amp;op_usm=1.75,0.3,2,0\" alt=\"Bublinkov\u00e9 s\u00e1\u010dky, 80% recyklovan\u00e9 - 2\" width=\"338\" height=\"338\" \/><\/p>\n<p><a href=\"https:\/\/www.rajapack.cz\/lepici-pasky-paskovani-uzaver-obalu\/lepici-balici-pasky\/papirova-lepici-paska-rajatape_PDT01167.html\"><strong>Pap\u00edrov\u00e1 lep\u00edc\u00ed p\u00e1ska \u2013 100<\/strong><strong>\u202f% ekologick<\/strong><strong>\u00e1<\/strong><\/a><br \/>\nVyroben\u00e1 z kraftov\u00e9ho pap\u00edru, snadno recyklovateln\u00e1 s kartonov\u00fdmi obaly, s pevnost\u00ed, pru\u017enost\u00ed a v\u00fdbornou p\u0159ilnavost\u00ed pro efektivn\u00ed uzav\u00edr\u00e1n\u00ed z\u00e1silek do 20\u202fkg.<\/p>\n<p><img loading=\"lazy\" decoding=\"async\" class=\"aligncenter\" src=\"https:\/\/raja.scene7.com\/is\/image\/Raja\/products\/pap-rov-lepic-p-ska-raja_PDT01167.jpg?template=withpicto600&amp;$image=M_ADG12_G_DE&amp;$picto=NoPicto&amp;hei=600&amp;wid=600&amp;fmt=jpg&amp;qlt=85,0&amp;resMode=sharp2&amp;op_usm=1.75,0.3,2,0\" alt=\"Pap\u00edrov\u00e1 lepic\u00ed p\u00e1ska | RAJA - 1\" width=\"264\" height=\"264\" \/><\/p>\n<p><a href=\"https:\/\/www.rajapack.cz\/tasky-darkove-baleni\/papirove-tasky\/bile-hnede-papirove-tasky-papirovymi-uchy-rajashop_PDT00636.html\"><strong>Standardn\u00ed d\u00e1rkov\u00e9 ta\u0161ky z pap\u00edru<\/strong><\/a><br \/>\nPevn\u00e9 a ekologick\u00e9 ta\u0161ky s praktick\u00fdmi pap\u00edrov\u00fdmi uchy, dostupn\u00e9 v b\u00edl\u00e9 a hn\u011bd\u00e9 variant\u011b, vhodn\u00e9 pro d\u00e1rky, ka\u017edodenn\u00ed pou\u017eit\u00ed i p\u0159epravu potravin.<\/p>\n<p><img loading=\"lazy\" decoding=\"async\" class=\"aligncenter\" src=\"https:\/\/raja.scene7.com\/is\/image\/Raja\/products\/b-hn-pap-rov-ky-pap-rov-mi-uchy-raja_PDT00636.jpg?template=withpicto600&amp;$image=M_PPL27KR_R_A_127_F&amp;$picto=NoPicto&amp;hei=600&amp;wid=600&amp;fmt=jpg&amp;qlt=85,0&amp;resMode=sharp2&amp;op_usm=1.75,0.3,2,0\" alt=\"B\u00edl\u00e9 a hn\u011bd\u00e9 pap\u00edrov\u00e9 ta\u0161ky s pap\u00edrov\u00fdmi uchy | RAJA - 1\" width=\"270\" height=\"270\" \/><\/p>\n<p><a href=\"https:\/\/www.rajapack.cz\/vyplnovy-fixacni-material\/lepenka-balici-papiry\/recyklovany-vyplnovy-papir-v-davkovacich-krabicich_OFF_CZ_1158.html\"><strong>Recyklovan\u00fd v\u00fdpl\u0148ov\u00fd pap\u00edr v d\u00e1vkovac\u00edch krabic\u00edch<\/strong><\/a><br \/>\nVynikaj\u00edc\u00ed tlumi\u010d n\u00e1raz\u016f z 100\u202f% recyklovan\u00e9ho pap\u00edru, snadno pou\u017eiteln\u00fd d\u00edky st\u0159edov\u00e9mu pod\u00e1v\u00e1n\u00ed, kompaktn\u00ed a ide\u00e1ln\u00ed pro ochranu v\u00fdrobk\u016f p\u0159i p\u0159eprav\u011b mal\u00fdch objem\u016f.<\/p>\n<p><img loading=\"lazy\" decoding=\"async\" class=\"aligncenter\" src=\"https:\/\/raja.scene7.com\/is\/image\/Raja\/products\/recyklovan-v-pl-ov-pap-r-v-vkovac-ch-krabic-ch-raja_OFF_CZ_1158.jpg?template=withpicto600&amp;$image=M_PKRBOX_BG0922_24373&amp;$picto=NoPicto&amp;hei=600&amp;wid=600&amp;fmt=jpg&amp;qlt=85,0&amp;resMode=sharp2&amp;op_usm=1.75,0.3,2,0\" alt=\"Recyklovan\u00fd v\u00fdpl\u0148ov\u00fd pap\u00edr v d\u00e1vkovac\u00edch krabic\u00edch | RAJA - 1\" width=\"280\" height=\"280\" \/><\/p>\n<p><a href=\"https:\/\/www.rajapack.cz\/vyplnovy-fixacni-material\/bublinkove-folie-sacky\/recyklovany-bublinkovy-papir_OFF_CZ_1030.html\"><strong>Lehk\u00fd a pru\u017en\u00fd pap\u00edr z recyklovan\u00e9ho materi\u00e1lu <\/strong><\/a><\/p>\n<p>Tlum\u00ed n\u00e1razy, snadno se obepne kolem v\u00fdrobk\u016f, zaji\u0161\u0165uje diskr\u00e9tnost a podporuje ekologickou image spole\u010dnosti.<\/p>\n<p><img loading=\"lazy\" decoding=\"async\" class=\"aligncenter\" src=\"https:\/\/raja.scene7.com\/is\/image\/Raja\/products\/recyklovan-bublinkov-pap-r_OFF_CZ_1030.jpg?template=withpicto600&amp;$image=M_BULP50_BULP100_G_GR&amp;$picto=NoPicto&amp;hei=600&amp;wid=600&amp;fmt=jpg&amp;qlt=85,0&amp;resMode=sharp2&amp;op_usm=1.75,0.3,2,0\" alt=\"Recyklovan\u00fd bublinkov\u00fd pap\u00edr - 1\" width=\"291\" height=\"291\" \/><\/p>\n<h2>Pro\u010d volit Made in Europe s RAJAPACK<\/h2>\n<ul>\n<li><strong>Kvalita a bezpe\u010dnost<\/strong>: p\u0159\u00edsn\u00e9 normy, spolehlivost zaru\u010dena<\/li>\n<li><strong>Rychlost a flexibilita<\/strong>: kr\u00e1tk\u00e9 dodac\u00ed \u010dasy, snadn\u00e9 dopl\u0148ov\u00e1n\u00ed z\u00e1sob<\/li>\n<li><strong>Sn\u00ed\u017een\u00ed uhl\u00edkov\u00e9 stopy<\/strong>: konkr\u00e9tn\u00ed p\u0159\u00edstup v r\u00e1mci CSR<\/li>\n<li><strong>Podpora lok\u00e1ln\u00ed ekonomiky<\/strong>: udr\u017een\u00ed pracovn\u00edch m\u00edst a dovednost\u00ed<\/li>\n<li><strong>Transparentnost a sledovatelnost<\/strong>: jistota p\u016fvodu a cel\u00e9ho v\u00fdrobn\u00edho cyklu<\/li>\n<\/ul>\n<p>S 89\u202f% produkt\u016f objednan\u00fdch v Evrop\u011b a p\u0159\u00edtomnost\u00ed ve 19 evropsk\u00fdch zem\u00edch je RAJAPACK synonymem lok\u00e1ln\u00ed zodpov\u011bdnosti a udr\u017eiteln\u00e9 logistiky.<\/p>\n","protected":false},"excerpt":{"rendered":"<p>Volba produkt\u016f vyroben\u00fdch v Evrop\u011b nen\u00ed jen ot\u00e1zkou geografick\u00e9ho p\u016fvodu \u2013 znamen\u00e1 to rozhodnut\u00ed pro vy\u0161\u0161\u00ed kvalitu, bezpe\u010dnost, ohleduplnost k \u017eivotn\u00edmu prost\u0159ed\u00ed a rychlej\u0161\u00ed dod\u00e1n\u00ed. Pod\u00edvejme se, pro\u010d se tento [&#8230;]<\/p>\n","protected":false},"author":33,"featured_media":13025,"comment_status":"open","ping_status":"open","sticky":false,"template":"","format":"standard","meta":{"_acf_changed":false,"footnotes":""},"categories":[1205],"tags":[],"class_list":["post-13023","post","type-post","status-publish","format-standard","has-post-thumbnail","hentry","category-nase-obaly-a-novinky"],"acf":[],"yoast_head":"\n<title>Pro\u010d volit produkty Made in Europe? Kvalita, udr\u017eitelnost a rychlost doru\u010den\u00ed - Tipy a rady z oblasti logistiky, obal\u016f i p\u0159epravy | Rajapack<\/title>\n<meta name=\"description\" content=\"Objevte v\u00fdhody produkt\u016f Made in Europe s RAJAPACK \u2013 kvalita, bezpe\u010dnost, ekologick\u00e1 udr\u017eitelnost a rychl\u00e9 doru\u010den\u00ed.\" \/>\n<meta name=\"robots\" content=\"index, follow, max-snippet:-1, max-image-preview:large, max-video-preview:-1\" \/>\n<link rel=\"canonical\" href=\"https:\/\/www.rajapack.cz\/blog-cz\/proc-volit-produkty-made-in-europe-kvalita-udrzitelnost-a-rychlost-doruceni\" \/>\n<meta property=\"og:locale\" content=\"cs_CZ\" \/>\n<meta property=\"og:type\" content=\"article\" \/>\n<meta property=\"og:title\" content=\"Pro\u010d volit produkty Made in Europe? Kvalita, udr\u017eitelnost a rychlost doru\u010den\u00ed - Tipy a rady z oblasti logistiky, obal\u016f i p\u0159epravy | Rajapack\" \/>\n<meta property=\"og:description\" content=\"Objevte v\u00fdhody produkt\u016f Made in Europe s RAJAPACK \u2013 kvalita, bezpe\u010dnost, ekologick\u00e1 udr\u017eitelnost a rychl\u00e9 doru\u010den\u00ed.\" \/>\n<meta property=\"og:url\" content=\"https:\/\/www.rajapack.cz\/blog-cz\/proc-volit-produkty-made-in-europe-kvalita-udrzitelnost-a-rychlost-doruceni\" \/>\n<meta property=\"og:site_name\" content=\"Tipy a rady z oblasti logistiky, obal\u016f i p\u0159epravy | Rajapack\" \/>\n<meta property=\"article:published_time\" content=\"2025-09-05T12:10:28+00:00\" \/>\n<meta property=\"og:image\" content=\"https:\/\/www.rajapack.cz\/blog-cz\/wp-content\/uploads\/2025\/09\/Uvodni-fotka-FB-820x360px-2048-x-1152-px-4.png\" \/>\n\t<meta property=\"og:image:width\" content=\"1792\" \/>\n\t<meta property=\"og:image:height\" content=\"1008\" \/>\n\t<meta property=\"og:image:type\" content=\"image\/png\" \/>\n<meta name=\"author\" content=\"Petra Duongov\u00e1\" \/>\n<meta name=\"twitter:label1\" content=\"Napsal(a)\" \/>\n\t<meta name=\"twitter:data1\" content=\"Petra Duongov\u00e1\" \/>\n\t<meta name=\"twitter:label2\" content=\"Odhadovan\u00e1 doba \u010dten\u00ed\" \/>\n\t<meta name=\"twitter:data2\" content=\"6 minut\" \/>\n<script type=\"application\/ld+json\" class=\"yoast-schema-graph\">{\n\t    \"@context\": \"https:\/\/schema.org\",\n\t    \"@graph\": [\n\t        {\n\t            \"@type\": \"WebPage\",\n\t            \"@id\": \"https:\/\/www.rajapack.cz\/blog-cz\/proc-volit-produkty-made-in-europe-kvalita-udrzitelnost-a-rychlost-doruceni\",\n\t            \"url\": \"https:\/\/www.rajapack.cz\/blog-cz\/proc-volit-produkty-made-in-europe-kvalita-udrzitelnost-a-rychlost-doruceni\",\n\t            \"name\": \"Pro\u010d volit produkty Made in Europe? Kvalita, udr\u017eitelnost a rychlost doru\u010den\u00ed - Tipy a rady z oblasti logistiky, obal\u016f i p\u0159epravy | Rajapack\",\n\t            \"isPartOf\": {\n\t                \"@id\": \"https:\/\/www.rajapack.cz\/blog-cz\/#website\"\n\t            },\n\t            \"primaryImageOfPage\": {\n\t                \"@id\": \"https:\/\/www.rajapack.cz\/blog-cz\/proc-volit-produkty-made-in-europe-kvalita-udrzitelnost-a-rychlost-doruceni#primaryimage\"\n\t            },\n\t            \"image\": {\n\t                \"@id\": \"https:\/\/www.rajapack.cz\/blog-cz\/proc-volit-produkty-made-in-europe-kvalita-udrzitelnost-a-rychlost-doruceni#primaryimage\"\n\t            },\n\t            \"thumbnailUrl\": \"https:\/\/www.rajapack.cz\/blog-cz\/wp-content\/uploads\/2025\/09\/Uvodni-fotka-FB-820x360px-2048-x-1152-px-4.png\",\n\t            \"datePublished\": \"2025-09-05T12:10:28+00:00\",\n\t            \"dateModified\": \"2025-09-05T12:10:28+00:00\",\n\t            \"author\": {\n\t                \"@id\": \"https:\/\/www.rajapack.cz\/blog-cz\/#\/schema\/person\/c1d734291177e42481124ecdf89d4aaf\"\n\t            },\n\t            \"description\": \"Objevte v\u00fdhody produkt\u016f Made in Europe s RAJAPACK \u2013 kvalita, bezpe\u010dnost, ekologick\u00e1 udr\u017eitelnost a rychl\u00e9 doru\u010den\u00ed.\",\n\t            \"inLanguage\": \"cs\",\n\t            \"potentialAction\": [\n\t                {\n\t                    \"@type\": \"ReadAction\",\n\t                    \"target\": [\n\t                        \"https:\/\/www.rajapack.cz\/blog-cz\/proc-volit-produkty-made-in-europe-kvalita-udrzitelnost-a-rychlost-doruceni\"\n\t                    ]\n\t                }\n\t            ]\n\t        },\n\t        {\n\t            \"@type\": \"ImageObject\",\n\t            \"inLanguage\": \"cs\",\n\t            \"@id\": \"https:\/\/www.rajapack.cz\/blog-cz\/proc-volit-produkty-made-in-europe-kvalita-udrzitelnost-a-rychlost-doruceni#primaryimage\",\n\t            \"url\": \"https:\/\/www.rajapack.cz\/blog-cz\/wp-content\/uploads\/2025\/09\/Uvodni-fotka-FB-820x360px-2048-x-1152-px-4.png\",\n\t            \"contentUrl\": \"https:\/\/www.rajapack.cz\/blog-cz\/wp-content\/uploads\/2025\/09\/Uvodni-fotka-FB-820x360px-2048-x-1152-px-4.png\",\n\t            \"width\": 1792,\n\t            \"height\": 1008\n\t        },\n\t        {\n\t            \"@type\": \"WebSite\",\n\t            \"@id\": \"https:\/\/www.rajapack.cz\/blog-cz\/#website\",\n\t            \"url\": \"https:\/\/www.rajapack.cz\/blog-cz\/\",\n\t            \"name\": \"Tipy a rady z oblasti logistiky, obal\u016f i p\u0159epravy | Rajapack\",\n\t            \"description\": \"Na\u010derpejte na na\u0161em blogu odborn\u00e9 tipy v oblasti logistiky i obal\u016f pro r\u016fzn\u00e9 typy balen\u00ed \u2714 Zaj\u00edmav\u00e9 \u010dl\u00e1nky a aktuality ze sv\u011bta obalov\u00fdch materi\u00e1l\u016f \u2714\",\n\t            \"potentialAction\": [\n\t                {\n\t                    \"@type\": \"SearchAction\",\n\t                    \"target\": {\n\t                        \"@type\": \"EntryPoint\",\n\t                        \"urlTemplate\": \"https:\/\/www.rajapack.cz\/blog-cz\/?s={search_term_string}\"\n\t                    },\n\t                    \"query-input\": \"required name=search_term_string\"\n\t                }\n\t            ],\n\t            \"inLanguage\": \"cs\"\n\t        },\n\t        {\n\t            \"@type\": \"Person\",\n\t            \"@id\": \"https:\/\/www.rajapack.cz\/blog-cz\/#\/schema\/person\/c1d734291177e42481124ecdf89d4aaf\",\n\t            \"name\": \"Petra Duongov\u00e1\",\n\t            \"image\": {\n\t                \"@type\": \"ImageObject\",\n\t                \"inLanguage\": \"cs\",\n\t                \"@id\": \"https:\/\/www.rajapack.cz\/blog-cz\/#\/schema\/person\/image\/\",\n\t                \"url\": \"https:\/\/secure.gravatar.com\/avatar\/8d665ed1e747672d4bbdbb6640338389?s=96&d=mm&r=g\",\n\t                \"contentUrl\": \"https:\/\/secure.gravatar.com\/avatar\/8d665ed1e747672d4bbdbb6640338389?s=96&d=mm&r=g\",\n\t                \"caption\": \"Petra Duongov\u00e1\"\n\t            },\n\t            \"url\": \"https:\/\/www.rajapack.cz\/blog-cz\/author\/lenka\"\n\t        }\n\t    ]\n\t}<\/script>\n","yoast_head_json":{"title":"Pro\u010d volit produkty Made in Europe? Kvalita, udr\u017eitelnost a rychlost doru\u010den\u00ed - Tipy a rady z oblasti logistiky, obal\u016f i p\u0159epravy | Rajapack","description":"Objevte v\u00fdhody produkt\u016f Made in Europe s RAJAPACK \u2013 kvalita, bezpe\u010dnost, ekologick\u00e1 udr\u017eitelnost a rychl\u00e9 doru\u010den\u00ed.","robots":{"index":"index","follow":"follow","max-snippet":"max-snippet:-1","max-image-preview":"max-image-preview:large","max-video-preview":"max-video-preview:-1"},"canonical":"https:\/\/www.rajapack.cz\/blog-cz\/proc-volit-produkty-made-in-europe-kvalita-udrzitelnost-a-rychlost-doruceni","og_locale":"cs_CZ","og_type":"article","og_title":"Pro\u010d volit produkty Made in Europe? Kvalita, udr\u017eitelnost a rychlost doru\u010den\u00ed - Tipy a rady z oblasti logistiky, obal\u016f i p\u0159epravy | Rajapack","og_description":"Objevte v\u00fdhody produkt\u016f Made in Europe s RAJAPACK \u2013 kvalita, bezpe\u010dnost, ekologick\u00e1 udr\u017eitelnost a rychl\u00e9 doru\u010den\u00ed.","og_url":"https:\/\/www.rajapack.cz\/blog-cz\/proc-volit-produkty-made-in-europe-kvalita-udrzitelnost-a-rychlost-doruceni","og_site_name":"Tipy a rady z oblasti logistiky, obal\u016f i p\u0159epravy | Rajapack","article_published_time":"2025-09-05T12:10:28+00:00","og_image":[{"width":1792,"height":1008,"url":"https:\/\/www.rajapack.cz\/blog-cz\/wp-content\/uploads\/2025\/09\/Uvodni-fotka-FB-820x360px-2048-x-1152-px-4.png","type":"image\/png"}],"author":"Petra Duongov\u00e1","twitter_misc":{"Napsal(a)":"Petra Duongov\u00e1","Odhadovan\u00e1 doba \u010dten\u00ed":"6 minut"},"schema":{"@context":"https:\/\/schema.org","@graph":[{"@type":"WebPage","@id":"https:\/\/www.rajapack.cz\/blog-cz\/proc-volit-produkty-made-in-europe-kvalita-udrzitelnost-a-rychlost-doruceni","url":"https:\/\/www.rajapack.cz\/blog-cz\/proc-volit-produkty-made-in-europe-kvalita-udrzitelnost-a-rychlost-doruceni","name":"Pro\u010d volit produkty Made in Europe? Kvalita, udr\u017eitelnost a rychlost doru\u010den\u00ed - Tipy a rady z oblasti logistiky, obal\u016f i p\u0159epravy | Rajapack","isPartOf":{"@id":"https:\/\/www.rajapack.cz\/blog-cz\/#website"},"primaryImageOfPage":{"@id":"https:\/\/www.rajapack.cz\/blog-cz\/proc-volit-produkty-made-in-europe-kvalita-udrzitelnost-a-rychlost-doruceni#primaryimage"},"image":{"@id":"https:\/\/www.rajapack.cz\/blog-cz\/proc-volit-produkty-made-in-europe-kvalita-udrzitelnost-a-rychlost-doruceni#primaryimage"},"thumbnailUrl":"https:\/\/www.rajapack.cz\/blog-cz\/wp-content\/uploads\/2025\/09\/Uvodni-fotka-FB-820x360px-2048-x-1152-px-4.png","datePublished":"2025-09-05T12:10:28+00:00","dateModified":"2025-09-05T12:10:28+00:00","author":{"@id":"https:\/\/www.rajapack.cz\/blog-cz\/#\/schema\/person\/c1d734291177e42481124ecdf89d4aaf"},"description":"Objevte v\u00fdhody produkt\u016f Made in Europe s RAJAPACK \u2013 kvalita, bezpe\u010dnost, ekologick\u00e1 udr\u017eitelnost a rychl\u00e9 doru\u010den\u00ed.","inLanguage":"cs","potentialAction":[{"@type":"ReadAction","target":["https:\/\/www.rajapack.cz\/blog-cz\/proc-volit-produkty-made-in-europe-kvalita-udrzitelnost-a-rychlost-doruceni"]}]},{"@type":"ImageObject","inLanguage":"cs","@id":"https:\/\/www.rajapack.cz\/blog-cz\/proc-volit-produkty-made-in-europe-kvalita-udrzitelnost-a-rychlost-doruceni#primaryimage","url":"https:\/\/www.rajapack.cz\/blog-cz\/wp-content\/uploads\/2025\/09\/Uvodni-fotka-FB-820x360px-2048-x-1152-px-4.png","contentUrl":"https:\/\/www.rajapack.cz\/blog-cz\/wp-content\/uploads\/2025\/09\/Uvodni-fotka-FB-820x360px-2048-x-1152-px-4.png","width":1792,"height":1008},{"@type":"WebSite","@id":"https:\/\/www.rajapack.cz\/blog-cz\/#website","url":"https:\/\/www.rajapack.cz\/blog-cz\/","name":"Tipy a rady z oblasti logistiky, obal\u016f i p\u0159epravy | Rajapack","description":"Na\u010derpejte na na\u0161em blogu odborn\u00e9 tipy v oblasti logistiky i obal\u016f pro r\u016fzn\u00e9 typy balen\u00ed \u2714 Zaj\u00edmav\u00e9 \u010dl\u00e1nky a aktuality ze sv\u011bta obalov\u00fdch materi\u00e1l\u016f \u2714","potentialAction":[{"@type":"SearchAction","target":{"@type":"EntryPoint","urlTemplate":"https:\/\/www.rajapack.cz\/blog-cz\/?s={search_term_string}"},"query-input":"required name=search_term_string"}],"inLanguage":"cs"},{"@type":"Person","@id":"https:\/\/www.rajapack.cz\/blog-cz\/#\/schema\/person\/c1d734291177e42481124ecdf89d4aaf","name":"Petra Duongov\u00e1","image":{"@type":"ImageObject","inLanguage":"cs","@id":"https:\/\/www.rajapack.cz\/blog-cz\/#\/schema\/person\/image\/","url":"https:\/\/secure.gravatar.com\/avatar\/8d665ed1e747672d4bbdbb6640338389?s=96&d=mm&r=g","contentUrl":"https:\/\/secure.gravatar.com\/avatar\/8d665ed1e747672d4bbdbb6640338389?s=96&d=mm&r=g","caption":"Petra Duongov\u00e1"},"url":"https:\/\/www.rajapack.cz\/blog-cz\/author\/lenka"}]}},"_links":{"self":[{"href":"https:\/\/www.rajapack.cz\/blog-cz\/wp-json\/wp\/v2\/posts\/13023"}],"collection":[{"href":"https:\/\/www.rajapack.cz\/blog-cz\/wp-json\/wp\/v2\/posts"}],"about":[{"href":"https:\/\/www.rajapack.cz\/blog-cz\/wp-json\/wp\/v2\/types\/post"}],"author":[{"embeddable":true,"href":"https:\/\/www.rajapack.cz\/blog-cz\/wp-json\/wp\/v2\/users\/33"}],"replies":[{"embeddable":true,"href":"https:\/\/www.rajapack.cz\/blog-cz\/wp-json\/wp\/v2\/comments?post=13023"}],"version-history":[{"count":8,"href":"https:\/\/www.rajapack.cz\/blog-cz\/wp-json\/wp\/v2\/posts\/13023\/revisions"}],"predecessor-version":[{"id":13032,"href":"https:\/\/www.rajapack.cz\/blog-cz\/wp-json\/wp\/v2\/posts\/13023\/revisions\/13032"}],"wp:featuredmedia":[{"embeddable":true,"href":"https:\/\/www.rajapack.cz\/blog-cz\/wp-json\/wp\/v2\/media\/13025"}],"wp:attachment":[{"href":"https:\/\/www.rajapack.cz\/blog-cz\/wp-json\/wp\/v2\/media?parent=13023"}],"wp:term":[{"taxonomy":"category","embeddable":true,"href":"https:\/\/www.rajapack.cz\/blog-cz\/wp-json\/wp\/v2\/categories?post=13023"},{"taxonomy":"post_tag","embeddable":true,"href":"https:\/\/www.rajapack.cz\/blog-cz\/wp-json\/wp\/v2\/tags?post=13023"}],"curies":[{"name":"wp","href":"https:\/\/api.w.org\/{rel}","templated":true}]}}