{"id":12917,"date":"2025-07-07T10:59:19","date_gmt":"2025-07-07T08:59:19","guid":{"rendered":"https:\/\/www.rajapack.cz\/blog-cz\/?p=12917"},"modified":"2025-07-07T11:30:36","modified_gmt":"2025-07-07T09:30:36","slug":"letni-obaly-pro-logistiku-a-prepravu","status":"publish","type":"post","link":"https:\/\/www.rajapack.cz\/blog-cz\/letni-obaly-pro-logistiku-a-prepravu","title":{"rendered":"RAJA produkty, kter\u00e9 se v l\u00e9t\u011b rozhodn\u011b neztrat\u00ed!"},"content":{"rendered":"<p data-start=\"134\" data-end=\"398\">L\u00e9to je nejen obdob\u00edm dovolen\u00fdch a vysok\u00fdch teplot, ale tak\u00e9 sez\u00f3nn\u00edch v\u00fdzev v oblasti logistiky a balen\u00ed. A\u0165 u\u017e odes\u00edl\u00e1te potraviny, kosmetiku, techniku nebo ru\u010dn\u011b vyr\u00e1b\u011bn\u00e9 produkty, spr\u00e1vn\u00e1 volba obal\u016f v\u00e1m pom\u016f\u017ee udr\u017eet kvalitu, bezpe\u010dnost i efektivitu doru\u010den\u00ed.<\/p>\n<p data-start=\"400\" data-end=\"566\">P\u0159ipravili jsme pro v\u00e1s p\u0159ehled produkt\u016f z na\u0161\u00ed nab\u00eddky, kter\u00e9 jsou b\u011bhem letn\u00ed sez\u00f3ny obzvl\u00e1\u0161\u0165 u\u017eite\u010dn\u00e9 \u2013 a to jak v b\u011b\u017en\u00e9m provozu, tak i v n\u00e1ro\u010dn\u011bj\u0161\u00edch podm\u00ednk\u00e1ch.<\/p>\n<h2 data-start=\"573\" data-end=\"636\">&#x2744;&#xfe0f; Tepeln\u00e1 ochrana: Jak udr\u017eet zbo\u017e\u00ed v chladu i b\u011bhem veder<\/h2>\n<ul>\n<li data-start=\"638\" data-end=\"854\"><a href=\"https:\/\/www.rajapack.cz\/kartonove-krabice\/klopove\/chladici-vlozka_OFF_CZ_0852.html\"><strong data-start=\"638\" data-end=\"657\">Chladic\u00ed vlo\u017eky<\/strong><\/a><br data-start=\"657\" data-end=\"660\" \/>Jednor\u00e1zov\u00e9 \u0159e\u0161en\u00ed ide\u00e1ln\u00ed pro p\u0159epravu potravin, kosmetiky nebo farmaceutick\u00fdch v\u00fdrobk\u016f. Vlo\u017eky pom\u00e1haj\u00ed udr\u017eet stabiln\u00ed n\u00edzkou teplotu uvnit\u0159 obalu a\u017e n\u011bkolik hodin \u2013 i b\u011bhem extr\u00e9mn\u00edch veder.<img loading=\"lazy\" decoding=\"async\" class=\"aligncenter\" src=\"https:\/\/raja.scene7.com\/is\/image\/Raja\/products\/chladic-vlo-ka_OFF_CZ_0852.jpg?template=withpicto600&amp;$image=M_GEL510T_G_FR&amp;$picto=NoPicto&amp;hei=600&amp;wid=600&amp;fmt=jpg&amp;qlt=85,0&amp;resMode=sharp2&amp;op_usm=1.75,0.3,2,0\" alt=\"Chladic\u00ed vlo\u017eka - 1\" width=\"305\" height=\"305\" \/><\/li>\n<li data-start=\"856\" data-end=\"1081\"><a href=\"https:\/\/www.rajapack.cz\/kartonove-krabice\/klopove\/akumulator-chladu_OFF_CZ_1156.html\"><strong data-start=\"856\" data-end=\"885\">Gelov\u00e9 akumul\u00e1tory chladu<\/strong><\/a><br data-start=\"885\" data-end=\"888\" \/>Opakovan\u011b pou\u017eiteln\u00e9 chladic\u00ed bloky s gelovou n\u00e1pln\u00ed, kter\u00e9 dok\u00e1\u017eou sn\u00ed\u017eit teplotu uvnit\u0159 balen\u00ed o n\u011bkolik stup\u0148\u016f. Perfektn\u00ed pro zas\u00edl\u00e1n\u00ed \u010derstv\u00fdch potravin, vzork\u016f nebo biologick\u00e9ho materi\u00e1lu.<img loading=\"lazy\" decoding=\"async\" class=\"aligncenter\" src=\"https:\/\/raja.scene7.com\/is\/image\/Raja\/products\/ohebn-akumul-tor-chladu-v-kraftov-ku_OFF_CZ_1156.jpg?image=M_GEL400K_HANDS_02$default$&amp;hei=600&amp;wid=600&amp;fmt=jpg&amp;qlt=85,0&amp;resMode=sharp2&amp;op_usm=1.75,0.3,2,0\" alt=\"Ohebn\u00fd akumul\u00e1tor chladu v kraftov\u00e9m s\u00e1\u010dku - 4\" width=\"450\" height=\"450\" \/><\/li>\n<li data-start=\"1083\" data-end=\"1321\"><a href=\"https:\/\/www.rajapack.cz\/vyplnovy-fixacni-material\/lepenka-balici-papiry\/tepelne-izolacni-papir-recycold-climaliner_OFF_CZ_1140.html\"><strong data-start=\"1083\" data-end=\"1121\">Tepeln\u011b izola\u010dn\u00ed pap\u00edr<\/strong><\/a><br data-start=\"1121\" data-end=\"1124\" \/>Udr\u017eiteln\u00e1 alternativa k polystyrenu. Skl\u00e1d\u00e1 se z v\u00edce vrstev recyklovan\u00e9ho pap\u00edru a vytv\u00e1\u0159\u00ed \u00fa\u010dinnou bari\u00e9ru proti p\u0159eh\u0159\u00e1t\u00ed. Ide\u00e1ln\u00ed pro ekologick\u00e9 balen\u00ed \u010derstv\u00fdch nebo teplotn\u011b citliv\u00fdch v\u00fdrobk\u016f.<img loading=\"lazy\" decoding=\"async\" class=\"aligncenter\" src=\"https:\/\/raja.scene7.com\/is\/image\/Raja\/products\/tepeln-izola-pap-r-recycold-climaliner-ranpak_OFF_CZ_1140.jpg?image=M_CLM80_UK033_24633$default$&amp;hei=600&amp;wid=600&amp;fmt=jpg&amp;qlt=85,0&amp;resMode=sharp2&amp;op_usm=1.75,0.3,2,0\" alt=\"Tepeln\u011b izola\u010dn\u00ed pap\u00edr Recycold&#x2122; Climaliner | RANPAK - 3\" width=\"353\" height=\"353\" \/><\/li>\n<\/ul>\n<h2 data-start=\"1328\" data-end=\"1377\">&#x1f326;&#xfe0f; Ochrana proti vlhkosti, de\u0161ti a UV z\u00e1\u0159en\u00ed<\/h2>\n<ul>\n<li data-start=\"1379\" data-end=\"1602\"><a href=\"https:\/\/www.rajapack.cz\/paletizace-folie\/smrstovaci-folie\/pe-smrstovaci-folie_OFF_CZ_1316.html\"><strong data-start=\"1379\" data-end=\"1404\">Smr\u0161\u0165ovac\u00ed f\u00f3lie<\/strong><\/a><br data-start=\"1404\" data-end=\"1407\" \/>Odoln\u00e1 ochrana pro palety i jednotliv\u00e9 bal\u00edky. Spolehliv\u011b chr\u00e1n\u00ed zbo\u017e\u00ed p\u0159ed de\u0161t\u011bm, prachem i slune\u010dn\u00edm z\u00e1\u0159en\u00edm \u2013 vyu\u017eijete ji zejm\u00e9na p\u0159i venkovn\u00edm skladov\u00e1n\u00ed nebo p\u0159eprav\u011b za bou\u0159liv\u00e9ho po\u010das\u00ed.<img loading=\"lazy\" decoding=\"async\" class=\"aligncenter\" src=\"https:\/\/raja.scene7.com\/is\/image\/Raja\/products\/smr-ovac-f-lie-40-recyklovan_OFF_CZ_1316.jpg?image=M_FEB50_R_A2_0212_F$default$&amp;hei=600&amp;wid=600&amp;fmt=jpg&amp;qlt=85,0&amp;resMode=sharp2&amp;op_usm=1.75,0.3,2,0\" alt=\"Smr\u0161\u0165ovac\u00ed f\u00f3lie 40% recyklovan\u00e1 - 5\" width=\"373\" height=\"373\" \/><\/li>\n<li data-start=\"1604\" data-end=\"1826\"><a href=\"https:\/\/www.rajapack.cz\/vyplnovy-fixacni-material\/bublinkove-folie-sacky\/bublinkove-folie\/bublinkove-folie-velkymi-bublinami_OFF_CZ_1336.html\"><strong data-start=\"1604\" data-end=\"1644\">Bublinkov\u00e1 f\u00f3lie s velk\u00fdmi bublinami<\/strong><\/a><br data-start=\"1644\" data-end=\"1647\" \/>Zaji\u0161\u0165uje lehkou, ale \u00fa\u010dinnou ochranu b\u011bhem p\u0159epravy. D\u00edky vzduchov\u00fdm pol\u0161t\u00e1\u0159k\u016fm dob\u0159e tlum\u00ed n\u00e1razy a hod\u00ed se pro zas\u00edl\u00e1n\u00ed k\u0159ehk\u00e9ho zbo\u017e\u00ed, dekorac\u00ed nebo ru\u010dn\u011b vyr\u00e1b\u011bn\u00fdch produkt\u016f.<img loading=\"lazy\" decoding=\"async\" class=\"aligncenter\" src=\"https:\/\/raja.scene7.com\/is\/image\/Raja\/products\/bublinkov-f-lie-velk-mi-bublinami-100-recyklovan-70_OFF_CZ_1336.jpg?template=withpicto600&amp;$image=M_MCB100PL_PACKSHOT_02&amp;$picto=NoPicto&amp;hei=600&amp;wid=600&amp;fmt=jpg&amp;qlt=85,0&amp;resMode=sharp2&amp;op_usm=1.75,0.3,2,0\" alt=\"Bublinkov\u00e9 f\u00f3lie s velk\u00fdmi bublinami, 100% recyklovan\u00e9, 70\u00b5m - 1\" width=\"433\" height=\"433\" \/><\/li>\n<\/ul>\n<h2 data-start=\"1833\" data-end=\"1886\">&#x1f9ea; Speci\u00e1ln\u00ed ochrana pro zbo\u017e\u00ed citliv\u00e9 na vlhkost<\/h2>\n<ul>\n<li data-start=\"1888\" data-end=\"2119\"><a href=\"https:\/\/www.rajapack.cz\/vyplnovy-fixacni-material\/ochrana-proti-korozi-vlhkosti\/vysouseci-sacky_OFF_CZ_0530.html\"><strong data-start=\"1888\" data-end=\"1907\">Vysou\u0161ec\u00ed s\u00e1\u010dky<\/strong><\/a><br data-start=\"1907\" data-end=\"1910\" \/>Absorbuj\u00ed vlhkost uvnit\u0159 obalu a br\u00e1n\u00ed kondenzaci. Nezbytn\u00e9 p\u0159i p\u0159eprav\u011b elektroniky, n\u00e1\u0159ad\u00ed nebo zbo\u017e\u00ed skladovan\u00e9ho v prom\u011bnliv\u00e9m klimatu \u2013 nap\u0159\u00edklad ve vlhk\u00fdch provozech \u010di p\u0159i exportu do tropick\u00fdch oblast\u00ed.<img loading=\"lazy\" decoding=\"async\" class=\"aligncenter\" src=\"https:\/\/raja.scene7.com\/is\/image\/Raja\/products\/vysou-ec-ky_OFF_CZ_0530.jpg?image=M_SD100U_D_A3_016_F$default$&amp;hei=600&amp;wid=600&amp;fmt=jpg&amp;qlt=85,0&amp;resMode=sharp2&amp;op_usm=1.75,0.3,2,0\" alt=\"Vysou\u0161ec\u00ed s\u00e1\u010dky - 2\" width=\"376\" height=\"376\" \/><\/li>\n<li data-start=\"2121\" data-end=\"2348\"><a href=\"https:\/\/www.rajapack.cz\/obaly-na-doprovodnou-dokumentaci-etikety\/etikety-prepravu-manipulaci\/indikator-vlhkosti_OFF_CZ_0327.html\"><strong data-start=\"2121\" data-end=\"2144\">Indik\u00e1tory vlhkosti<\/strong><\/a><br data-start=\"2144\" data-end=\"2147\" \/>Umo\u017e\u0148uj\u00ed jednoduchou kontrolu vlhkosti v obalu b\u011bhem skladov\u00e1n\u00ed nebo transportu. Pom\u00e1haj\u00ed p\u0159edej\u00edt \u0161kod\u00e1m u zbo\u017e\u00ed citliv\u00e9ho na zm\u011bny mikroklimatu, zejm\u00e9na b\u011bhem teplotn\u00edch p\u0159echod\u016f nebo del\u0161\u00ed p\u0159epravy.<img loading=\"lazy\" decoding=\"async\" class=\"aligncenter\" src=\"https:\/\/raja.scene7.com\/is\/image\/Raja\/products\/indik-tor-vlhkosti_OFF_CZ_0327.jpg?template=withpicto600&amp;$image=M_1407_S_FR&amp;$picto=NoPicto&amp;hei=600&amp;wid=600&amp;fmt=jpg&amp;qlt=85,0&amp;resMode=sharp2&amp;op_usm=1.75,0.3,2,0\" alt=\"Indik\u00e1tor vlhkosti\" width=\"437\" height=\"437\" \/><\/li>\n<\/ul>\n<h2 data-start=\"2355\" data-end=\"2407\">&#x1f343; Letn\u00ed obaly pro \u010derstv\u00e9 a zem\u011bd\u011blsk\u00e9 produkty<\/h2>\n<ul>\n<li data-start=\"2409\" data-end=\"2658\"><a href=\"https:\/\/www.rajapack.cz\/skladovani-manipulace\/plastove-boxy-prepravky-zasobniky\/prepravky-s-mrizkou_OFF_CZ_0831.html\"><strong data-start=\"2409\" data-end=\"2441\">Plastov\u00e9 p\u0159epravky s m\u0159\u00ed\u017ekou<\/strong><\/a><br data-start=\"2441\" data-end=\"2444\" \/>Odleh\u010den\u00e9, omyvateln\u00e9 a dob\u0159e v\u011btran\u00e9 p\u0159epravky jsou ide\u00e1ln\u00ed pro \u010derstv\u00e9 potraviny, ovoce, zeleninu nebo zem\u011bd\u011blsk\u00e9 produkty. D\u00edky vzdu\u0161n\u00e9mu designu napom\u00e1haj\u00ed p\u0159irozen\u00e9 cirkulaci vzduchu a sni\u017euj\u00ed riziko zapa\u0159en\u00ed.<img loading=\"lazy\" decoding=\"async\" class=\"aligncenter\" src=\"https:\/\/raja.scene7.com\/is\/image\/Raja\/products\/p-epravky-kou_OFF_CZ_0831.jpg?template=withpicto600&amp;$image=M_E432200_G_BE&amp;$picto=NoPicto&amp;hei=600&amp;wid=600&amp;fmt=jpg&amp;qlt=85,0&amp;resMode=sharp2&amp;op_usm=1.75,0.3,2,0\" alt=\"P\u0159epravky s m\u0159\u00ed\u017ekou - 1\" width=\"383\" height=\"383\" \/><\/li>\n<\/ul>\n<h2 data-start=\"2665\" data-end=\"2725\">&#x26a1; Ochrana elektroniky: Antistatick\u00e9 obaly a letn\u00ed rizika<\/h2>\n<p data-start=\"2727\" data-end=\"3043\">A\u010dkoli antistatick\u00e9 obaly p\u0159\u00edmo nesouvis\u00ed s vysok\u00fdmi teplotami, v l\u00e9t\u011b rozhodn\u011b hraj\u00ed d\u016fle\u017eitou roli \u2013 zejm\u00e9na pokud zas\u00edl\u00e1te elektroniku nebo citliv\u00e9 sou\u010d\u00e1stky, kter\u00e9 mohou b\u00fdt ohro\u017eeny elektrostatick\u00fdm v\u00fdbojem (ESD). Takov\u00e9 v\u00fdboje nejsou viditeln\u00e9, ale mohou v\u00e1\u017en\u011b po\u0161kodit \u010dipy, senzory nebo desky plo\u0161n\u00fdch spoj\u016f.<\/p>\n<ul>\n<li><a href=\"https:\/\/www.rajapack.cz\/sacky-plastove-nadoby\/antistaticke-obaly\/antistaticke-bublinkove-folie-roli-recyklovane_OFF_CZ_1338.html\"><strong>Antistatick\u00e1 bublinkov\u00e1 f\u00f3lie<\/strong><\/a><img loading=\"lazy\" decoding=\"async\" class=\"aligncenter\" src=\"https:\/\/raja.scene7.com\/is\/image\/Raja\/products\/antistatick-bublinkov-f-lie-v-roli-100-recyklovan_OFF_CZ_1338.jpg?template=withpicto600&amp;$image=M_SACB15_D_S_017_F&amp;$picto=NoPicto&amp;hei=600&amp;wid=600&amp;fmt=jpg&amp;qlt=85,0&amp;resMode=sharp2&amp;op_usm=1.75,0.3,2,0\" alt=\"Antistatick\u00e9 bublinkov\u00e9 f\u00f3lie v roli, 100% recyklovan\u00e9 - 1\" width=\"453\" height=\"453\" \/><\/li>\n<li><a href=\"https:\/\/www.rajapack.cz\/sacky-plastove-nadoby\/antistaticke-obaly\/antistaticke-bublinkove-sacky_OFF_CZ_1328.html\"><strong>Antistatick\u00e9 bublinkov\u00e9 s\u00e1\u010dky<\/strong><\/a><img loading=\"lazy\" decoding=\"async\" class=\"aligncenter\" src=\"https:\/\/raja.scene7.com\/is\/image\/Raja\/products\/antistatick-bublinkov-ky-samolepic-uz-v-rem-80-recyklovan_OFF_CZ_1328.jpg?image=M_SCB15_R_A5_0910_F$default$&amp;hei=600&amp;wid=600&amp;fmt=jpg&amp;qlt=85,0&amp;resMode=sharp2&amp;op_usm=1.75,0.3,2,0\" alt=\"Antistatick\u00e9 bublinkov\u00e9 s\u00e1\u010dky se samolepic\u00edm uz\u00e1v\u011brem, 80% recyklovan\u00e9 - 4\" width=\"391\" height=\"391\" \/><\/li>\n<\/ul>\n<h3 data-start=\"3045\" data-end=\"3100\"><strong data-start=\"3045\" data-end=\"3100\">Pro\u010d je antistatick\u00e1 ochrana d\u016fle\u017eit\u00e1 pr\u00e1v\u011b v l\u00e9t\u011b?<\/strong><\/h3>\n<p>&nbsp;<\/p>\n<p data-start=\"3102\" data-end=\"3450\">\u2022 <strong data-start=\"3104\" data-end=\"3162\">Letn\u00ed bou\u0159ky a sucho zvy\u0161uj\u00ed v\u00fdskyt statick\u00e9 elekt\u0159iny<\/strong><br data-start=\"3162\" data-end=\"3165\" \/>Vysok\u00e9 teploty, n\u00edzk\u00e1 vlhkost a \u010dast\u00e1 manipulace se zbo\u017e\u00edm (nap\u0159\u00edklad v t\u0159\u00eddic\u00edch centrech nebo skladech) vytv\u00e1\u0159ej\u00ed ide\u00e1ln\u00ed podm\u00ednky pro vznik statick\u00e9 elekt\u0159iny. Ta vznik\u00e1 t\u0159en\u00edm obalov\u00fdch materi\u00e1l\u016f nebo kontaktem r\u016fzn\u00fdch povrch\u016f \u2013 a i drobn\u00fd v\u00fdboj m\u016f\u017ee po\u0161kodit citlivou elektroniku.<\/p>\n<p data-start=\"3452\" data-end=\"3666\">\u2022 <strong data-start=\"3454\" data-end=\"3498\">Klimatizovan\u00e9 sklady a logistick\u00e1 centra<\/strong><br data-start=\"3498\" data-end=\"3501\" \/>Letn\u00ed provozy \u010dasto vyu\u017e\u00edvaj\u00ed klimatizaci, kter\u00e1 sni\u017euje vlhkost vzduchu. Such\u00e9 prost\u0159ed\u00ed v\u00fdznamn\u011b zvy\u0161uje riziko elektrostatick\u00fdch v\u00fdboj\u016f p\u0159i manipulaci a p\u0159eprav\u011b.<\/p>\n<p data-start=\"3668\" data-end=\"3950\">\u2022 <strong data-start=\"3670\" data-end=\"3711\">Zas\u00edl\u00e1n\u00ed do such\u00fdch a tepl\u00fdch oblast\u00ed<\/strong><br data-start=\"3711\" data-end=\"3714\" \/>Export do region\u016f s hork\u00fdm a such\u00fdm klimatem \u2013 jako je Bl\u00edzk\u00fd v\u00fdchod, v\u00fdchodn\u00ed Evropa nebo n\u011bkter\u00e9 st\u00e1ty USA \u2013 \u010dasto vy\u017eaduje pou\u017eit\u00ed antistatick\u00fdch obal\u016f. V n\u011bkter\u00fdch p\u0159\u00edpadech je ESD ochrana p\u0159\u00edmo zakotvena v dodavatelsk\u00fdch smlouv\u00e1ch.<\/p>\n<p data-start=\"4067\" data-end=\"4210\">\n<p data-start=\"4067\" data-end=\"4210\">L\u00e9to p\u0159in\u00e1\u0161\u00ed nov\u00e9 v\u00fdzvy \u2013 ale se spr\u00e1vn\u00fdmi obaly je snadno zvl\u00e1dnete. P\u0159izp\u016fsobte sv\u016fj balic\u00ed proces sez\u00f3n\u011b a u\u0161et\u0159ete starosti, \u010das i n\u00e1klady.<\/p>\n<p data-start=\"4212\" data-end=\"4334\">&#x1f449; Prohl\u00e9dn\u011bte si celou nab\u00eddku na <strong data-start=\"4247\" data-end=\"4262\">rajapack.cz<\/strong> a objevte produkty, kter\u00e9 va\u0161emu podnik\u00e1n\u00ed usnadn\u00ed logistiku i dopravu.<\/p>\n","protected":false},"excerpt":{"rendered":"<p>L\u00e9to je nejen obdob\u00edm dovolen\u00fdch a vysok\u00fdch teplot, ale tak\u00e9 sez\u00f3nn\u00edch v\u00fdzev v oblasti logistiky a balen\u00ed. A\u0165 u\u017e odes\u00edl\u00e1te potraviny, kosmetiku, techniku nebo ru\u010dn\u011b vyr\u00e1b\u011bn\u00e9 produkty, spr\u00e1vn\u00e1 volba obal\u016f [&#8230;]<\/p>\n","protected":false},"author":33,"featured_media":12919,"comment_status":"open","ping_status":"open","sticky":false,"template":"","format":"standard","meta":{"_acf_changed":false,"footnotes":""},"categories":[1205],"tags":[],"class_list":["post-12917","post","type-post","status-publish","format-standard","has-post-thumbnail","hentry","category-nase-obaly-a-novinky"],"acf":[],"yoast_head":"\n<title>RAJA produkty, kter\u00e9 se v l\u00e9t\u011b rozhodn\u011b neztrat\u00ed! - Tipy a rady z oblasti logistiky, obal\u016f i p\u0159epravy | Rajapack<\/title>\n<meta name=\"description\" content=\"Objevte letn\u00ed obalov\u00e1 \u0159e\u0161en\u00ed RAJA \u2013 ochrana proti teplu, vlhkosti i statick\u00e9 elekt\u0159in\u011b pro bezpe\u010dnou p\u0159epravu a skladov\u00e1n\u00ed.\" \/>\n<meta name=\"robots\" content=\"index, follow, max-snippet:-1, max-image-preview:large, max-video-preview:-1\" \/>\n<link rel=\"canonical\" href=\"https:\/\/www.rajapack.cz\/blog-cz\/letni-obaly-pro-logistiku-a-prepravu\" \/>\n<meta property=\"og:locale\" content=\"cs_CZ\" \/>\n<meta property=\"og:type\" content=\"article\" \/>\n<meta property=\"og:title\" content=\"RAJA produkty, kter\u00e9 se v l\u00e9t\u011b rozhodn\u011b neztrat\u00ed! - Tipy a rady z oblasti logistiky, obal\u016f i p\u0159epravy | Rajapack\" \/>\n<meta property=\"og:description\" content=\"Objevte letn\u00ed obalov\u00e1 \u0159e\u0161en\u00ed RAJA \u2013 ochrana proti teplu, vlhkosti i statick\u00e9 elekt\u0159in\u011b pro bezpe\u010dnou p\u0159epravu a skladov\u00e1n\u00ed.\" \/>\n<meta property=\"og:url\" content=\"https:\/\/www.rajapack.cz\/blog-cz\/letni-obaly-pro-logistiku-a-prepravu\" \/>\n<meta property=\"og:site_name\" content=\"Tipy a rady z oblasti logistiky, obal\u016f i p\u0159epravy | Rajapack\" \/>\n<meta property=\"article:published_time\" content=\"2025-07-07T08:59:19+00:00\" \/>\n<meta property=\"article:modified_time\" content=\"2025-07-07T09:30:36+00:00\" \/>\n<meta property=\"og:image\" content=\"https:\/\/www.rajapack.cz\/blog-cz\/wp-content\/uploads\/2025\/07\/Navrh-bez-nazvu-1.png\" \/>\n\t<meta property=\"og:image:width\" content=\"1472\" \/>\n\t<meta property=\"og:image:height\" content=\"832\" \/>\n\t<meta property=\"og:image:type\" content=\"image\/png\" \/>\n<meta name=\"author\" content=\"Petra Duongov\u00e1\" \/>\n<meta name=\"twitter:label1\" content=\"Napsal(a)\" \/>\n\t<meta name=\"twitter:data1\" content=\"Petra Duongov\u00e1\" \/>\n\t<meta name=\"twitter:label2\" content=\"Odhadovan\u00e1 doba \u010dten\u00ed\" \/>\n\t<meta name=\"twitter:data2\" content=\"6 minut\" \/>\n<script type=\"application\/ld+json\" class=\"yoast-schema-graph\">{\n\t    \"@context\": \"https:\/\/schema.org\",\n\t    \"@graph\": [\n\t        {\n\t            \"@type\": \"WebPage\",\n\t            \"@id\": \"https:\/\/www.rajapack.cz\/blog-cz\/letni-obaly-pro-logistiku-a-prepravu\",\n\t            \"url\": \"https:\/\/www.rajapack.cz\/blog-cz\/letni-obaly-pro-logistiku-a-prepravu\",\n\t            \"name\": \"RAJA produkty, kter\u00e9 se v l\u00e9t\u011b rozhodn\u011b neztrat\u00ed! - Tipy a rady z oblasti logistiky, obal\u016f i p\u0159epravy | Rajapack\",\n\t            \"isPartOf\": {\n\t                \"@id\": \"https:\/\/www.rajapack.cz\/blog-cz\/#website\"\n\t            },\n\t            \"primaryImageOfPage\": {\n\t                \"@id\": \"https:\/\/www.rajapack.cz\/blog-cz\/letni-obaly-pro-logistiku-a-prepravu#primaryimage\"\n\t            },\n\t            \"image\": {\n\t                \"@id\": \"https:\/\/www.rajapack.cz\/blog-cz\/letni-obaly-pro-logistiku-a-prepravu#primaryimage\"\n\t            },\n\t            \"thumbnailUrl\": \"https:\/\/www.rajapack.cz\/blog-cz\/wp-content\/uploads\/2025\/07\/Navrh-bez-nazvu-1.png\",\n\t            \"datePublished\": \"2025-07-07T08:59:19+00:00\",\n\t            \"dateModified\": \"2025-07-07T09:30:36+00:00\",\n\t            \"author\": {\n\t                \"@id\": \"https:\/\/www.rajapack.cz\/blog-cz\/#\/schema\/person\/c1d734291177e42481124ecdf89d4aaf\"\n\t            },\n\t            \"description\": \"Objevte letn\u00ed obalov\u00e1 \u0159e\u0161en\u00ed RAJA \u2013 ochrana proti teplu, vlhkosti i statick\u00e9 elekt\u0159in\u011b pro bezpe\u010dnou p\u0159epravu a skladov\u00e1n\u00ed.\",\n\t            \"inLanguage\": \"cs\",\n\t            \"potentialAction\": [\n\t                {\n\t                    \"@type\": \"ReadAction\",\n\t                    \"target\": [\n\t                        \"https:\/\/www.rajapack.cz\/blog-cz\/letni-obaly-pro-logistiku-a-prepravu\"\n\t                    ]\n\t                }\n\t            ]\n\t        },\n\t        {\n\t            \"@type\": \"ImageObject\",\n\t            \"inLanguage\": \"cs\",\n\t            \"@id\": \"https:\/\/www.rajapack.cz\/blog-cz\/letni-obaly-pro-logistiku-a-prepravu#primaryimage\",\n\t            \"url\": \"https:\/\/www.rajapack.cz\/blog-cz\/wp-content\/uploads\/2025\/07\/Navrh-bez-nazvu-1.png\",\n\t            \"contentUrl\": \"https:\/\/www.rajapack.cz\/blog-cz\/wp-content\/uploads\/2025\/07\/Navrh-bez-nazvu-1.png\",\n\t            \"width\": 1472,\n\t            \"height\": 832\n\t        },\n\t        {\n\t            \"@type\": \"WebSite\",\n\t            \"@id\": \"https:\/\/www.rajapack.cz\/blog-cz\/#website\",\n\t            \"url\": \"https:\/\/www.rajapack.cz\/blog-cz\/\",\n\t            \"name\": \"Tipy a rady z oblasti logistiky, obal\u016f i p\u0159epravy | Rajapack\",\n\t            \"description\": \"Na\u010derpejte na na\u0161em blogu odborn\u00e9 tipy v oblasti logistiky i obal\u016f pro r\u016fzn\u00e9 typy balen\u00ed \u2714 Zaj\u00edmav\u00e9 \u010dl\u00e1nky a aktuality ze sv\u011bta obalov\u00fdch materi\u00e1l\u016f \u2714\",\n\t            \"potentialAction\": [\n\t                {\n\t                    \"@type\": \"SearchAction\",\n\t                    \"target\": {\n\t                        \"@type\": \"EntryPoint\",\n\t                        \"urlTemplate\": \"https:\/\/www.rajapack.cz\/blog-cz\/?s={search_term_string}\"\n\t                    },\n\t                    \"query-input\": \"required name=search_term_string\"\n\t                }\n\t            ],\n\t            \"inLanguage\": \"cs\"\n\t        },\n\t        {\n\t            \"@type\": \"Person\",\n\t            \"@id\": \"https:\/\/www.rajapack.cz\/blog-cz\/#\/schema\/person\/c1d734291177e42481124ecdf89d4aaf\",\n\t            \"name\": \"Petra Duongov\u00e1\",\n\t            \"image\": {\n\t                \"@type\": \"ImageObject\",\n\t                \"inLanguage\": \"cs\",\n\t                \"@id\": \"https:\/\/www.rajapack.cz\/blog-cz\/#\/schema\/person\/image\/\",\n\t                \"url\": \"https:\/\/secure.gravatar.com\/avatar\/8d665ed1e747672d4bbdbb6640338389?s=96&d=mm&r=g\",\n\t                \"contentUrl\": \"https:\/\/secure.gravatar.com\/avatar\/8d665ed1e747672d4bbdbb6640338389?s=96&d=mm&r=g\",\n\t                \"caption\": \"Petra Duongov\u00e1\"\n\t            },\n\t            \"url\": \"https:\/\/www.rajapack.cz\/blog-cz\/author\/lenka\"\n\t        }\n\t    ]\n\t}<\/script>\n","yoast_head_json":{"title":"RAJA produkty, kter\u00e9 se v l\u00e9t\u011b rozhodn\u011b neztrat\u00ed! - Tipy a rady z oblasti logistiky, obal\u016f i p\u0159epravy | Rajapack","description":"Objevte letn\u00ed obalov\u00e1 \u0159e\u0161en\u00ed RAJA \u2013 ochrana proti teplu, vlhkosti i statick\u00e9 elekt\u0159in\u011b pro bezpe\u010dnou p\u0159epravu a skladov\u00e1n\u00ed.","robots":{"index":"index","follow":"follow","max-snippet":"max-snippet:-1","max-image-preview":"max-image-preview:large","max-video-preview":"max-video-preview:-1"},"canonical":"https:\/\/www.rajapack.cz\/blog-cz\/letni-obaly-pro-logistiku-a-prepravu","og_locale":"cs_CZ","og_type":"article","og_title":"RAJA produkty, kter\u00e9 se v l\u00e9t\u011b rozhodn\u011b neztrat\u00ed! - Tipy a rady z oblasti logistiky, obal\u016f i p\u0159epravy | Rajapack","og_description":"Objevte letn\u00ed obalov\u00e1 \u0159e\u0161en\u00ed RAJA \u2013 ochrana proti teplu, vlhkosti i statick\u00e9 elekt\u0159in\u011b pro bezpe\u010dnou p\u0159epravu a skladov\u00e1n\u00ed.","og_url":"https:\/\/www.rajapack.cz\/blog-cz\/letni-obaly-pro-logistiku-a-prepravu","og_site_name":"Tipy a rady z oblasti logistiky, obal\u016f i p\u0159epravy | Rajapack","article_published_time":"2025-07-07T08:59:19+00:00","article_modified_time":"2025-07-07T09:30:36+00:00","og_image":[{"width":1472,"height":832,"url":"https:\/\/www.rajapack.cz\/blog-cz\/wp-content\/uploads\/2025\/07\/Navrh-bez-nazvu-1.png","type":"image\/png"}],"author":"Petra Duongov\u00e1","twitter_misc":{"Napsal(a)":"Petra Duongov\u00e1","Odhadovan\u00e1 doba \u010dten\u00ed":"6 minut"},"schema":{"@context":"https:\/\/schema.org","@graph":[{"@type":"WebPage","@id":"https:\/\/www.rajapack.cz\/blog-cz\/letni-obaly-pro-logistiku-a-prepravu","url":"https:\/\/www.rajapack.cz\/blog-cz\/letni-obaly-pro-logistiku-a-prepravu","name":"RAJA produkty, kter\u00e9 se v l\u00e9t\u011b rozhodn\u011b neztrat\u00ed! - Tipy a rady z oblasti logistiky, obal\u016f i p\u0159epravy | Rajapack","isPartOf":{"@id":"https:\/\/www.rajapack.cz\/blog-cz\/#website"},"primaryImageOfPage":{"@id":"https:\/\/www.rajapack.cz\/blog-cz\/letni-obaly-pro-logistiku-a-prepravu#primaryimage"},"image":{"@id":"https:\/\/www.rajapack.cz\/blog-cz\/letni-obaly-pro-logistiku-a-prepravu#primaryimage"},"thumbnailUrl":"https:\/\/www.rajapack.cz\/blog-cz\/wp-content\/uploads\/2025\/07\/Navrh-bez-nazvu-1.png","datePublished":"2025-07-07T08:59:19+00:00","dateModified":"2025-07-07T09:30:36+00:00","author":{"@id":"https:\/\/www.rajapack.cz\/blog-cz\/#\/schema\/person\/c1d734291177e42481124ecdf89d4aaf"},"description":"Objevte letn\u00ed obalov\u00e1 \u0159e\u0161en\u00ed RAJA \u2013 ochrana proti teplu, vlhkosti i statick\u00e9 elekt\u0159in\u011b pro bezpe\u010dnou p\u0159epravu a skladov\u00e1n\u00ed.","inLanguage":"cs","potentialAction":[{"@type":"ReadAction","target":["https:\/\/www.rajapack.cz\/blog-cz\/letni-obaly-pro-logistiku-a-prepravu"]}]},{"@type":"ImageObject","inLanguage":"cs","@id":"https:\/\/www.rajapack.cz\/blog-cz\/letni-obaly-pro-logistiku-a-prepravu#primaryimage","url":"https:\/\/www.rajapack.cz\/blog-cz\/wp-content\/uploads\/2025\/07\/Navrh-bez-nazvu-1.png","contentUrl":"https:\/\/www.rajapack.cz\/blog-cz\/wp-content\/uploads\/2025\/07\/Navrh-bez-nazvu-1.png","width":1472,"height":832},{"@type":"WebSite","@id":"https:\/\/www.rajapack.cz\/blog-cz\/#website","url":"https:\/\/www.rajapack.cz\/blog-cz\/","name":"Tipy a rady z oblasti logistiky, obal\u016f i p\u0159epravy | Rajapack","description":"Na\u010derpejte na na\u0161em blogu odborn\u00e9 tipy v oblasti logistiky i obal\u016f pro r\u016fzn\u00e9 typy balen\u00ed \u2714 Zaj\u00edmav\u00e9 \u010dl\u00e1nky a aktuality ze sv\u011bta obalov\u00fdch materi\u00e1l\u016f \u2714","potentialAction":[{"@type":"SearchAction","target":{"@type":"EntryPoint","urlTemplate":"https:\/\/www.rajapack.cz\/blog-cz\/?s={search_term_string}"},"query-input":"required name=search_term_string"}],"inLanguage":"cs"},{"@type":"Person","@id":"https:\/\/www.rajapack.cz\/blog-cz\/#\/schema\/person\/c1d734291177e42481124ecdf89d4aaf","name":"Petra Duongov\u00e1","image":{"@type":"ImageObject","inLanguage":"cs","@id":"https:\/\/www.rajapack.cz\/blog-cz\/#\/schema\/person\/image\/","url":"https:\/\/secure.gravatar.com\/avatar\/8d665ed1e747672d4bbdbb6640338389?s=96&d=mm&r=g","contentUrl":"https:\/\/secure.gravatar.com\/avatar\/8d665ed1e747672d4bbdbb6640338389?s=96&d=mm&r=g","caption":"Petra Duongov\u00e1"},"url":"https:\/\/www.rajapack.cz\/blog-cz\/author\/lenka"}]}},"_links":{"self":[{"href":"https:\/\/www.rajapack.cz\/blog-cz\/wp-json\/wp\/v2\/posts\/12917"}],"collection":[{"href":"https:\/\/www.rajapack.cz\/blog-cz\/wp-json\/wp\/v2\/posts"}],"about":[{"href":"https:\/\/www.rajapack.cz\/blog-cz\/wp-json\/wp\/v2\/types\/post"}],"author":[{"embeddable":true,"href":"https:\/\/www.rajapack.cz\/blog-cz\/wp-json\/wp\/v2\/users\/33"}],"replies":[{"embeddable":true,"href":"https:\/\/www.rajapack.cz\/blog-cz\/wp-json\/wp\/v2\/comments?post=12917"}],"version-history":[{"count":6,"href":"https:\/\/www.rajapack.cz\/blog-cz\/wp-json\/wp\/v2\/posts\/12917\/revisions"}],"predecessor-version":[{"id":12924,"href":"https:\/\/www.rajapack.cz\/blog-cz\/wp-json\/wp\/v2\/posts\/12917\/revisions\/12924"}],"wp:featuredmedia":[{"embeddable":true,"href":"https:\/\/www.rajapack.cz\/blog-cz\/wp-json\/wp\/v2\/media\/12919"}],"wp:attachment":[{"href":"https:\/\/www.rajapack.cz\/blog-cz\/wp-json\/wp\/v2\/media?parent=12917"}],"wp:term":[{"taxonomy":"category","embeddable":true,"href":"https:\/\/www.rajapack.cz\/blog-cz\/wp-json\/wp\/v2\/categories?post=12917"},{"taxonomy":"post_tag","embeddable":true,"href":"https:\/\/www.rajapack.cz\/blog-cz\/wp-json\/wp\/v2\/tags?post=12917"}],"curies":[{"name":"wp","href":"https:\/\/api.w.org\/{rel}","templated":true}]}}