{"id":12860,"date":"2025-05-15T15:54:42","date_gmt":"2025-05-15T13:54:42","guid":{"rendered":"https:\/\/www.rajapack.cz\/blog-cz\/?p=12860"},"modified":"2025-05-15T16:19:35","modified_gmt":"2025-05-15T14:19:35","slug":"letni-sezona-ve-skladu-5-klicovych-kroku-pro-efektivnejsi-provoz","status":"publish","type":"post","link":"https:\/\/www.rajapack.cz\/blog-cz\/letni-sezona-ve-skladu-5-klicovych-kroku-pro-efektivnejsi-provoz","title":{"rendered":"Letn\u00ed sez\u00f3na ve skladu: 5 kl\u00ed\u010dov\u00fdch krok\u016f pro efektivn\u011bj\u0161\u00ed provoz"},"content":{"rendered":"<p>L\u00e9to v logistice neznamen\u00e1 pouze teplej\u0161\u00ed po\u010das\u00ed \u2013 pro mnoho firem jde o d\u016fle\u017eitou p\u0159\u00edpravu na sez\u00f3nn\u00ed r\u016fst popt\u00e1vky, zah\u00e1jen\u00ed prodejn\u00ed kampan\u011b nebo zv\u00fd\u0161enou aktivitu v r\u00e1mci e-commerce. Efektivn\u00ed skladov\u00fd provoz v tomto obdob\u00ed rozhoduje o tom, jak hladce firma zvl\u00e1dne n\u00e1r\u016fst objedn\u00e1vek bez ztr\u00e1ty tempa \u010di kvality. P\u0159in\u00e1\u0161\u00edme p\u011bt konkr\u00e9tn\u00edch krok\u016f, kter\u00e9 v\u00e1m pomohou p\u0159ipravit sklad na letn\u00ed \u0161pi\u010dku \u2013 v\u010detn\u011b doporu\u010den\u00ed na osv\u011bd\u010den\u00e9 produkty z nab\u00eddky RAJA.<\/p>\n<h3 style=\"text-align: center;\"><strong>Prove\u010fte revizi skladov\u00fdch z\u00e1sob a reorganizujte kl\u00ed\u010dov\u00e9 z\u00f3ny<\/strong><\/h3>\n<p>Za\u010dn\u011bte anal\u00fdzou aktu\u00e1ln\u00edho rozm\u00edst\u011bn\u00ed produkt\u016f a v\u00fddejn\u00edch tras. Zam\u011b\u0159te se zejm\u00e9na na tzv. A-sortiment \u2013 tedy polo\u017eky s vysokou obr\u00e1tkovost\u00ed. Jejich p\u0159esun do snadno dostupn\u00fdch z\u00f3n m\u016f\u017ee p\u0159in\u00e9st okam\u017eit\u00e9 zrychlen\u00ed manipulace.<\/p>\n<p><strong>&#x1f539; Doporu\u010dujeme:<\/strong><\/p>\n<p>Pro efektivn\u00ed a p\u0159ehledn\u00e9 skladov\u00e1n\u00ed doporu\u010dujeme <a href=\"https:\/\/www.rajapack.cz\/skladovani-manipulace\/vybaveni-dilny-skladu\/ocelovy-univerzalni-regal_OFF_CZ_1220.html\">robustn\u00ed kovov\u00fd reg\u00e1l<\/a>, kter\u00fd d\u00edky nosnosti a\u017e 90 kg na polici snadno zvl\u00e1dne vysokou z\u00e1t\u011b\u017e. Reg\u00e1l si snadno a\u00a0bez pou\u017eit\u00ed n\u00e1\u0159ad\u00ed nastav\u00edte podle pot\u0159eby a celou sestavu lze nav\u00edc kdykoli roz\u0161\u00ed\u0159it o p\u0159\u00eddavn\u00e9 moduly.<\/p>\n<p><img loading=\"lazy\" decoding=\"async\" class=\"aligncenter\" src=\"https:\/\/raja.scene7.com\/is\/image\/Raja\/products\/ocelov-univerz-ln-reg_OFF_CZ_1220.jpg?template=withpicto600&amp;$image=M_184133_PLG093_25547&amp;$picto=NoPicto&amp;hei=600&amp;wid=600&amp;fmt=jpg&amp;qlt=85,0&amp;resMode=sharp2&amp;op_usm=1.75,0.3,2,0\" alt=\"Ocelov\u00fd univerz\u00e1ln\u00ed reg\u00e1l - 1\" width=\"323\" height=\"323\" \/><\/p>\n<p>Aby byl reg\u00e1l opravdu maxim\u00e1ln\u011b p\u0159ehledn\u00fd a efektivn\u00ed, doporu\u010dujeme jej doplnit o <a href=\"https:\/\/www.rajapack.cz\/obaly-na-doprovodnou-dokumentaci-etikety\/prumyslove-znaceni-samolepky\/vymenne-stitky_OFF_CZ_0702.html\">praktick\u00e9 \u0161t\u00edtky z pr\u016fhledn\u00e9ho PVC<\/a>, kter\u00e9 urychl\u00ed orientaci ve skladu i p\u0159i inventur\u00e1ch. D\u00edky plastov\u00e9 klop\u011b je v\u00fdm\u011bna etiket ot\u00e1zkou vte\u0159in \u2013 etiketu jednodu\u0161e zasunete shora, bez lepen\u00ed nebo n\u00e1ro\u010dn\u00e9 manipulace.<\/p>\n<p><img loading=\"lazy\" decoding=\"async\" class=\"aligncenter\" src=\"https:\/\/raja.scene7.com\/is\/image\/Raja\/products\/v-nn-tky-na-etikety_OFF_CZ_0702.jpg?image=M_TS510_D_S1_068_F$default$&amp;hei=600&amp;wid=600&amp;fmt=jpg&amp;qlt=85,0&amp;resMode=sharp2&amp;op_usm=1.75,0.3,2,0\" alt=\"V\u00fdm\u011bnn\u00e9 \u0161t\u00edtky na etikety - 2\" width=\"294\" height=\"294\" \/><\/p>\n<p><a href=\"https:\/\/www.rajapack.cz\/skladovani-manipulace\/plastove-boxy-prepravky-zasobniky\/ukladaci-zasobnik_OFF_CZ_0707.html\">Plastov\u00e9 ukl\u00e1dac\u00ed z\u00e1sobn\u00edky<\/a> jsou vyrobeny z odoln\u00e9ho le\u0161t\u011bn\u00e9ho polypropylenu, kter\u00fd zvl\u00e1d\u00e1 n\u00e1ro\u010dn\u00e9 podm\u00ednky \u2013 v\u010detn\u011b p\u016fsoben\u00ed tuk\u016f, kyselin i teplotn\u00edch v\u00fdkyv\u016f od -20 \u00b0C do +40 \u00b0C. D\u00edky sv\u00e9 konstrukci jsou robustn\u00ed, prostorn\u00e9 a stohovateln\u00e9, co\u017e usnad\u0148uje manipulaci i automatizovan\u00e9 p\u0159esuny. K dispozici jsou v praktick\u00e9 \u010derven\u00e9 nebo modr\u00e9 barv\u011b a snadno se za\u010dlen\u00ed do barevn\u011b rozli\u0161en\u00e9ho syst\u00e9mu skladov\u00e1n\u00ed.<\/p>\n<h3><img loading=\"lazy\" decoding=\"async\" class=\"aligncenter\" src=\"https:\/\/raja.scene7.com\/is\/image\/Raja\/products\/plastov-ukl-dac-z-sobn-k_OFF_CZ_0707.jpg?template=withpicto600&amp;$image=M_TEK16N_A_PL&amp;$picto=NoPicto&amp;hei=600&amp;wid=600&amp;fmt=jpg&amp;qlt=85,0&amp;resMode=sharp2&amp;op_usm=1.75,0.3,2,0\" alt=\"Plastov\u00fd ukl\u00e1dac\u00ed z\u00e1sobn\u00edk - 1\" width=\"304\" height=\"304\" \/><\/h3>\n<p>&nbsp;<\/p>\n<h3 style=\"text-align: center;\"><strong>Ov\u011b\u0159te a aktualizujte procesy \u0161kolen\u00ed zam\u011bstnanc\u016f<\/strong><\/h3>\n<p>Ka\u017ed\u00fd nov\u00fd sez\u00f3nn\u00ed pracovn\u00edk by m\u011bl proj\u00edt stru\u010dn\u00fdm, ale systematick\u00fdm \u0161kolen\u00edm. Nejde pouze o bezpe\u010dnost pr\u00e1ce, ale tak\u00e9 o standardizaci balic\u00edch a expedi\u010dn\u00edch postup\u016f, kter\u00e1 eliminuje chyby a reklamace.<\/p>\n<p><strong>&#x1f539; Doporu\u010dujeme:<\/strong><\/p>\n<p>Vytvo\u0159te jednoduch\u00fd vizu\u00e1ln\u00ed manu\u00e1l balen\u00ed pro jednotliv\u00e9 typy z\u00e1silek a um\u00edst\u011bte jej p\u0159\u00edmo na pracovi\u0161t\u011b.<\/p>\n<h3 style=\"text-align: center;\"><strong>Zajist\u011bte dostate\u010dn\u00e9 z\u00e1soby obalov\u00e9ho materi\u00e1lu<\/strong><\/h3>\n<p>Zv\u00fd\u0161en\u00fd objem expedic klade vy\u0161\u0161\u00ed n\u00e1roky na dostupnost obal\u016f. Pravideln\u00fd audit stavu spot\u0159ebn\u00edho materi\u00e1lu a preventivn\u00ed dopln\u011bn\u00ed z\u00e1sob minimalizuje riziko zpo\u017ed\u011bn\u00ed v nejvyt\u00ed\u017een\u011bj\u0161\u00edch dnech.<\/p>\n<p><strong>&#x1f539; Doporu\u010dujeme:<\/strong><\/p>\n<p>Z\u00e1kladem ka\u017ed\u00e9ho balen\u00ed je <a href=\"http:\/\/www.rajapack.cz\/kartonove-krabice_C10.html\">kvalitn\u00ed krabice<\/a> \u2013 a pr\u00e1v\u011b tu najdete v \u0161irok\u00e9m v\u00fdb\u011bru u RAJA. Kartonov\u00e9 krabice r\u016fzn\u00fdch velikost\u00ed, tvar\u016f i konstrukc\u00ed jsou navr\u017een\u00e9 tak, aby vyhov\u011bly v\u0161em typ\u016fm z\u00e1silek \u2013 od mal\u00fdch bal\u00ed\u010dk\u016f po t\u011b\u017ek\u00e9 a objemn\u00e9 produkty.<\/p>\n<p><img loading=\"lazy\" decoding=\"async\" class=\"aligncenter\" src=\"https:\/\/raja.scene7.com\/is\/image\/Raja\/products\/hn-klopov-krabice-ze-sedmivrstv-vlnit-lepenky-7vvl-raja-raja_PDT00335.jpg?image=M_CAT02_R_A2_FR$default$&amp;hei=600&amp;wid=600&amp;fmt=jpg&amp;qlt=85,0&amp;resMode=sharp2&amp;op_usm=1.75,0.3,2,0\" alt=\"Hn\u011bd\u00e9 klopov\u00e9 krabice ze sedmivrstv\u00e9 vlnit\u00e9 lepenky 7VVL RAJA | RAJA - 3\" width=\"331\" height=\"331\" \/><\/p>\n<p>Lep\u00edc\u00ed p\u00e1sky v kombinaci s kvalitn\u00ed krabic\u00ed tvo\u0159\u00ed z\u00e1klad ka\u017ed\u00e9ho spolehliv\u00e9ho bal\u00edku. V RAJA najdete \u0161irokou nab\u00eddku <a href=\"https:\/\/www.rajapack.cz\/lepici-pasky-paskovani-uzaver-obalu\/lepici-balici-pasky_C3010.html\">klasick\u00fdch i speci\u00e1ln\u00edch p\u00e1sek<\/a> \u2013 od <a href=\"https:\/\/www.rajapack.cz\/lepici-pasky-paskovani-uzaver-obalu\/lepici-balici-pasky\/tiche-lepici-pasky_C301030.html\">tich\u00fdch variant<\/a>, p\u0159es <a href=\"https:\/\/www.rajapack.cz\/lepici-pasky-paskovani-uzaver-obalu\/vystrazne-kobercove-izolacni-pasky_C3020.html\">v\u00fdstra\u017en\u00e9 p\u00e1sky<\/a>, a\u017e po <a href=\"https:\/\/www.rajapack.cz\/lepici-pasky-paskovani-uzaver-obalu\/potisk-pasek\/lepici-pasky-s-potiskem_C303010.html\">modely s vlastn\u00edm potiskem<\/a>, kter\u00e9 z\u00e1rove\u0148 pln\u00ed i funkci zna\u010dky.<\/p>\n<p><img loading=\"lazy\" decoding=\"async\" class=\"aligncenter\" src=\"https:\/\/raja.scene7.com\/is\/image\/Raja\/products\/sada-pp-v-stra-expedi-p-sky-odv_OFF_CZ_0520.jpg?template=withpicto600&amp;$image=M_KITFKPP_G_1112_CZ&amp;$picto=NoPicto&amp;hei=600&amp;wid=600&amp;fmt=jpg&amp;qlt=85,0&amp;resMode=sharp2&amp;op_usm=1.75,0.3,2,0\" alt=\"Sada PP v\u00fdstra\u017en\u00e9 expedi\u010dn\u00ed p\u00e1sky + odv\u00edje\u010d - 1\" width=\"303\" height=\"303\" \/><\/p>\n<p>Aby produkty dorazily k z\u00e1kazn\u00edkovi nepo\u0161kozen\u00e9, je vedle kvalitn\u00edho obalu kl\u00ed\u010dov\u00e9 i spr\u00e1vn\u00e9 vypln\u011bn\u00ed dutin v bal\u00edku. RAJA nab\u00edz\u00ed \u0161irok\u00fd v\u00fdb\u011br <a href=\"https:\/\/www.rajapack.cz\/vyplnovy-fixacni-material_C25.html\">v\u00fdpl\u0148ov\u00fdch a fixa\u010dn\u00edch materi\u00e1l\u016f<\/a>, kter\u00e9 zajist\u00ed bezpe\u010dn\u00e9 ulo\u017een\u00ed zbo\u017e\u00ed b\u011bhem p\u0159epravy. Od klasick\u00fdch pap\u00edrov\u00fdch v\u00fdpln\u00ed, p\u0159es vzduchov\u00e9 pol\u0161t\u00e1\u0159ky a\u017e po p\u011bnov\u00e9 fixa\u010dn\u00ed materi\u00e1ly \u2013 snadno si vyberete \u0159e\u0161en\u00ed na m\u00edru podle druhu produktu i objemu z\u00e1silek.<\/p>\n<h3 style=\"text-align: center;\"><img loading=\"lazy\" decoding=\"async\" class=\"aligncenter\" src=\"https:\/\/raja.scene7.com\/is\/image\/Raja\/products\/v-pl-ov-materi-flo-pak-natural_PDT02222.jpg?template=withpicto600&amp;$image=M_MCFL05_S_FR&amp;$picto=NoPicto&amp;hei=600&amp;wid=600&amp;fmt=jpg&amp;qlt=85,0&amp;resMode=sharp2&amp;op_usm=1.75,0.3,2,0\" alt=\"V\u00fdpl\u0148ov\u00fd materi\u00e1l flo-pak\u00ae Natural\" width=\"302\" height=\"302\" \/><\/h3>\n<p>&nbsp;<\/p>\n<h3 style=\"text-align: center;\"><strong>Investujte do ergonomie a pom\u016fcek pro efektivn\u00ed balen\u00ed<\/strong><\/h3>\n<p>Pracovi\u0161t\u011b, kter\u00e1 respektuj\u00ed ergonomii, podporuj\u00ed vy\u0161\u0161\u00ed produktivitu a sni\u017euj\u00ed chybovost i fyzickou z\u00e1t\u011b\u017e person\u00e1lu. V letn\u00edch m\u011bs\u00edc\u00edch se \u010dasto navy\u0161uj\u00ed sm\u011bny i po\u010det brig\u00e1dn\u00edk\u016f \u2013 je proto d\u016fle\u017eit\u00e9 m\u00edt vybaven\u00ed, kter\u00e9 pom\u00e1h\u00e1 udr\u017eet standard bez ohledu na zku\u0161enost pracovn\u00edka.<\/p>\n<p><strong>&#x1f539; Doporu\u010dujeme:<\/strong><\/p>\n<p>Skv\u011bl\u00fdm pomocn\u00edkem je v tomto ohledu <a href=\"https:\/\/www.rajapack.cz\/obalova-technika-balici-stroje\/ovinovaci-uzaviraci-stroje\/rucni-akumulatorovy-paskovac_OFF_CZ_0724.html\">akumul\u00e1torov\u00fd p\u00e1skova\u010d<\/a> \u2013 lehk\u00fd, praktick\u00fd a cenov\u011b dostupn\u00fd n\u00e1stroj ur\u010den\u00fd pro p\u00e1skov\u00e1n\u00ed men\u0161\u00edho i v\u011bt\u0161\u00edho n\u00e1kladu. Je vhodn\u00fd pro horizont\u00e1ln\u00ed i vertik\u00e1ln\u00ed p\u00e1skov\u00e1n\u00ed s PP a PET p\u00e1skami, a d\u00edky frik\u010dn\u00edmu sv\u00e1ru bez pou\u017eit\u00ed spon v\u00fdrazn\u011b urychluje cel\u00fd proces. Ergonomick\u00e1 konstrukce s protiskluzovou rukojet\u00ed zaji\u0161\u0165uje pohodlnou pr\u00e1ci i p\u0159i del\u0161\u00edm pou\u017e\u00edv\u00e1n\u00ed. Nab\u00edje\u010dka i baterie s rychl\u00fdm 30minutov\u00fdm nab\u00edjen\u00edm jsou sou\u010d\u00e1st\u00ed balen\u00ed, p\u0159i\u010dem\u017e je mo\u017en\u00e9 dokoupit i <a href=\"https:\/\/www.rajapack.cz\/obalova-technika-balici-stroje\/ovinovaci-uzaviraci-stroje\/nahradni-baterie_OFF_CZ_1012.html\">n\u00e1hradn\u00ed akumul\u00e1tor<\/a>.<\/p>\n<p><img loading=\"lazy\" decoding=\"async\" class=\"aligncenter\" src=\"https:\/\/raja.scene7.com\/is\/image\/Raja\/products\/cenov-v-hodn-akumul-torov-p-skova_OFF_CZ_0724.jpg?template=withpicto600&amp;$image=M_GTSMART_S1_FR&amp;$picto=NoPicto&amp;hei=600&amp;wid=600&amp;fmt=jpg&amp;qlt=85,0&amp;resMode=sharp2&amp;op_usm=1.75,0.3,2,0\" alt=\"Cenov\u011b v\u00fdhodn\u00fd akumul\u00e1torov\u00fd p\u00e1skova\u010d - 1\" width=\"301\" height=\"301\" \/><\/p>\n<p>Pro maxim\u00e1ln\u00ed efektivitu a preciznost p\u0159i balen\u00ed palet je ide\u00e1ln\u00edm \u0159e\u0161en\u00edm tak\u00e9 <a href=\"https:\/\/www.rajapack.cz\/obalova-technika-balici-stroje\/ovinovaci-uzaviraci-stroje\/programovatelny-robot-pro-baleni-palet_OFF_CZ_1342.html\">robot pro balen\u00ed palet.<\/a> Tento motorizovan\u00fd a multifunk\u010dn\u00ed pomocn\u00edk je vhodn\u00fd i pro palety, kter\u00e9 jsou nestabiln\u00ed, lehk\u00e9 nebo nepravideln\u00e9, a nelze je snadno ot\u00e1\u010det. Robustn\u00ed konstrukce z profilovan\u00e9 oceli s n\u00e1t\u011brem proti korozi zaru\u010duje dlouhou \u017eivotnost i v n\u00e1ro\u010dn\u00e9m prost\u0159ed\u00ed.<\/p>\n<p><img loading=\"lazy\" decoding=\"async\" class=\"aligncenter\" src=\"https:\/\/raja.scene7.com\/is\/image\/Raja\/products\/programovateln-robot-pro-balen-palet_OFF_CZ_1342.jpg?template=withpicto600&amp;$image=M_FPEMOMB_S_IT&amp;$picto=NoPicto&amp;hei=600&amp;wid=600&amp;fmt=jpg&amp;qlt=85,0&amp;resMode=sharp2&amp;op_usm=1.75,0.3,2,0\" alt=\"Programovateln\u00fd robot pro balen\u00ed palet - 1\" width=\"344\" height=\"344\" \/><\/p>\n<p>Pro ka\u017edodenn\u00ed balen\u00ed karton\u016f je <a href=\"https:\/\/www.rajapack.cz\/?query=odv%C3%ADje%C4%8D%20p%C3%A1sky&amp;SearchCat=suggested&amp;SearchQuery=odv%C3%ADje%C4%8D%20p%C3%A1sky\">ru\u010dn\u00ed odv\u00edje\u010d p\u00e1sky<\/a> neoceniteln\u00fdm n\u00e1strojem, kter\u00fd zjednodu\u0161\u00ed va\u0161i pr\u00e1ci a zajist\u00ed precizn\u00ed aplikaci p\u00e1sky.<\/p>\n<h3 style=\"text-align: center;\"><img loading=\"lazy\" decoding=\"async\" class=\"aligncenter\" src=\"https:\/\/raja.scene7.com\/is\/image\/Raja\/products\/ru-odv-p-sky-pro-intenzivn-pou-it_OFF_CZ_0688.jpg?template=withpicto600&amp;$image=M_ADV80_D_A1_020_F&amp;$picto=NoPicto&amp;hei=600&amp;wid=600&amp;fmt=jpg&amp;qlt=85,0&amp;resMode=sharp2&amp;op_usm=1.75,0.3,2,0\" alt=\"Ru\u010dn\u00ed odv\u00edje\u010d p\u00e1sky pro intenzivn\u00ed pou\u017eit\u00ed\" width=\"316\" height=\"316\" \/><strong>Sledujte v\u00fdkonnost a reagujte flexibiln\u011b<\/strong><\/h3>\n<p>Modern\u00ed logistika je o schopnosti p\u0159izp\u016fsobit se v re\u00e1ln\u00e9m \u010dase. Sledujte ukazatele jako je pr\u016fm\u011brn\u00e1 doba odbaven\u00ed objedn\u00e1vky, v\u00fdskyt po\u0161kozen\u00fdch z\u00e1silek nebo vyt\u00ed\u017eenost jednotliv\u00fdch pracovi\u0161\u0165. Pr\u016fb\u011b\u017en\u00e1 optimalizace drobn\u00fdch detail\u016f m\u016f\u017ee p\u0159in\u00e9st znateln\u00fd rozd\u00edl.<\/p>\n<p><strong>&#x1f539; Doporu\u010dujeme:<\/strong><\/p>\n<p>Zave\u010fte pravideln\u00e9 mikro-audity skladu b\u011bhem sez\u00f3ny. Pro v\u011bt\u0161\u00ed provozy nab\u00edz\u00edme i konzultace a n\u00e1vrh layoutu balic\u00ed z\u00f3ny.<\/p>\n<p><strong>P\u0159\u00edprava na sez\u00f3nn\u00ed \u0161pi\u010dku nen\u00ed ot\u00e1zkou velk\u00fdch investic, ale p\u0159edev\u0161\u00edm d\u016fsledn\u00e9ho pl\u00e1nov\u00e1n\u00ed a optimalizace proces\u016f. Spole\u010dnost RAJA nab\u00edz\u00ed \u0161irok\u00e9 portfolio produkt\u016f a vybaven\u00ed, kter\u00e9 pom\u00e1h\u00e1 firm\u00e1m zvl\u00e1dnout sez\u00f3nn\u00ed n\u00e1r\u016fst objedn\u00e1vek bez kompromis\u016f v kvalit\u011b nebo rychlosti.<\/strong><\/p>\n","protected":false},"excerpt":{"rendered":"<p>L\u00e9to v logistice neznamen\u00e1 pouze teplej\u0161\u00ed po\u010das\u00ed \u2013 pro mnoho firem jde o d\u016fle\u017eitou p\u0159\u00edpravu na sez\u00f3nn\u00ed r\u016fst popt\u00e1vky, zah\u00e1jen\u00ed prodejn\u00ed kampan\u011b nebo zv\u00fd\u0161enou aktivitu v r\u00e1mci e-commerce. Efektivn\u00ed skladov\u00fd [&#8230;]<\/p>\n","protected":false},"author":33,"featured_media":12865,"comment_status":"open","ping_status":"open","sticky":false,"template":"","format":"standard","meta":{"_acf_changed":false,"footnotes":""},"categories":[1208],"tags":[],"class_list":["post-12860","post","type-post","status-publish","format-standard","has-post-thumbnail","hentry","category-logistika-a-e-commerce"],"acf":[],"yoast_head":"\n<title>Letn\u00ed sez\u00f3na ve skladu: 5 kl\u00ed\u010dov\u00fdch krok\u016f pro efektivn\u011bj\u0161\u00ed provoz - Tipy a rady z oblasti logistiky, obal\u016f i p\u0159epravy | Rajapack<\/title>\n<meta name=\"description\" content=\"P\u0159\u00edprava na sez\u00f3nn\u00ed \u0161pi\u010dku nen\u00ed ot\u00e1zkou velk\u00fdch investic, ale p\u0159edev\u0161\u00edm d\u016fsledn\u00e9ho pl\u00e1nov\u00e1n\u00ed a optimalizace proces\u016f.\" \/>\n<meta name=\"robots\" content=\"index, follow, max-snippet:-1, max-image-preview:large, max-video-preview:-1\" \/>\n<link rel=\"canonical\" href=\"https:\/\/www.rajapack.cz\/blog-cz\/letni-sezona-ve-skladu-5-klicovych-kroku-pro-efektivnejsi-provoz\" \/>\n<meta property=\"og:locale\" content=\"cs_CZ\" \/>\n<meta property=\"og:type\" content=\"article\" \/>\n<meta property=\"og:title\" content=\"Letn\u00ed sez\u00f3na ve skladu: 5 kl\u00ed\u010dov\u00fdch krok\u016f pro efektivn\u011bj\u0161\u00ed provoz - Tipy a rady z oblasti logistiky, obal\u016f i p\u0159epravy | Rajapack\" \/>\n<meta property=\"og:description\" content=\"P\u0159\u00edprava na sez\u00f3nn\u00ed \u0161pi\u010dku nen\u00ed ot\u00e1zkou velk\u00fdch investic, ale p\u0159edev\u0161\u00edm d\u016fsledn\u00e9ho pl\u00e1nov\u00e1n\u00ed a optimalizace proces\u016f.\" \/>\n<meta property=\"og:url\" content=\"https:\/\/www.rajapack.cz\/blog-cz\/letni-sezona-ve-skladu-5-klicovych-kroku-pro-efektivnejsi-provoz\" \/>\n<meta property=\"og:site_name\" content=\"Tipy a rady z oblasti logistiky, obal\u016f i p\u0159epravy | Rajapack\" \/>\n<meta property=\"article:published_time\" content=\"2025-05-15T13:54:42+00:00\" \/>\n<meta property=\"article:modified_time\" content=\"2025-05-15T14:19:35+00:00\" \/>\n<meta property=\"og:image\" content=\"https:\/\/www.rajapack.cz\/blog-cz\/wp-content\/uploads\/2025\/05\/Navrh-bez-nazvu-5.jpg\" \/>\n\t<meta property=\"og:image:width\" content=\"1472\" \/>\n\t<meta property=\"og:image:height\" content=\"832\" \/>\n\t<meta property=\"og:image:type\" content=\"image\/jpeg\" \/>\n<meta name=\"author\" content=\"Petra Duongov\u00e1\" \/>\n<meta name=\"twitter:label1\" content=\"Napsal(a)\" \/>\n\t<meta name=\"twitter:data1\" content=\"Petra Duongov\u00e1\" \/>\n\t<meta name=\"twitter:label2\" content=\"Odhadovan\u00e1 doba \u010dten\u00ed\" \/>\n\t<meta name=\"twitter:data2\" content=\"7 minut\" \/>\n<script type=\"application\/ld+json\" class=\"yoast-schema-graph\">{\n\t    \"@context\": \"https:\/\/schema.org\",\n\t    \"@graph\": [\n\t        {\n\t            \"@type\": \"WebPage\",\n\t            \"@id\": \"https:\/\/www.rajapack.cz\/blog-cz\/letni-sezona-ve-skladu-5-klicovych-kroku-pro-efektivnejsi-provoz\",\n\t            \"url\": \"https:\/\/www.rajapack.cz\/blog-cz\/letni-sezona-ve-skladu-5-klicovych-kroku-pro-efektivnejsi-provoz\",\n\t            \"name\": \"Letn\u00ed sez\u00f3na ve skladu: 5 kl\u00ed\u010dov\u00fdch krok\u016f pro efektivn\u011bj\u0161\u00ed provoz - Tipy a rady z oblasti logistiky, obal\u016f i p\u0159epravy | Rajapack\",\n\t            \"isPartOf\": {\n\t                \"@id\": \"https:\/\/www.rajapack.cz\/blog-cz\/#website\"\n\t            },\n\t            \"primaryImageOfPage\": {\n\t                \"@id\": \"https:\/\/www.rajapack.cz\/blog-cz\/letni-sezona-ve-skladu-5-klicovych-kroku-pro-efektivnejsi-provoz#primaryimage\"\n\t            },\n\t            \"image\": {\n\t                \"@id\": \"https:\/\/www.rajapack.cz\/blog-cz\/letni-sezona-ve-skladu-5-klicovych-kroku-pro-efektivnejsi-provoz#primaryimage\"\n\t            },\n\t            \"thumbnailUrl\": \"https:\/\/www.rajapack.cz\/blog-cz\/wp-content\/uploads\/2025\/05\/Navrh-bez-nazvu-5.jpg\",\n\t            \"datePublished\": \"2025-05-15T13:54:42+00:00\",\n\t            \"dateModified\": \"2025-05-15T14:19:35+00:00\",\n\t            \"author\": {\n\t                \"@id\": \"https:\/\/www.rajapack.cz\/blog-cz\/#\/schema\/person\/c1d734291177e42481124ecdf89d4aaf\"\n\t            },\n\t            \"description\": \"P\u0159\u00edprava na sez\u00f3nn\u00ed \u0161pi\u010dku nen\u00ed ot\u00e1zkou velk\u00fdch investic, ale p\u0159edev\u0161\u00edm d\u016fsledn\u00e9ho pl\u00e1nov\u00e1n\u00ed a optimalizace proces\u016f.\",\n\t            \"inLanguage\": \"cs\",\n\t            \"potentialAction\": [\n\t                {\n\t                    \"@type\": \"ReadAction\",\n\t                    \"target\": [\n\t                        \"https:\/\/www.rajapack.cz\/blog-cz\/letni-sezona-ve-skladu-5-klicovych-kroku-pro-efektivnejsi-provoz\"\n\t                    ]\n\t                }\n\t            ]\n\t        },\n\t        {\n\t            \"@type\": \"ImageObject\",\n\t            \"inLanguage\": \"cs\",\n\t            \"@id\": \"https:\/\/www.rajapack.cz\/blog-cz\/letni-sezona-ve-skladu-5-klicovych-kroku-pro-efektivnejsi-provoz#primaryimage\",\n\t            \"url\": \"https:\/\/www.rajapack.cz\/blog-cz\/wp-content\/uploads\/2025\/05\/Navrh-bez-nazvu-5.jpg\",\n\t            \"contentUrl\": \"https:\/\/www.rajapack.cz\/blog-cz\/wp-content\/uploads\/2025\/05\/Navrh-bez-nazvu-5.jpg\",\n\t            \"width\": 1472,\n\t            \"height\": 832\n\t        },\n\t        {\n\t            \"@type\": \"WebSite\",\n\t            \"@id\": \"https:\/\/www.rajapack.cz\/blog-cz\/#website\",\n\t            \"url\": \"https:\/\/www.rajapack.cz\/blog-cz\/\",\n\t            \"name\": \"Tipy a rady z oblasti logistiky, obal\u016f i p\u0159epravy | Rajapack\",\n\t            \"description\": \"Na\u010derpejte na na\u0161em blogu odborn\u00e9 tipy v oblasti logistiky i obal\u016f pro r\u016fzn\u00e9 typy balen\u00ed \u2714 Zaj\u00edmav\u00e9 \u010dl\u00e1nky a aktuality ze sv\u011bta obalov\u00fdch materi\u00e1l\u016f \u2714\",\n\t            \"potentialAction\": [\n\t                {\n\t                    \"@type\": \"SearchAction\",\n\t                    \"target\": {\n\t                        \"@type\": \"EntryPoint\",\n\t                        \"urlTemplate\": \"https:\/\/www.rajapack.cz\/blog-cz\/?s={search_term_string}\"\n\t                    },\n\t                    \"query-input\": \"required name=search_term_string\"\n\t                }\n\t            ],\n\t            \"inLanguage\": \"cs\"\n\t        },\n\t        {\n\t            \"@type\": \"Person\",\n\t            \"@id\": \"https:\/\/www.rajapack.cz\/blog-cz\/#\/schema\/person\/c1d734291177e42481124ecdf89d4aaf\",\n\t            \"name\": \"Petra Duongov\u00e1\",\n\t            \"image\": {\n\t                \"@type\": \"ImageObject\",\n\t                \"inLanguage\": \"cs\",\n\t                \"@id\": \"https:\/\/www.rajapack.cz\/blog-cz\/#\/schema\/person\/image\/\",\n\t                \"url\": \"https:\/\/secure.gravatar.com\/avatar\/8d665ed1e747672d4bbdbb6640338389?s=96&d=mm&r=g\",\n\t                \"contentUrl\": \"https:\/\/secure.gravatar.com\/avatar\/8d665ed1e747672d4bbdbb6640338389?s=96&d=mm&r=g\",\n\t                \"caption\": \"Petra Duongov\u00e1\"\n\t            },\n\t            \"url\": \"https:\/\/www.rajapack.cz\/blog-cz\/author\/lenka\"\n\t        }\n\t    ]\n\t}<\/script>\n","yoast_head_json":{"title":"Letn\u00ed sez\u00f3na ve skladu: 5 kl\u00ed\u010dov\u00fdch krok\u016f pro efektivn\u011bj\u0161\u00ed provoz - Tipy a rady z oblasti logistiky, obal\u016f i p\u0159epravy | Rajapack","description":"P\u0159\u00edprava na sez\u00f3nn\u00ed \u0161pi\u010dku nen\u00ed ot\u00e1zkou velk\u00fdch investic, ale p\u0159edev\u0161\u00edm d\u016fsledn\u00e9ho pl\u00e1nov\u00e1n\u00ed a optimalizace proces\u016f.","robots":{"index":"index","follow":"follow","max-snippet":"max-snippet:-1","max-image-preview":"max-image-preview:large","max-video-preview":"max-video-preview:-1"},"canonical":"https:\/\/www.rajapack.cz\/blog-cz\/letni-sezona-ve-skladu-5-klicovych-kroku-pro-efektivnejsi-provoz","og_locale":"cs_CZ","og_type":"article","og_title":"Letn\u00ed sez\u00f3na ve skladu: 5 kl\u00ed\u010dov\u00fdch krok\u016f pro efektivn\u011bj\u0161\u00ed provoz - Tipy a rady z oblasti logistiky, obal\u016f i p\u0159epravy | Rajapack","og_description":"P\u0159\u00edprava na sez\u00f3nn\u00ed \u0161pi\u010dku nen\u00ed ot\u00e1zkou velk\u00fdch investic, ale p\u0159edev\u0161\u00edm d\u016fsledn\u00e9ho pl\u00e1nov\u00e1n\u00ed a optimalizace proces\u016f.","og_url":"https:\/\/www.rajapack.cz\/blog-cz\/letni-sezona-ve-skladu-5-klicovych-kroku-pro-efektivnejsi-provoz","og_site_name":"Tipy a rady z oblasti logistiky, obal\u016f i p\u0159epravy | Rajapack","article_published_time":"2025-05-15T13:54:42+00:00","article_modified_time":"2025-05-15T14:19:35+00:00","og_image":[{"width":1472,"height":832,"url":"https:\/\/www.rajapack.cz\/blog-cz\/wp-content\/uploads\/2025\/05\/Navrh-bez-nazvu-5.jpg","type":"image\/jpeg"}],"author":"Petra Duongov\u00e1","twitter_misc":{"Napsal(a)":"Petra Duongov\u00e1","Odhadovan\u00e1 doba \u010dten\u00ed":"7 minut"},"schema":{"@context":"https:\/\/schema.org","@graph":[{"@type":"WebPage","@id":"https:\/\/www.rajapack.cz\/blog-cz\/letni-sezona-ve-skladu-5-klicovych-kroku-pro-efektivnejsi-provoz","url":"https:\/\/www.rajapack.cz\/blog-cz\/letni-sezona-ve-skladu-5-klicovych-kroku-pro-efektivnejsi-provoz","name":"Letn\u00ed sez\u00f3na ve skladu: 5 kl\u00ed\u010dov\u00fdch krok\u016f pro efektivn\u011bj\u0161\u00ed provoz - Tipy a rady z oblasti logistiky, obal\u016f i p\u0159epravy | Rajapack","isPartOf":{"@id":"https:\/\/www.rajapack.cz\/blog-cz\/#website"},"primaryImageOfPage":{"@id":"https:\/\/www.rajapack.cz\/blog-cz\/letni-sezona-ve-skladu-5-klicovych-kroku-pro-efektivnejsi-provoz#primaryimage"},"image":{"@id":"https:\/\/www.rajapack.cz\/blog-cz\/letni-sezona-ve-skladu-5-klicovych-kroku-pro-efektivnejsi-provoz#primaryimage"},"thumbnailUrl":"https:\/\/www.rajapack.cz\/blog-cz\/wp-content\/uploads\/2025\/05\/Navrh-bez-nazvu-5.jpg","datePublished":"2025-05-15T13:54:42+00:00","dateModified":"2025-05-15T14:19:35+00:00","author":{"@id":"https:\/\/www.rajapack.cz\/blog-cz\/#\/schema\/person\/c1d734291177e42481124ecdf89d4aaf"},"description":"P\u0159\u00edprava na sez\u00f3nn\u00ed \u0161pi\u010dku nen\u00ed ot\u00e1zkou velk\u00fdch investic, ale p\u0159edev\u0161\u00edm d\u016fsledn\u00e9ho pl\u00e1nov\u00e1n\u00ed a optimalizace proces\u016f.","inLanguage":"cs","potentialAction":[{"@type":"ReadAction","target":["https:\/\/www.rajapack.cz\/blog-cz\/letni-sezona-ve-skladu-5-klicovych-kroku-pro-efektivnejsi-provoz"]}]},{"@type":"ImageObject","inLanguage":"cs","@id":"https:\/\/www.rajapack.cz\/blog-cz\/letni-sezona-ve-skladu-5-klicovych-kroku-pro-efektivnejsi-provoz#primaryimage","url":"https:\/\/www.rajapack.cz\/blog-cz\/wp-content\/uploads\/2025\/05\/Navrh-bez-nazvu-5.jpg","contentUrl":"https:\/\/www.rajapack.cz\/blog-cz\/wp-content\/uploads\/2025\/05\/Navrh-bez-nazvu-5.jpg","width":1472,"height":832},{"@type":"WebSite","@id":"https:\/\/www.rajapack.cz\/blog-cz\/#website","url":"https:\/\/www.rajapack.cz\/blog-cz\/","name":"Tipy a rady z oblasti logistiky, obal\u016f i p\u0159epravy | Rajapack","description":"Na\u010derpejte na na\u0161em blogu odborn\u00e9 tipy v oblasti logistiky i obal\u016f pro r\u016fzn\u00e9 typy balen\u00ed \u2714 Zaj\u00edmav\u00e9 \u010dl\u00e1nky a aktuality ze sv\u011bta obalov\u00fdch materi\u00e1l\u016f \u2714","potentialAction":[{"@type":"SearchAction","target":{"@type":"EntryPoint","urlTemplate":"https:\/\/www.rajapack.cz\/blog-cz\/?s={search_term_string}"},"query-input":"required name=search_term_string"}],"inLanguage":"cs"},{"@type":"Person","@id":"https:\/\/www.rajapack.cz\/blog-cz\/#\/schema\/person\/c1d734291177e42481124ecdf89d4aaf","name":"Petra Duongov\u00e1","image":{"@type":"ImageObject","inLanguage":"cs","@id":"https:\/\/www.rajapack.cz\/blog-cz\/#\/schema\/person\/image\/","url":"https:\/\/secure.gravatar.com\/avatar\/8d665ed1e747672d4bbdbb6640338389?s=96&d=mm&r=g","contentUrl":"https:\/\/secure.gravatar.com\/avatar\/8d665ed1e747672d4bbdbb6640338389?s=96&d=mm&r=g","caption":"Petra Duongov\u00e1"},"url":"https:\/\/www.rajapack.cz\/blog-cz\/author\/lenka"}]}},"_links":{"self":[{"href":"https:\/\/www.rajapack.cz\/blog-cz\/wp-json\/wp\/v2\/posts\/12860"}],"collection":[{"href":"https:\/\/www.rajapack.cz\/blog-cz\/wp-json\/wp\/v2\/posts"}],"about":[{"href":"https:\/\/www.rajapack.cz\/blog-cz\/wp-json\/wp\/v2\/types\/post"}],"author":[{"embeddable":true,"href":"https:\/\/www.rajapack.cz\/blog-cz\/wp-json\/wp\/v2\/users\/33"}],"replies":[{"embeddable":true,"href":"https:\/\/www.rajapack.cz\/blog-cz\/wp-json\/wp\/v2\/comments?post=12860"}],"version-history":[{"count":12,"href":"https:\/\/www.rajapack.cz\/blog-cz\/wp-json\/wp\/v2\/posts\/12860\/revisions"}],"predecessor-version":[{"id":12876,"href":"https:\/\/www.rajapack.cz\/blog-cz\/wp-json\/wp\/v2\/posts\/12860\/revisions\/12876"}],"wp:featuredmedia":[{"embeddable":true,"href":"https:\/\/www.rajapack.cz\/blog-cz\/wp-json\/wp\/v2\/media\/12865"}],"wp:attachment":[{"href":"https:\/\/www.rajapack.cz\/blog-cz\/wp-json\/wp\/v2\/media?parent=12860"}],"wp:term":[{"taxonomy":"category","embeddable":true,"href":"https:\/\/www.rajapack.cz\/blog-cz\/wp-json\/wp\/v2\/categories?post=12860"},{"taxonomy":"post_tag","embeddable":true,"href":"https:\/\/www.rajapack.cz\/blog-cz\/wp-json\/wp\/v2\/tags?post=12860"}],"curies":[{"name":"wp","href":"https:\/\/api.w.org\/{rel}","templated":true}]}}