{"id":12784,"date":"2025-01-16T14:26:26","date_gmt":"2025-01-16T13:26:26","guid":{"rendered":"https:\/\/www.rajapack.cz\/blog-cz\/?p=12784"},"modified":"2025-01-16T14:26:26","modified_gmt":"2025-01-16T13:26:26","slug":"ekologicke-obaly-v-e-commerce-jak-prechod-na-udrzitelne-baleni-meni-logistiku-a-maloobchod","status":"publish","type":"post","link":"https:\/\/www.rajapack.cz\/blog-cz\/ekologicke-obaly-v-e-commerce-jak-prechod-na-udrzitelne-baleni-meni-logistiku-a-maloobchod","title":{"rendered":"Ekologick\u00e9 obaly v e-commerce: Jak p\u0159echod na udr\u017eiteln\u00e9 balen\u00ed m\u011bn\u00ed logistiku a maloobchod?"},"content":{"rendered":"<p>V posledn\u00edch letech se udr\u017eitelnost st\u00e1v\u00e1 kl\u00ed\u010dov\u00fdm t\u00e9matem nejen ve v\u00fdrob\u011b, ale i v logistice a maloobchodu. Pro podniky, zejm\u00e9na v sektoru e-commerce, je p\u0159echod na ekologick\u00e9 obaly \u010d\u00edm d\u00e1l t\u00edm v\u00edce relevantn\u00ed. Jak ekologick\u00e9 obaly m\u011bn\u00ed logistiku, skladov\u00e1n\u00ed a z\u00e1kaznick\u00fd z\u00e1\u017eitek? A jak\u00fdm v\u00fdzv\u00e1m \u010del\u00ed firmy, kter\u00e9 se rozhodnou pro udr\u017eiteln\u00fd p\u0159\u00edstup?<\/p>\n<h2><strong>Pro\u010d je d\u016fle\u017eit\u00e9 \u0159e\u0161it ekologick\u00e9 obaly?<\/strong><\/h2>\n<p>V e-commerce je balen\u00ed kl\u00ed\u010dov\u00fdm prvkem, kter\u00fd ovliv\u0148uje nejen vzhled a bezpe\u010dnost produkt\u016f, ale i jejich ekologickou stopu. P\u0159echod na ekologick\u00e9 obaly p\u0159in\u00e1\u0161\u00ed v\u00fdhody nejen pro p\u0159\u00edrodu, ale i pro samotn\u00e9 podniky. Z\u00e1kazn\u00edci dnes \u010d\u00edm d\u00e1l v\u00edce preferuj\u00ed zna\u010dky, kter\u00e9 dbaj\u00ed na \u0161etrnost k \u017eivotn\u00edmu prost\u0159ed\u00ed. Podle studie spole\u010dnosti Nielsen 66 % glob\u00e1ln\u00edch spot\u0159ebitel\u016f jsou ochotni zaplatit v\u00edce za produkty, kter\u00e9 pozitivn\u011b ovliv\u0148uj\u00ed \u017eivotn\u00ed prost\u0159ed\u00ed. Ekologick\u00e9 obaly, jako recyklovateln\u00e9 materi\u00e1ly, biomateri\u00e1ly nebo obaly s ni\u017e\u0161\u00edmi emisemi CO2, mohou tak firm\u00e1m pomoci zlep\u0161it jejich reputaci a zv\u00fd\u0161it z\u00e1kaznickou loajalitu.<\/p>\n<h2><strong>Jak ekologick\u00e9 obaly ovliv\u0148uj\u00ed logistiku a skladov\u00e1n\u00ed?<\/strong><\/h2>\n<h3><u>V\u00fdhody p\u0159i zav\u00e1d\u011bn\u00ed ekologick\u00fdch obal\u016f<\/u><\/h3>\n<ul>\n<li><strong> Optimalizace skladov\u00e9ho prostoru<\/strong><\/li>\n<\/ul>\n<p>Ekologick\u00e9 obaly jsou navr\u017een\u00e9 tak, aby \u0161et\u0159ily prostor. Kompaktn\u00ed a efektivn\u00ed balen\u00ed usnad\u0148uje manipulaci a zaji\u0161\u0165uje ni\u017e\u0161\u00ed n\u00e1klady na skladov\u00e1n\u00ed. Nav\u00edc mohou b\u00fdt obaly leh\u010d\u00ed, co\u017e znamen\u00e1 ni\u017e\u0161\u00ed n\u00e1klady na p\u0159epravu.<\/p>\n<ul>\n<li><strong> Sn\u00ed\u017een\u00ed odpadu<\/strong><\/li>\n<\/ul>\n<p>P\u0159echod na recyklovateln\u00e9 a biologicky odbourateln\u00e9 obaly v\u00fdrazn\u011b sni\u017euje mno\u017estv\u00ed odpadu. Firmy tak nejen \u0161et\u0159\u00ed n\u00e1klady na likvidaci odpadu, ale i p\u0159isp\u00edvaj\u00ed k ochran\u011b \u017eivotn\u00edho prost\u0159ed\u00ed.<\/p>\n<ul>\n<li><strong> Zlep\u0161en\u00ed transportn\u00edch proces\u016f<\/strong><\/li>\n<\/ul>\n<p>Ekologick\u00e9 obaly, kter\u00e9 maj\u00ed optim\u00e1ln\u00ed tvar a velikost, zlep\u0161uj\u00ed vyu\u017eit\u00ed prostoru b\u011bhem p\u0159epravy. To vede ke sn\u00ed\u017een\u00ed emis\u00ed CO2 a zvy\u0161uje efektivitu p\u0159epravy, proto\u017ee do jednoho transportu lze um\u00edstit v\u00edce zbo\u017e\u00ed.<\/p>\n<h3><u>V\u00fdzvy p\u0159i zav\u00e1d\u011bn\u00ed ekologick\u00fdch obal\u016f<\/u><\/h3>\n<p>P\u0159echod na ekologick\u00e9 obaly se bohu\u017eel neobejde bez v\u00fdzev. Podniky mohou p\u0159i p\u0159echodu \u010delit n\u011bkolika probl\u00e9m\u016fm:<\/p>\n<ul>\n<li><strong>Po\u010d\u00e1te\u010dn\u00ed n\u00e1klady<\/strong><\/li>\n<\/ul>\n<p>V\u00fdm\u011bna tradi\u010dn\u00edch obal\u016f za ekologick\u00e9 m\u016f\u017ee b\u00fdt n\u00e1kladn\u00e1, ale dlouhodob\u00e9 \u00faspory na p\u0159epravn\u00edch a skladov\u00fdch n\u00e1kladech to mohou vyv\u00e1\u017eit.<\/p>\n<ul>\n<li><strong>Dostupnost obal\u016f<\/strong><\/li>\n<\/ul>\n<p>Nen\u00ed v\u017edy snadn\u00e9 naj\u00edt eko obaly, kter\u00e9 jsou kompatibiln\u00ed s logistick\u00fdmi procesy firmy.<\/p>\n<ul>\n<li><strong>Vzd\u011bl\u00e1v\u00e1n\u00ed zam\u011bstnanc\u016f<\/strong><\/li>\n<\/ul>\n<p>Zaveden\u00ed ekologick\u00fdch obal\u016f vy\u017eaduje \u0161kolen\u00ed zam\u011bstnanc\u016f a p\u0159izp\u016fsoben\u00ed vnit\u0159n\u00edch proces\u016f.<\/p>\n<h2><strong>Jak m\u016f\u017ee Rajapack pomoci?<\/strong><\/h2>\n<p>Rajapack, jako l\u00eddr v oblasti obalov\u00fdch \u0159e\u0161en\u00ed, nab\u00edz\u00ed \u0161irokou paletu ekologick\u00fdch materi\u00e1l\u016f. Na\u0161e produkty pom\u00e1haj\u00ed firm\u00e1m nejen sn\u00ed\u017eit ekologickou stopu, ale i optimalizovat skladov\u00e1n\u00ed a logistiku.<\/p>\n<p>Mezi obl\u00edben\u00e9 ekologick\u00e9 produkty Rajapack pat\u0159\u00ed:<\/p>\n<ul>\n<li><a href=\"https:\/\/www.rajapack.cz\/INTERSHOP\/web\/WFS\/RAJA-CZ-Site\/cs_CZ\/-\/CZK\/ViewStandardCatalog-Browse?CatalogCategoryID=&amp;SearchParameter=%26%40QueryTerm%3D*%26ContextCategoryUUID%3DPtcK_clgMF8AAAFTL0XL6j08%26MasterProductFlag%3D1%26Recyclable_762%3Dtrue%26SpecialProductFlag%3Dfalse%26%40Sort.CategoryPosition%3D0%26%40Sort.SortIndex%3D1%26%40RelevanceSort%3D1%26%40Sort.UUID%3D1&amp;NEGO=&amp;PageSize=20&amp;SortingAttribute=&amp;CategoryName=29299618o.rjpf&amp;CatalogID=CZW-0092-10\"><strong>Recyklovateln\u00e9 kartony<\/strong><\/a> \u2013 Na\u0161e kartony jsou pevn\u00e9, odoln\u00e9 a snadno recyklovateln\u00e9. Vhodn\u00e9 pro e-commerce i maloobchodn\u00ed firmy, kter\u00e9 hledaj\u00ed balen\u00ed s minim\u00e1ln\u00edm dopadem na p\u0159\u00edrodu.<\/li>\n<\/ul>\n<p><img loading=\"lazy\" decoding=\"async\" class=\"aligncenter\" src=\"https:\/\/raja.scene7.com\/is\/image\/Raja\/products\/krabice-automatick-dnem-dvojit-samolepic-prou-kem_OFF_CZ_0855.jpg?template=withpicto600&amp;$image=M_PFDB48_A3_FR&amp;$picto=NoPicto&amp;hei=600&amp;wid=600&amp;fmt=jpg&amp;qlt=85,0&amp;resMode=sharp2&amp;op_usm=1.75,0.3,2,0\" alt=\"Krabice s automatick\u00fdm dnem a dvojit\u00fdm samolepic\u00edm prou\u017ekem - 1\" width=\"274\" height=\"274\" \/><\/p>\n<ul>\n<li><a href=\"https:\/\/www.rajapack.cz\/INTERSHOP\/web\/WFS\/RAJA-CZ-Site\/cs_CZ\/-\/CZK\/ViewStandardCatalog-Browse?CatalogCategoryID=&amp;SearchParameter=%26%40QueryTerm%3D*%26ContextCategoryUUID%3DtwoK_clgEywAAAFTigLL6j08%26MasterProductFlag%3D1%26RecycledPercentage_348%3D100%2525%26SpecialProductFlag%3Dfalse%26%40Sort.CategoryPosition%3D0%26%40Sort.SortIndex%3D1%26%40RelevanceSort%3D1%26%40Sort.UUID%3D1&amp;NEGO=&amp;PageSize=20&amp;SortingAttribute=&amp;CategoryName=29300250o.rjpf&amp;CatalogID=CZW-0092-25\"><strong>Bublinkov\u00e9 f\u00f3lie a s\u00e1\u010dky z recyklovan\u00e9ho materi\u00e1lu<\/strong><\/a> \u2013 Na\u0161e bublinkov\u00e9 f\u00f3lie a ochrann\u00e9 s\u00e1\u010dky jsou vyrobeny z recyklovan\u00fdch materi\u00e1l\u016f, co\u017e p\u0159isp\u00edv\u00e1 k cirkul\u00e1rn\u00ed ekonomice a z\u00e1rove\u0148 chr\u00e1n\u00ed va\u0161e produkty p\u0159i p\u0159eprav\u011b.<\/li>\n<\/ul>\n<p><img loading=\"lazy\" decoding=\"async\" class=\"aligncenter\" src=\"https:\/\/raja.scene7.com\/is\/image\/Raja\/products\/bublinkov-f-lie-velk-mi-bublinami-100-recyklovan_OFF_CZ_1366.jpg?image=M_LUR50A_R_A11_116_F$default$&amp;hei=600&amp;wid=600&amp;fmt=jpg&amp;qlt=85,0&amp;resMode=sharp2&amp;op_usm=1.75,0.3,2,0\" alt=\"Bublinkov\u00e9 f\u00f3lie s velk\u00fdmi bublinami 100% recyklovan\u00e9 - 3\" width=\"250\" height=\"250\" \/><\/p>\n<ul>\n<li><a href=\"https:\/\/www.rajapack.cz\/lepici-pasky-paskovani-uzaver-obalu\/lepici-balici-pasky\/papirove-pasky_C301050.html\"><strong>Pap\u00edrov\u00e9 a recyklovateln\u00e9 p\u00e1sky<\/strong><\/a> \u2013 V\u00a0nab\u00eddce m\u00e1me i pap\u00edrov\u00e9 a p\u00e1sky z recyklovan\u00fdch materi\u00e1l\u016f, kter\u00e9 spl\u0148uj\u00ed vysok\u00e9 ekologick\u00e9 standardy.<\/li>\n<\/ul>\n<p><img loading=\"lazy\" decoding=\"async\" class=\"aligncenter\" src=\"https:\/\/raja.scene7.com\/is\/image\/Raja\/products\/sada-pap-rov-lepic-p-sky-odv-raja_OFF_CZ_0681.jpg?image=M_ADG12K_D_A6_078_F$default$&amp;hei=600&amp;wid=600&amp;fmt=jpg&amp;qlt=85,0&amp;resMode=sharp2&amp;op_usm=1.75,0.3,2,0\" alt=\"SADA pap\u00edrov\u00e9 lepic\u00ed p\u00e1sky + odv\u00edje\u010d | RAJA - 4\" width=\"250\" height=\"250\" \/><\/p>\n<p>P\u0159echod na ekologick\u00e9 obaly je v\u00fdznamn\u00fd krok pro firmy, kter\u00e9 cht\u011bj\u00ed hr\u00e1t roli v udr\u017eiteln\u00e9 budoucnosti. Nejen \u017ee sni\u017euj\u00ed negativn\u00ed dopad na \u017eivotn\u00ed prost\u0159ed\u00ed, ale mohou tak\u00e9 p\u0159in\u00e9st konkr\u00e9tn\u00ed v\u00fdhody v logistice, skladov\u00e1n\u00ed a p\u0159eprav\u011b. Vyu\u017eit\u00ed ekologick\u00fdch obal\u016f nen\u00ed jen odpov\u011bdnost\u00ed, ale i p\u0159\u00edle\u017eitost\u00ed, jak se odli\u0161it na st\u00e1le konkuren\u010dn\u011bj\u0161\u00edm trhu e-commerce.<\/p>\n","protected":false},"excerpt":{"rendered":"<p>V posledn\u00edch letech se udr\u017eitelnost st\u00e1v\u00e1 kl\u00ed\u010dov\u00fdm t\u00e9matem nejen ve v\u00fdrob\u011b, ale i v logistice a maloobchodu. Pro podniky, zejm\u00e9na v sektoru e-commerce, je p\u0159echod na ekologick\u00e9 obaly \u010d\u00edm d\u00e1l [&#8230;]<\/p>\n","protected":false},"author":33,"featured_media":12786,"comment_status":"open","ping_status":"open","sticky":false,"template":"","format":"standard","meta":{"_acf_changed":false,"footnotes":""},"categories":[1212],"tags":[],"class_list":["post-12784","post","type-post","status-publish","format-standard","has-post-thumbnail","hentry","category-ekologie-v-obalech"],"acf":[],"yoast_head":"\n<title>Ekologick\u00e9 obaly v e-commerce: Jak p\u0159echod na udr\u017eiteln\u00e9 balen\u00ed m\u011bn\u00ed logistiku a maloobchod? - Tipy a rady z oblasti logistiky, obal\u016f i p\u0159epravy | Rajapack<\/title>\n<meta name=\"description\" content=\"Pro podniky je p\u0159echod na ekologick\u00e9 obaly \u010d\u00edm d\u00e1l t\u00edm v\u00edce relevantn\u00ed. Jak ekologick\u00e9 obaly m\u011bn\u00ed logistiku, skladov\u00e1n\u00ed a z\u00e1kaznick\u00fd z\u00e1\u017eitek?\" \/>\n<meta name=\"robots\" content=\"index, follow, max-snippet:-1, max-image-preview:large, max-video-preview:-1\" \/>\n<link rel=\"canonical\" href=\"https:\/\/www.rajapack.cz\/blog-cz\/ekologicke-obaly-v-e-commerce-jak-prechod-na-udrzitelne-baleni-meni-logistiku-a-maloobchod\" \/>\n<meta property=\"og:locale\" content=\"cs_CZ\" \/>\n<meta property=\"og:type\" content=\"article\" \/>\n<meta property=\"og:title\" content=\"Ekologick\u00e9 obaly v e-commerce: Jak p\u0159echod na udr\u017eiteln\u00e9 balen\u00ed m\u011bn\u00ed logistiku a maloobchod? - Tipy a rady z oblasti logistiky, obal\u016f i p\u0159epravy | Rajapack\" \/>\n<meta property=\"og:description\" content=\"Pro podniky je p\u0159echod na ekologick\u00e9 obaly \u010d\u00edm d\u00e1l t\u00edm v\u00edce relevantn\u00ed. Jak ekologick\u00e9 obaly m\u011bn\u00ed logistiku, skladov\u00e1n\u00ed a z\u00e1kaznick\u00fd z\u00e1\u017eitek?\" \/>\n<meta property=\"og:url\" content=\"https:\/\/www.rajapack.cz\/blog-cz\/ekologicke-obaly-v-e-commerce-jak-prechod-na-udrzitelne-baleni-meni-logistiku-a-maloobchod\" \/>\n<meta property=\"og:site_name\" content=\"Tipy a rady z oblasti logistiky, obal\u016f i p\u0159epravy | Rajapack\" \/>\n<meta property=\"article:published_time\" content=\"2025-01-16T13:26:26+00:00\" \/>\n<meta property=\"og:image\" content=\"https:\/\/www.rajapack.cz\/blog-cz\/wp-content\/uploads\/2025\/01\/Eco-wordpress-nahledovy-obrazek-blog.png\" \/>\n\t<meta property=\"og:image:width\" content=\"987\" \/>\n\t<meta property=\"og:image:height\" content=\"496\" \/>\n\t<meta property=\"og:image:type\" content=\"image\/png\" \/>\n<meta name=\"author\" content=\"Petra Duongov\u00e1\" \/>\n<meta name=\"twitter:label1\" content=\"Napsal(a)\" \/>\n\t<meta name=\"twitter:data1\" content=\"Petra Duongov\u00e1\" \/>\n\t<meta name=\"twitter:label2\" content=\"Odhadovan\u00e1 doba \u010dten\u00ed\" \/>\n\t<meta name=\"twitter:data2\" content=\"4 minuty\" \/>\n<script type=\"application\/ld+json\" class=\"yoast-schema-graph\">{\n\t    \"@context\": \"https:\/\/schema.org\",\n\t    \"@graph\": [\n\t        {\n\t            \"@type\": \"WebPage\",\n\t            \"@id\": \"https:\/\/www.rajapack.cz\/blog-cz\/ekologicke-obaly-v-e-commerce-jak-prechod-na-udrzitelne-baleni-meni-logistiku-a-maloobchod\",\n\t            \"url\": \"https:\/\/www.rajapack.cz\/blog-cz\/ekologicke-obaly-v-e-commerce-jak-prechod-na-udrzitelne-baleni-meni-logistiku-a-maloobchod\",\n\t            \"name\": \"Ekologick\u00e9 obaly v e-commerce: Jak p\u0159echod na udr\u017eiteln\u00e9 balen\u00ed m\u011bn\u00ed logistiku a maloobchod? - Tipy a rady z oblasti logistiky, obal\u016f i p\u0159epravy | Rajapack\",\n\t            \"isPartOf\": {\n\t                \"@id\": \"https:\/\/www.rajapack.cz\/blog-cz\/#website\"\n\t            },\n\t            \"primaryImageOfPage\": {\n\t                \"@id\": \"https:\/\/www.rajapack.cz\/blog-cz\/ekologicke-obaly-v-e-commerce-jak-prechod-na-udrzitelne-baleni-meni-logistiku-a-maloobchod#primaryimage\"\n\t            },\n\t            \"image\": {\n\t                \"@id\": \"https:\/\/www.rajapack.cz\/blog-cz\/ekologicke-obaly-v-e-commerce-jak-prechod-na-udrzitelne-baleni-meni-logistiku-a-maloobchod#primaryimage\"\n\t            },\n\t            \"thumbnailUrl\": \"https:\/\/www.rajapack.cz\/blog-cz\/wp-content\/uploads\/2025\/01\/Eco-wordpress-nahledovy-obrazek-blog.png\",\n\t            \"datePublished\": \"2025-01-16T13:26:26+00:00\",\n\t            \"dateModified\": \"2025-01-16T13:26:26+00:00\",\n\t            \"author\": {\n\t                \"@id\": \"https:\/\/www.rajapack.cz\/blog-cz\/#\/schema\/person\/c1d734291177e42481124ecdf89d4aaf\"\n\t            },\n\t            \"description\": \"Pro podniky je p\u0159echod na ekologick\u00e9 obaly \u010d\u00edm d\u00e1l t\u00edm v\u00edce relevantn\u00ed. Jak ekologick\u00e9 obaly m\u011bn\u00ed logistiku, skladov\u00e1n\u00ed a z\u00e1kaznick\u00fd z\u00e1\u017eitek?\",\n\t            \"inLanguage\": \"cs\",\n\t            \"potentialAction\": [\n\t                {\n\t                    \"@type\": \"ReadAction\",\n\t                    \"target\": [\n\t                        \"https:\/\/www.rajapack.cz\/blog-cz\/ekologicke-obaly-v-e-commerce-jak-prechod-na-udrzitelne-baleni-meni-logistiku-a-maloobchod\"\n\t                    ]\n\t                }\n\t            ]\n\t        },\n\t        {\n\t            \"@type\": \"ImageObject\",\n\t            \"inLanguage\": \"cs\",\n\t            \"@id\": \"https:\/\/www.rajapack.cz\/blog-cz\/ekologicke-obaly-v-e-commerce-jak-prechod-na-udrzitelne-baleni-meni-logistiku-a-maloobchod#primaryimage\",\n\t            \"url\": \"https:\/\/www.rajapack.cz\/blog-cz\/wp-content\/uploads\/2025\/01\/Eco-wordpress-nahledovy-obrazek-blog.png\",\n\t            \"contentUrl\": \"https:\/\/www.rajapack.cz\/blog-cz\/wp-content\/uploads\/2025\/01\/Eco-wordpress-nahledovy-obrazek-blog.png\",\n\t            \"width\": 987,\n\t            \"height\": 496\n\t        },\n\t        {\n\t            \"@type\": \"WebSite\",\n\t            \"@id\": \"https:\/\/www.rajapack.cz\/blog-cz\/#website\",\n\t            \"url\": \"https:\/\/www.rajapack.cz\/blog-cz\/\",\n\t            \"name\": \"Tipy a rady z oblasti logistiky, obal\u016f i p\u0159epravy | Rajapack\",\n\t            \"description\": \"Na\u010derpejte na na\u0161em blogu odborn\u00e9 tipy v oblasti logistiky i obal\u016f pro r\u016fzn\u00e9 typy balen\u00ed \u2714 Zaj\u00edmav\u00e9 \u010dl\u00e1nky a aktuality ze sv\u011bta obalov\u00fdch materi\u00e1l\u016f \u2714\",\n\t            \"potentialAction\": [\n\t                {\n\t                    \"@type\": \"SearchAction\",\n\t                    \"target\": {\n\t                        \"@type\": \"EntryPoint\",\n\t                        \"urlTemplate\": \"https:\/\/www.rajapack.cz\/blog-cz\/?s={search_term_string}\"\n\t                    },\n\t                    \"query-input\": \"required name=search_term_string\"\n\t                }\n\t            ],\n\t            \"inLanguage\": \"cs\"\n\t        },\n\t        {\n\t            \"@type\": \"Person\",\n\t            \"@id\": \"https:\/\/www.rajapack.cz\/blog-cz\/#\/schema\/person\/c1d734291177e42481124ecdf89d4aaf\",\n\t            \"name\": \"Petra Duongov\u00e1\",\n\t            \"image\": {\n\t                \"@type\": \"ImageObject\",\n\t                \"inLanguage\": \"cs\",\n\t                \"@id\": \"https:\/\/www.rajapack.cz\/blog-cz\/#\/schema\/person\/image\/\",\n\t                \"url\": \"https:\/\/secure.gravatar.com\/avatar\/8d665ed1e747672d4bbdbb6640338389?s=96&d=mm&r=g\",\n\t                \"contentUrl\": \"https:\/\/secure.gravatar.com\/avatar\/8d665ed1e747672d4bbdbb6640338389?s=96&d=mm&r=g\",\n\t                \"caption\": \"Petra Duongov\u00e1\"\n\t            },\n\t            \"url\": \"https:\/\/www.rajapack.cz\/blog-cz\/author\/lenka\"\n\t        }\n\t    ]\n\t}<\/script>\n","yoast_head_json":{"title":"Ekologick\u00e9 obaly v e-commerce: Jak p\u0159echod na udr\u017eiteln\u00e9 balen\u00ed m\u011bn\u00ed logistiku a maloobchod? - Tipy a rady z oblasti logistiky, obal\u016f i p\u0159epravy | Rajapack","description":"Pro podniky je p\u0159echod na ekologick\u00e9 obaly \u010d\u00edm d\u00e1l t\u00edm v\u00edce relevantn\u00ed. Jak ekologick\u00e9 obaly m\u011bn\u00ed logistiku, skladov\u00e1n\u00ed a z\u00e1kaznick\u00fd z\u00e1\u017eitek?","robots":{"index":"index","follow":"follow","max-snippet":"max-snippet:-1","max-image-preview":"max-image-preview:large","max-video-preview":"max-video-preview:-1"},"canonical":"https:\/\/www.rajapack.cz\/blog-cz\/ekologicke-obaly-v-e-commerce-jak-prechod-na-udrzitelne-baleni-meni-logistiku-a-maloobchod","og_locale":"cs_CZ","og_type":"article","og_title":"Ekologick\u00e9 obaly v e-commerce: Jak p\u0159echod na udr\u017eiteln\u00e9 balen\u00ed m\u011bn\u00ed logistiku a maloobchod? - Tipy a rady z oblasti logistiky, obal\u016f i p\u0159epravy | Rajapack","og_description":"Pro podniky je p\u0159echod na ekologick\u00e9 obaly \u010d\u00edm d\u00e1l t\u00edm v\u00edce relevantn\u00ed. Jak ekologick\u00e9 obaly m\u011bn\u00ed logistiku, skladov\u00e1n\u00ed a z\u00e1kaznick\u00fd z\u00e1\u017eitek?","og_url":"https:\/\/www.rajapack.cz\/blog-cz\/ekologicke-obaly-v-e-commerce-jak-prechod-na-udrzitelne-baleni-meni-logistiku-a-maloobchod","og_site_name":"Tipy a rady z oblasti logistiky, obal\u016f i p\u0159epravy | Rajapack","article_published_time":"2025-01-16T13:26:26+00:00","og_image":[{"width":987,"height":496,"url":"https:\/\/www.rajapack.cz\/blog-cz\/wp-content\/uploads\/2025\/01\/Eco-wordpress-nahledovy-obrazek-blog.png","type":"image\/png"}],"author":"Petra Duongov\u00e1","twitter_misc":{"Napsal(a)":"Petra Duongov\u00e1","Odhadovan\u00e1 doba \u010dten\u00ed":"4 minuty"},"schema":{"@context":"https:\/\/schema.org","@graph":[{"@type":"WebPage","@id":"https:\/\/www.rajapack.cz\/blog-cz\/ekologicke-obaly-v-e-commerce-jak-prechod-na-udrzitelne-baleni-meni-logistiku-a-maloobchod","url":"https:\/\/www.rajapack.cz\/blog-cz\/ekologicke-obaly-v-e-commerce-jak-prechod-na-udrzitelne-baleni-meni-logistiku-a-maloobchod","name":"Ekologick\u00e9 obaly v e-commerce: Jak p\u0159echod na udr\u017eiteln\u00e9 balen\u00ed m\u011bn\u00ed logistiku a maloobchod? - Tipy a rady z oblasti logistiky, obal\u016f i p\u0159epravy | Rajapack","isPartOf":{"@id":"https:\/\/www.rajapack.cz\/blog-cz\/#website"},"primaryImageOfPage":{"@id":"https:\/\/www.rajapack.cz\/blog-cz\/ekologicke-obaly-v-e-commerce-jak-prechod-na-udrzitelne-baleni-meni-logistiku-a-maloobchod#primaryimage"},"image":{"@id":"https:\/\/www.rajapack.cz\/blog-cz\/ekologicke-obaly-v-e-commerce-jak-prechod-na-udrzitelne-baleni-meni-logistiku-a-maloobchod#primaryimage"},"thumbnailUrl":"https:\/\/www.rajapack.cz\/blog-cz\/wp-content\/uploads\/2025\/01\/Eco-wordpress-nahledovy-obrazek-blog.png","datePublished":"2025-01-16T13:26:26+00:00","dateModified":"2025-01-16T13:26:26+00:00","author":{"@id":"https:\/\/www.rajapack.cz\/blog-cz\/#\/schema\/person\/c1d734291177e42481124ecdf89d4aaf"},"description":"Pro podniky je p\u0159echod na ekologick\u00e9 obaly \u010d\u00edm d\u00e1l t\u00edm v\u00edce relevantn\u00ed. Jak ekologick\u00e9 obaly m\u011bn\u00ed logistiku, skladov\u00e1n\u00ed a z\u00e1kaznick\u00fd z\u00e1\u017eitek?","inLanguage":"cs","potentialAction":[{"@type":"ReadAction","target":["https:\/\/www.rajapack.cz\/blog-cz\/ekologicke-obaly-v-e-commerce-jak-prechod-na-udrzitelne-baleni-meni-logistiku-a-maloobchod"]}]},{"@type":"ImageObject","inLanguage":"cs","@id":"https:\/\/www.rajapack.cz\/blog-cz\/ekologicke-obaly-v-e-commerce-jak-prechod-na-udrzitelne-baleni-meni-logistiku-a-maloobchod#primaryimage","url":"https:\/\/www.rajapack.cz\/blog-cz\/wp-content\/uploads\/2025\/01\/Eco-wordpress-nahledovy-obrazek-blog.png","contentUrl":"https:\/\/www.rajapack.cz\/blog-cz\/wp-content\/uploads\/2025\/01\/Eco-wordpress-nahledovy-obrazek-blog.png","width":987,"height":496},{"@type":"WebSite","@id":"https:\/\/www.rajapack.cz\/blog-cz\/#website","url":"https:\/\/www.rajapack.cz\/blog-cz\/","name":"Tipy a rady z oblasti logistiky, obal\u016f i p\u0159epravy | Rajapack","description":"Na\u010derpejte na na\u0161em blogu odborn\u00e9 tipy v oblasti logistiky i obal\u016f pro r\u016fzn\u00e9 typy balen\u00ed \u2714 Zaj\u00edmav\u00e9 \u010dl\u00e1nky a aktuality ze sv\u011bta obalov\u00fdch materi\u00e1l\u016f \u2714","potentialAction":[{"@type":"SearchAction","target":{"@type":"EntryPoint","urlTemplate":"https:\/\/www.rajapack.cz\/blog-cz\/?s={search_term_string}"},"query-input":"required name=search_term_string"}],"inLanguage":"cs"},{"@type":"Person","@id":"https:\/\/www.rajapack.cz\/blog-cz\/#\/schema\/person\/c1d734291177e42481124ecdf89d4aaf","name":"Petra Duongov\u00e1","image":{"@type":"ImageObject","inLanguage":"cs","@id":"https:\/\/www.rajapack.cz\/blog-cz\/#\/schema\/person\/image\/","url":"https:\/\/secure.gravatar.com\/avatar\/8d665ed1e747672d4bbdbb6640338389?s=96&d=mm&r=g","contentUrl":"https:\/\/secure.gravatar.com\/avatar\/8d665ed1e747672d4bbdbb6640338389?s=96&d=mm&r=g","caption":"Petra Duongov\u00e1"},"url":"https:\/\/www.rajapack.cz\/blog-cz\/author\/lenka"}]}},"_links":{"self":[{"href":"https:\/\/www.rajapack.cz\/blog-cz\/wp-json\/wp\/v2\/posts\/12784"}],"collection":[{"href":"https:\/\/www.rajapack.cz\/blog-cz\/wp-json\/wp\/v2\/posts"}],"about":[{"href":"https:\/\/www.rajapack.cz\/blog-cz\/wp-json\/wp\/v2\/types\/post"}],"author":[{"embeddable":true,"href":"https:\/\/www.rajapack.cz\/blog-cz\/wp-json\/wp\/v2\/users\/33"}],"replies":[{"embeddable":true,"href":"https:\/\/www.rajapack.cz\/blog-cz\/wp-json\/wp\/v2\/comments?post=12784"}],"version-history":[{"count":8,"href":"https:\/\/www.rajapack.cz\/blog-cz\/wp-json\/wp\/v2\/posts\/12784\/revisions"}],"predecessor-version":[{"id":12793,"href":"https:\/\/www.rajapack.cz\/blog-cz\/wp-json\/wp\/v2\/posts\/12784\/revisions\/12793"}],"wp:featuredmedia":[{"embeddable":true,"href":"https:\/\/www.rajapack.cz\/blog-cz\/wp-json\/wp\/v2\/media\/12786"}],"wp:attachment":[{"href":"https:\/\/www.rajapack.cz\/blog-cz\/wp-json\/wp\/v2\/media?parent=12784"}],"wp:term":[{"taxonomy":"category","embeddable":true,"href":"https:\/\/www.rajapack.cz\/blog-cz\/wp-json\/wp\/v2\/categories?post=12784"},{"taxonomy":"post_tag","embeddable":true,"href":"https:\/\/www.rajapack.cz\/blog-cz\/wp-json\/wp\/v2\/tags?post=12784"}],"curies":[{"name":"wp","href":"https:\/\/api.w.org\/{rel}","templated":true}]}}