{"id":12458,"date":"2024-03-13T15:52:57","date_gmt":"2024-03-13T14:52:57","guid":{"rendered":"https:\/\/www.rajapack.cz\/blog-cz\/?p=12458"},"modified":"2024-03-13T15:52:57","modified_gmt":"2024-03-13T14:52:57","slug":"ohlednuti-za-czech-online-expo-2024","status":"publish","type":"post","link":"https:\/\/www.rajapack.cz\/blog-cz\/ohlednuti-za-czech-online-expo-2024","title":{"rendered":"Ohl\u00e9dnut\u00ed za Czech Online Expo 2024"},"content":{"rendered":"<p><strong>27.-28. \u00fanora 2024 se konal nejv\u011bt\u0161\u00ed \u010desk\u00fd veletrh pro online komunitu a e-commerce \u2013 Czech Online Expo. P\u0159es 100 vystavovatel\u016f p\u0159edstavovalo sv\u016fj business a u v\u00edce ne\u017e 100 \u0159e\u010dn\u00edk\u016f na 16 tematick\u00fdch konferenc\u00edch n\u00e1v\u0161t\u011bvn\u00edk\u016fm umo\u017enilo na\u010derpat spoustu inspirace.<\/strong><\/p>\n<h2>RAJA nemohla chyb\u011bt<\/h2>\n<p>Na st\u00e1nku \u010d. C3 jste m\u011bli mo\u017enost se zastavit a promluvit si s\u00a0na\u0161imi zku\u0161en\u00fdmi odborn\u00edky o v\u0161emo\u017en\u00fdch t\u00e9matech a problematik\u00e1ch ze sv\u011bta obalov\u00fdch materi\u00e1l\u016f. D\u011bkujeme v\u0161em, kte\u0159\u00ed n\u00e1s na na\u0161em st\u00e1nku nav\u0161t\u00edvili. Bylo n\u00e1m obrovsk\u00fdm pot\u011b\u0161en\u00edm sd\u00edlet s v\u00e1mi na\u0161e produkty a inovativn\u00ed obalov\u00e1 \u0159e\u0161en\u00ed.<\/p>\n<p>\u00da\u010dast na tomto veletrhu pro n\u00e1s byla nejen skv\u011blou p\u0159\u00edle\u017eitost\u00ed prezentovat na\u0161e obaly. Poskytla n\u00e1m rovn\u011b\u017e celou \u0159adu inspirace od ostatn\u00edch vystavovatel\u016f a \u00fa\u010dastn\u00edk\u016f veletrhu. Bylo skv\u011bl\u00e9 sezn\u00e1mit se s tolika zaj\u00edmav\u00fdmi projekty a diskutovat s n\u00e1v\u0161t\u011bvn\u00edky o aktu\u00e1ln\u00edch trendech v oblasti e-commerce.<\/p>\n<p>Ot\u00e1zky a zp\u011btn\u00e1 vazba v\u0161ech n\u00e1v\u0161t\u011bvn\u00edk\u016f na\u0161eho st\u00e1nku jsou pro n\u00e1s nepostradateln\u00e9, a t\u011b\u0161\u00edme se na mo\u017enost spolupr\u00e1ce a dal\u0161\u00ed setk\u00e1n\u00ed. D\u011bkujeme za podporu a z\u00e1jem o na\u0161e produkty. Spole\u010dn\u011b tvo\u0159\u00edme silnou komunitu e-commerce!<\/p>\n<p>Ohl\u00e9dn\u011bte se spolu s n\u00e1mi za nejv\u011bt\u0161\u00edm \u010desk\u00fdm veletrhem pro e-commerce prost\u0159ednictv\u00edm videa.<\/p>\n<p><iframe loading=\"lazy\" title=\"Raja na EXPO 2024\" width=\"500\" height=\"281\" src=\"https:\/\/www.youtube.com\/embed\/jLclZo6wqRI?feature=oembed\" frameborder=\"0\" allow=\"accelerometer; autoplay; clipboard-write; encrypted-media; gyroscope; picture-in-picture; web-share\" referrerpolicy=\"strict-origin-when-cross-origin\" allowfullscreen><\/iframe><\/p>\n<p>Pro v\u00edce informac\u00ed ohledn\u011b na\u0161\u00ed \u00fa\u010dasti na Czech Online Expo v\u00a0roce 2024, ale i pro dal\u0161\u00ed zaj\u00edmav\u00e9 tipy ze sv\u011bta obal\u016f n\u00e1s sledujte na na\u0161em <a href=\"https:\/\/www.facebook.com\/rajapack.cz\">Facebooku<\/a> a <a href=\"https:\/\/www.linkedin.com\/company\/rajapack-cz\">LinkedInu<\/a>.<\/p>\n<p>T\u011b\u0161\u00edme se op\u011bt p\u0159\u00ed\u0161t\u011b na vid\u011bnou!<\/p>\n<p>V\u00e1\u0161 t\u00fdm RAJA<\/p>\n","protected":false},"excerpt":{"rendered":"<p>27.-28. \u00fanora 2024 se konal nejv\u011bt\u0161\u00ed \u010desk\u00fd veletrh pro online komunitu a e-commerce \u2013 Czech Online Expo. P\u0159es 100 vystavovatel\u016f p\u0159edstavovalo sv\u016fj business a u v\u00edce ne\u017e 100 \u0159e\u010dn\u00edk\u016f na [&#8230;]<\/p>\n","protected":false},"author":33,"featured_media":12459,"comment_status":"open","ping_status":"open","sticky":false,"template":"","format":"standard","meta":{"_acf_changed":false,"footnotes":""},"categories":[1209],"tags":[1210],"class_list":["post-12458","post","type-post","status-publish","format-standard","has-post-thumbnail","hentry","category-udalosti-v-rajapack","tag-firemni-udalosti"],"acf":[],"yoast_head":"\n<title>Ohl\u00e9dnut\u00ed za Czech Online Expo 2024<\/title>\n<meta name=\"description\" content=\"RAJA se 27.-28. \u00fanora z\u00fa\u010dastnila Czech Online Expo 2024 \u2013 nejv\u011bt\u0161\u00edho \u010desk\u00e9ho veletrhu pro online komunitu a e-commerce.\" \/>\n<meta name=\"robots\" content=\"index, follow, max-snippet:-1, max-image-preview:large, max-video-preview:-1\" \/>\n<link rel=\"canonical\" href=\"https:\/\/www.rajapack.cz\/blog-cz\/ohlednuti-za-czech-online-expo-2024\" \/>\n<meta property=\"og:locale\" content=\"cs_CZ\" \/>\n<meta property=\"og:type\" content=\"article\" \/>\n<meta property=\"og:title\" content=\"Ohl\u00e9dnut\u00ed za Czech Online Expo 2024\" \/>\n<meta property=\"og:description\" content=\"RAJA se 27.-28. \u00fanora z\u00fa\u010dastnila Czech Online Expo 2024 \u2013 nejv\u011bt\u0161\u00edho \u010desk\u00e9ho veletrhu pro online komunitu a e-commerce.\" \/>\n<meta property=\"og:url\" content=\"https:\/\/www.rajapack.cz\/blog-cz\/ohlednuti-za-czech-online-expo-2024\" \/>\n<meta property=\"og:site_name\" content=\"Tipy a rady z oblasti logistiky, obal\u016f i p\u0159epravy | Rajapack\" \/>\n<meta property=\"article:published_time\" content=\"2024-03-13T14:52:57+00:00\" \/>\n<meta property=\"og:image\" content=\"https:\/\/www.rajapack.cz\/blog-cz\/wp-content\/uploads\/DSC_8841-scaled.jpg\" \/>\n\t<meta property=\"og:image:width\" content=\"2560\" \/>\n\t<meta property=\"og:image:height\" content=\"1703\" \/>\n\t<meta property=\"og:image:type\" content=\"image\/jpeg\" \/>\n<meta name=\"author\" content=\"Petra Duongov\u00e1\" \/>\n<meta name=\"twitter:label1\" content=\"Napsal(a)\" \/>\n\t<meta name=\"twitter:data1\" content=\"Petra Duongov\u00e1\" \/>\n\t<meta name=\"twitter:label2\" content=\"Odhadovan\u00e1 doba \u010dten\u00ed\" \/>\n\t<meta name=\"twitter:data2\" content=\"2 minuty\" \/>\n<script type=\"application\/ld+json\" class=\"yoast-schema-graph\">{\n\t    \"@context\": \"https:\/\/schema.org\",\n\t    \"@graph\": [\n\t        {\n\t            \"@type\": \"WebPage\",\n\t            \"@id\": \"https:\/\/www.rajapack.cz\/blog-cz\/ohlednuti-za-czech-online-expo-2024\",\n\t            \"url\": \"https:\/\/www.rajapack.cz\/blog-cz\/ohlednuti-za-czech-online-expo-2024\",\n\t            \"name\": \"Ohl\u00e9dnut\u00ed za Czech Online Expo 2024\",\n\t            \"isPartOf\": {\n\t                \"@id\": \"https:\/\/www.rajapack.cz\/blog-cz\/#website\"\n\t            },\n\t            \"primaryImageOfPage\": {\n\t                \"@id\": \"https:\/\/www.rajapack.cz\/blog-cz\/ohlednuti-za-czech-online-expo-2024#primaryimage\"\n\t            },\n\t            \"image\": {\n\t                \"@id\": \"https:\/\/www.rajapack.cz\/blog-cz\/ohlednuti-za-czech-online-expo-2024#primaryimage\"\n\t            },\n\t            \"thumbnailUrl\": \"https:\/\/www.rajapack.cz\/blog-cz\/wp-content\/uploads\/DSC_8841-scaled.jpg\",\n\t            \"datePublished\": \"2024-03-13T14:52:57+00:00\",\n\t            \"dateModified\": \"2024-03-13T14:52:57+00:00\",\n\t            \"author\": {\n\t                \"@id\": \"https:\/\/www.rajapack.cz\/blog-cz\/#\/schema\/person\/c1d734291177e42481124ecdf89d4aaf\"\n\t            },\n\t            \"description\": \"RAJA se 27.-28. \u00fanora z\u00fa\u010dastnila Czech Online Expo 2024 \u2013 nejv\u011bt\u0161\u00edho \u010desk\u00e9ho veletrhu pro online komunitu a e-commerce.\",\n\t            \"inLanguage\": \"cs\",\n\t            \"potentialAction\": [\n\t                {\n\t                    \"@type\": \"ReadAction\",\n\t                    \"target\": [\n\t                        \"https:\/\/www.rajapack.cz\/blog-cz\/ohlednuti-za-czech-online-expo-2024\"\n\t                    ]\n\t                }\n\t            ]\n\t        },\n\t        {\n\t            \"@type\": \"ImageObject\",\n\t            \"inLanguage\": \"cs\",\n\t            \"@id\": \"https:\/\/www.rajapack.cz\/blog-cz\/ohlednuti-za-czech-online-expo-2024#primaryimage\",\n\t            \"url\": \"https:\/\/www.rajapack.cz\/blog-cz\/wp-content\/uploads\/DSC_8841-scaled.jpg\",\n\t            \"contentUrl\": \"https:\/\/www.rajapack.cz\/blog-cz\/wp-content\/uploads\/DSC_8841-scaled.jpg\",\n\t            \"width\": 6003,\n\t            \"height\": 3994,\n\t            \"caption\": \"RAJA Czech Online Expo\"\n\t        },\n\t        {\n\t            \"@type\": \"WebSite\",\n\t            \"@id\": \"https:\/\/www.rajapack.cz\/blog-cz\/#website\",\n\t            \"url\": \"https:\/\/www.rajapack.cz\/blog-cz\/\",\n\t            \"name\": \"Tipy a rady z oblasti logistiky, obal\u016f i p\u0159epravy | Rajapack\",\n\t            \"description\": \"Na\u010derpejte na na\u0161em blogu odborn\u00e9 tipy v oblasti logistiky i obal\u016f pro r\u016fzn\u00e9 typy balen\u00ed \u2714 Zaj\u00edmav\u00e9 \u010dl\u00e1nky a aktuality ze sv\u011bta obalov\u00fdch materi\u00e1l\u016f \u2714\",\n\t            \"potentialAction\": [\n\t                {\n\t                    \"@type\": \"SearchAction\",\n\t                    \"target\": {\n\t                        \"@type\": \"EntryPoint\",\n\t                        \"urlTemplate\": \"https:\/\/www.rajapack.cz\/blog-cz\/?s={search_term_string}\"\n\t                    },\n\t                    \"query-input\": \"required name=search_term_string\"\n\t                }\n\t            ],\n\t            \"inLanguage\": \"cs\"\n\t        },\n\t        {\n\t            \"@type\": \"Person\",\n\t            \"@id\": \"https:\/\/www.rajapack.cz\/blog-cz\/#\/schema\/person\/c1d734291177e42481124ecdf89d4aaf\",\n\t            \"name\": \"Petra Duongov\u00e1\",\n\t            \"image\": {\n\t                \"@type\": \"ImageObject\",\n\t                \"inLanguage\": \"cs\",\n\t                \"@id\": \"https:\/\/www.rajapack.cz\/blog-cz\/#\/schema\/person\/image\/\",\n\t                \"url\": \"https:\/\/secure.gravatar.com\/avatar\/8d665ed1e747672d4bbdbb6640338389?s=96&d=mm&r=g\",\n\t                \"contentUrl\": \"https:\/\/secure.gravatar.com\/avatar\/8d665ed1e747672d4bbdbb6640338389?s=96&d=mm&r=g\",\n\t                \"caption\": \"Petra Duongov\u00e1\"\n\t            },\n\t            \"url\": \"https:\/\/www.rajapack.cz\/blog-cz\/author\/lenka\"\n\t        }\n\t    ]\n\t}<\/script>\n","yoast_head_json":{"title":"Ohl\u00e9dnut\u00ed za Czech Online Expo 2024","description":"RAJA se 27.-28. \u00fanora z\u00fa\u010dastnila Czech Online Expo 2024 \u2013 nejv\u011bt\u0161\u00edho \u010desk\u00e9ho veletrhu pro online komunitu a e-commerce.","robots":{"index":"index","follow":"follow","max-snippet":"max-snippet:-1","max-image-preview":"max-image-preview:large","max-video-preview":"max-video-preview:-1"},"canonical":"https:\/\/www.rajapack.cz\/blog-cz\/ohlednuti-za-czech-online-expo-2024","og_locale":"cs_CZ","og_type":"article","og_title":"Ohl\u00e9dnut\u00ed za Czech Online Expo 2024","og_description":"RAJA se 27.-28. \u00fanora z\u00fa\u010dastnila Czech Online Expo 2024 \u2013 nejv\u011bt\u0161\u00edho \u010desk\u00e9ho veletrhu pro online komunitu a e-commerce.","og_url":"https:\/\/www.rajapack.cz\/blog-cz\/ohlednuti-za-czech-online-expo-2024","og_site_name":"Tipy a rady z oblasti logistiky, obal\u016f i p\u0159epravy | Rajapack","article_published_time":"2024-03-13T14:52:57+00:00","og_image":[{"width":2560,"height":1703,"url":"https:\/\/www.rajapack.cz\/blog-cz\/wp-content\/uploads\/DSC_8841-scaled.jpg","type":"image\/jpeg"}],"author":"Petra Duongov\u00e1","twitter_misc":{"Napsal(a)":"Petra Duongov\u00e1","Odhadovan\u00e1 doba \u010dten\u00ed":"2 minuty"},"schema":{"@context":"https:\/\/schema.org","@graph":[{"@type":"WebPage","@id":"https:\/\/www.rajapack.cz\/blog-cz\/ohlednuti-za-czech-online-expo-2024","url":"https:\/\/www.rajapack.cz\/blog-cz\/ohlednuti-za-czech-online-expo-2024","name":"Ohl\u00e9dnut\u00ed za Czech Online Expo 2024","isPartOf":{"@id":"https:\/\/www.rajapack.cz\/blog-cz\/#website"},"primaryImageOfPage":{"@id":"https:\/\/www.rajapack.cz\/blog-cz\/ohlednuti-za-czech-online-expo-2024#primaryimage"},"image":{"@id":"https:\/\/www.rajapack.cz\/blog-cz\/ohlednuti-za-czech-online-expo-2024#primaryimage"},"thumbnailUrl":"https:\/\/www.rajapack.cz\/blog-cz\/wp-content\/uploads\/DSC_8841-scaled.jpg","datePublished":"2024-03-13T14:52:57+00:00","dateModified":"2024-03-13T14:52:57+00:00","author":{"@id":"https:\/\/www.rajapack.cz\/blog-cz\/#\/schema\/person\/c1d734291177e42481124ecdf89d4aaf"},"description":"RAJA se 27.-28. \u00fanora z\u00fa\u010dastnila Czech Online Expo 2024 \u2013 nejv\u011bt\u0161\u00edho \u010desk\u00e9ho veletrhu pro online komunitu a e-commerce.","inLanguage":"cs","potentialAction":[{"@type":"ReadAction","target":["https:\/\/www.rajapack.cz\/blog-cz\/ohlednuti-za-czech-online-expo-2024"]}]},{"@type":"ImageObject","inLanguage":"cs","@id":"https:\/\/www.rajapack.cz\/blog-cz\/ohlednuti-za-czech-online-expo-2024#primaryimage","url":"https:\/\/www.rajapack.cz\/blog-cz\/wp-content\/uploads\/DSC_8841-scaled.jpg","contentUrl":"https:\/\/www.rajapack.cz\/blog-cz\/wp-content\/uploads\/DSC_8841-scaled.jpg","width":6003,"height":3994,"caption":"RAJA Czech Online Expo"},{"@type":"WebSite","@id":"https:\/\/www.rajapack.cz\/blog-cz\/#website","url":"https:\/\/www.rajapack.cz\/blog-cz\/","name":"Tipy a rady z oblasti logistiky, obal\u016f i p\u0159epravy | Rajapack","description":"Na\u010derpejte na na\u0161em blogu odborn\u00e9 tipy v oblasti logistiky i obal\u016f pro r\u016fzn\u00e9 typy balen\u00ed \u2714 Zaj\u00edmav\u00e9 \u010dl\u00e1nky a aktuality ze sv\u011bta obalov\u00fdch materi\u00e1l\u016f \u2714","potentialAction":[{"@type":"SearchAction","target":{"@type":"EntryPoint","urlTemplate":"https:\/\/www.rajapack.cz\/blog-cz\/?s={search_term_string}"},"query-input":"required name=search_term_string"}],"inLanguage":"cs"},{"@type":"Person","@id":"https:\/\/www.rajapack.cz\/blog-cz\/#\/schema\/person\/c1d734291177e42481124ecdf89d4aaf","name":"Petra Duongov\u00e1","image":{"@type":"ImageObject","inLanguage":"cs","@id":"https:\/\/www.rajapack.cz\/blog-cz\/#\/schema\/person\/image\/","url":"https:\/\/secure.gravatar.com\/avatar\/8d665ed1e747672d4bbdbb6640338389?s=96&d=mm&r=g","contentUrl":"https:\/\/secure.gravatar.com\/avatar\/8d665ed1e747672d4bbdbb6640338389?s=96&d=mm&r=g","caption":"Petra Duongov\u00e1"},"url":"https:\/\/www.rajapack.cz\/blog-cz\/author\/lenka"}]}},"_links":{"self":[{"href":"https:\/\/www.rajapack.cz\/blog-cz\/wp-json\/wp\/v2\/posts\/12458"}],"collection":[{"href":"https:\/\/www.rajapack.cz\/blog-cz\/wp-json\/wp\/v2\/posts"}],"about":[{"href":"https:\/\/www.rajapack.cz\/blog-cz\/wp-json\/wp\/v2\/types\/post"}],"author":[{"embeddable":true,"href":"https:\/\/www.rajapack.cz\/blog-cz\/wp-json\/wp\/v2\/users\/33"}],"replies":[{"embeddable":true,"href":"https:\/\/www.rajapack.cz\/blog-cz\/wp-json\/wp\/v2\/comments?post=12458"}],"version-history":[{"count":0,"href":"https:\/\/www.rajapack.cz\/blog-cz\/wp-json\/wp\/v2\/posts\/12458\/revisions"}],"wp:featuredmedia":[{"embeddable":true,"href":"https:\/\/www.rajapack.cz\/blog-cz\/wp-json\/wp\/v2\/media\/12459"}],"wp:attachment":[{"href":"https:\/\/www.rajapack.cz\/blog-cz\/wp-json\/wp\/v2\/media?parent=12458"}],"wp:term":[{"taxonomy":"category","embeddable":true,"href":"https:\/\/www.rajapack.cz\/blog-cz\/wp-json\/wp\/v2\/categories?post=12458"},{"taxonomy":"post_tag","embeddable":true,"href":"https:\/\/www.rajapack.cz\/blog-cz\/wp-json\/wp\/v2\/tags?post=12458"}],"curies":[{"name":"wp","href":"https:\/\/api.w.org\/{rel}","templated":true}]}}