{"id":12294,"date":"2023-11-01T15:35:02","date_gmt":"2023-11-01T14:35:02","guid":{"rendered":"https:\/\/www.rajapack.cz\/blog-cz\/?p=12294"},"modified":"2023-11-01T15:41:41","modified_gmt":"2023-11-01T14:41:41","slug":"je-ekologicke-baleni-i-ekonomicky-vyhodne","status":"publish","type":"post","link":"https:\/\/www.rajapack.cz\/blog-cz\/je-ekologicke-baleni-i-ekonomicky-vyhodne","title":{"rendered":"Je ekologick\u00e9 balen\u00ed i ekonomicky v\u00fdhodn\u00e9?"},"content":{"rendered":"<h2 style=\"text-align: center\">Ekologick\u00e9 balen\u00ed = ekonomick\u00e9 balen\u00ed?<\/h2>\n<p><strong>T\u00e9ma ekologick\u00e9ho balen\u00ed je v posledn\u00ed dob\u011b velmi aktu\u00e1ln\u00ed. Na jedn\u00e9 stran\u011b roste popt\u00e1vka po \u0161etrn\u00fdch obalech ze strany z\u00e1kazn\u00edk\u016f. Na druh\u00e9 stran\u011b maj\u00ed firmy obavy z mo\u017en\u00e9ho zv\u00fd\u0161en\u00ed n\u00e1klad\u016f. D\u00e1 se v\u016fbec skloubit ekologie s\u00a0v\u00fdhodnou ekonomikou p\u0159i v\u00fdb\u011bru vhodn\u00e9ho obalu? <\/strong><\/p>\n<h2 style=\"text-align: center\">Jak poznat, \u017ee bal\u00edte opravdu ekologicky?<\/h2>\n<p>Nen\u00ed v\u017edy snadn\u00e9 jednozna\u010dn\u011b definovat, co je a co nen\u00ed \u201eekologick\u00fd obal\u201c. Z\u00e1le\u017e\u00ed na mnoha faktorech. Zam\u011b\u0159te se proto na ty aspekty balen\u00ed, kter\u00e9 m\u016f\u017eete jako firma p\u0159\u00edmo ovlivnit:<\/p>\n<ul>\n<li><strong>V\u00fdb\u011br materi\u00e1lu<\/strong> \u2013 jak\u00fd materi\u00e1l zvol\u00edte pro samotn\u00fd obal i p\u0159\u00edpadnou v\u00fdpl\u0148? Pap\u00edr, lepenka, plasty, sklo, kovy, d\u0159evo \u2013 to v\u0161e m\u00e1 r\u016fzn\u00e9 ekologick\u00e9 dopady.<\/li>\n<li><strong>Minimalizace obalu<\/strong> \u2013 d\u00e1 se pou\u017e\u00edt men\u0161\u00ed krabice, kter\u00e1 l\u00e9pe padne na produkt? Lze omezit mno\u017estv\u00ed \u010di \u00fapln\u011b vynechat v\u00fdpl\u0148? Spr\u00e1vn\u00e1 velikost a minimalismus sni\u017euj\u00ed uhl\u00edkovou stopu.<\/li>\n<\/ul>\n<p>Oba tyto aspekty \u2013 volba materi\u00e1lu i velikost obalu \u2013 maj\u00ed z\u00e1sadn\u00ed vliv jak na ekologi\u010dnost, tak na kone\u010dnou cenu balen\u00ed. Poj\u010fme se na n\u011b pod\u00edvat detailn\u011bji.<\/p>\n<p><img loading=\"lazy\" decoding=\"async\" class=\"size-medium wp-image-12308 aligncenter\" src=\"https:\/\/www.rajapack.cz\/blog-cz\/wp-content\/uploads\/2023-11-01-15_04_30-Ekologicke-krabice-obalky-a-lisovane-palety-_-RAJA-a-10-dalsich-stranek-\u2013-Praco-300x119.png\" alt=\"\" width=\"300\" height=\"119\" srcset=\"https:\/\/www.rajapack.cz\/blog-cz\/wp-content\/uploads\/2023-11-01-15_04_30-Ekologicke-krabice-obalky-a-lisovane-palety-_-RAJA-a-10-dalsich-stranek-\u2013-Praco-300x119.png 300w, https:\/\/www.rajapack.cz\/blog-cz\/wp-content\/uploads\/2023-11-01-15_04_30-Ekologicke-krabice-obalky-a-lisovane-palety-_-RAJA-a-10-dalsich-stranek-\u2013-Praco.png 597w\" sizes=\"(max-width: 300px) 100vw, 300px\" \/><\/p>\n<p style=\"text-align: center\"><div class=\"su-button-center\"><a href=\"https:\/\/www.rajapack.cz\/ekologicke_C9630.html\" class=\"su-button su-button-style-default\" style=\"color:#FFFFFF;background-color:#276ef1;border-color:#2058c1;border-radius:45px\" target=\"_blank\" rel=\"noopener noreferrer\"><span style=\"color:#FFFFFF;padding:0px 22px;font-size:17px;line-height:34px;border-color:#689af6;border-radius:45px;text-shadow:none\"> Seznamte se s ekologick\u00fdmi obaly<\/span><\/a><\/div>\n<p>&nbsp;<\/p>\n<h2 style=\"text-align: center\">Ekonomick\u00e9 hledisko: Jsou opravdu eko obaly dra\u017e\u0161\u00ed?<\/h2>\n<p>Mezi firmami koluje za\u017eit\u00fd m\u00fdtus, \u017ee ekologicky \u0161etrn\u00e9 obaly automaticky prodra\u017e\u00ed balen\u00ed. Ve skute\u010dnosti to ale nen\u00ed pravidlem. Z ekonomick\u00e9ho pohledu z\u00e1le\u017e\u00ed p\u0159edev\u0161\u00edm na konkr\u00e9tn\u00edm p\u0159\u00edpadu:<\/p>\n<ul>\n<li>U k\u0159ehk\u00fdch v\u00fdrobk\u016f, kter\u00e9 vy\u017eaduj\u00ed ochrannou v\u00fdpl\u0148, m\u016f\u017ee b\u00fdt levn\u011bj\u0161\u00ed varianta z\u00e1rove\u0148 pr\u00e1v\u011b tou \u201eekologi\u010dt\u011bj\u0161\u00ed\u201c. Nap\u0159\u00edklad <a href=\"https:\/\/www.rajapack.cz\/vyplnovy-fixacni-material\/lepenka-balici-papiry_C2540.html\"><strong>pap\u00edrov\u00e9 v\u00fdpln\u011b<\/strong><\/a><strong> do krabic<\/strong> jsou dnes cenov\u011b dostupn\u011bj\u0161\u00ed ne\u017e klasick\u00e9 polystyrenov\u00e9.<\/li>\n<li>Naopak u od\u011bv\u016f a textiln\u00edho zbo\u017e\u00ed zpravidla vych\u00e1z\u00ed l\u00e9pe <a href=\"https:\/\/www.rajapack.cz\/obalky-tubusy\/plastove-obalky_C1516.html\"><strong>plastov\u00e9 ob\u00e1lky<\/strong><\/a><strong> a s\u00e1\u010dky<\/strong>, kter\u00e9 jsou levn\u011bj\u0161\u00ed ne\u017e pap\u00edrov\u00e1 alternativa.<\/li>\n<li>Velk\u00fd potenci\u00e1l \u00faspor tkv\u00ed tak\u00e9 v promy\u0161len\u00e9 minimalizaci obal\u016f. Nap\u0159\u00edklad men\u0161\u00ed krabice s ni\u017e\u0161\u00ed spot\u0159ebou v\u00fdpln\u011b m\u016f\u017ee v\u00fdrazn\u011b sn\u00ed\u017eit kone\u010dn\u00e9 n\u00e1klady.<\/li>\n<\/ul>\n<p>Nelze tedy pau\u0161alizovat, \u017ee ekologicky \u0161etrn\u00e9 obaly jsou v\u017edy dra\u017e\u0161\u00ed volbou. Z ekonomick\u00e9ho pohledu zcela z\u00e1sadn\u011b z\u00e1le\u017e\u00ed na konkr\u00e9tn\u00edm p\u0159\u00edpadu a spr\u00e1vn\u00e9 optimalizaci obalu.<\/p>\n<h2 style=\"text-align: center\">Vyu\u017eijte eko produkty: Jak\u00e9 materi\u00e1ly zvolit?<\/h2>\n<p>Pokud se d\u00edv\u00e1te na balen\u00ed z pohledu ekologie, m\u011bli byste volit \u0161etrn\u011bj\u0161\u00ed materi\u00e1ly, jako je pap\u00edr a lepenka, biologicky rozlo\u017eiteln\u00e9 plasty, sklo \u010di d\u0159evo.<\/p>\n<p>Naopak m\u00e9n\u011b vhodn\u00e9 z ekologick\u00e9ho pohledu jsou b\u011b\u017en\u00e9 <strong>plasty na ropn\u00e9 b\u00e1zi<\/strong>. Ty by se m\u011bly v obalech pou\u017e\u00edvat \u00fasporn\u011b a pouze v od\u016fvodn\u011bn\u00fdch p\u0159\u00edpadech.<\/p>\n<p>&nbsp;<\/p>\n<p><img loading=\"lazy\" decoding=\"async\" class=\"size-medium wp-image-11352 aligncenter\" src=\"https:\/\/www.rajapack.cz\/blog-cz\/wp-content\/uploads\/2023\/05\/Sizzle-Pak-blau-300x266.jpg\" alt=\"Sizzle Pak\" width=\"300\" height=\"266\" srcset=\"https:\/\/www.rajapack.cz\/blog-cz\/wp-content\/uploads\/2023\/05\/Sizzle-Pak-blau-300x266.jpg 300w, https:\/\/www.rajapack.cz\/blog-cz\/wp-content\/uploads\/2023\/05\/Sizzle-Pak-blau.jpg 720w\" sizes=\"(max-width: 300px) 100vw, 300px\" \/><\/p>\n<p>&nbsp;<\/p>\n<p style=\"text-align: center\"><div class=\"su-button-center\"><a href=\"https:\/\/www.rajapack.cz\/ekologicke_C9630.html?query=v%C3%BDpl%C5%88ov%C3%BD%20materi%C3%A1l&#038;hierarchicalMenu%5Bcategories.lvl0%5D=V%C3%BDpl%C5%88ov%C3%BD%20a%20fixa%C4%8Dn%C3%AD%20materi%C3%A1l&#038;SearchCat=suggested&#038;SearchQuery=v%C3%BDpl%C5%88ov%C3%BD%20materi%C3%A1l\" class=\"su-button su-button-style-default\" style=\"color:#FFFFFF;background-color:#276ef1;border-color:#2058c1;border-radius:45px\" target=\"_blank\" rel=\"noopener noreferrer\"><span style=\"color:#FFFFFF;padding:0px 22px;font-size:17px;line-height:34px;border-color:#689af6;border-radius:45px;text-shadow:none\"> Hled\u00e1te vhodn\u00fd v\u00fdpl\u0148ov\u00fd materi\u00e1l?<\/span><\/a><\/div>\n<p>&nbsp;<\/p>\n<h2 style=\"text-align: center\">Psychologick\u00e9 hledisko: Co cht\u011bj\u00ed z\u00e1kazn\u00edci?<\/h2>\n<p>P\u0159i uva\u017eov\u00e1n\u00ed o ekologii balen\u00ed nezapom\u00ednejte ani na d\u016fle\u017eit\u00fd lidsk\u00fd faktor \u2013 popt\u00e1vku a o\u010dek\u00e1v\u00e1n\u00ed z\u00e1kazn\u00edk\u016f. V posledn\u00ed dob\u011b se st\u00e1le v\u00edce ukazuje, \u017ee lid\u00e9 vyhled\u00e1vaj\u00ed a oce\u0148uj\u00ed firmy sm\u00fd\u0161lej\u00edc\u00ed ekologicky. Ukazuje se, \u017ee v\u00edce ne\u017e polovina evropsk\u00fdch spot\u0159ebitel\u016f je ochotna zaplatit vy\u0161\u0161\u00ed cenu za v\u00fdrobky s men\u0161\u00edm obsahem plast\u016f.<\/p>\n<p>Ignorovat ekologii jako v\u00fdznamn\u00fd spot\u0159ebitelsk\u00fd trend by pro firmy bylo kr\u00e1tkozrak\u00e9. Naopak investice do \u201ezelen\u011bj\u0161\u00edch\u201c a udr\u017eiteln\u011bj\u0161\u00edch obal\u016f m\u016f\u017ee pos\u00edlit image zna\u010dky a loajalitu z\u00e1kazn\u00edk\u016f.<\/p>\n<h2 style=\"text-align: center\">Jak tedy nejl\u00e9pe skloubit ekologii s ekonomikou p\u0159i v\u00fdb\u011bru obal\u016f?<\/h2>\n<p>Bohu\u017eel neexistuje univerz\u00e1ln\u00ed rada vyhovuj\u00edc\u00ed ka\u017ed\u00e9 firm\u011b. V\u017edy je pot\u0159eba individu\u00e1ln\u011b zv\u00e1\u017eit konkr\u00e9tn\u00ed pot\u0159eby a mo\u017enosti:<\/p>\n<ul>\n<li>Pe\u010dliv\u011b porovnat materi\u00e1ly z ekonomick\u00e9ho i ekologick\u00e9ho hlediska.<\/li>\n<li>Poskytnout z\u00e1kazn\u00edk\u016fm mo\u017enost dobrovoln\u011b zvolit ekologi\u010dt\u011bj\u0161\u00ed variantu balen\u00ed.<\/li>\n<li>B\u00fdt inovativn\u00ed a hledat chytr\u00e1 \u0159e\u0161en\u00ed, kter\u00e1 spoj\u00ed ekologii s \u00fasporou n\u00e1klad\u016f.<\/li>\n<\/ul>\n<p>P\u0159i hled\u00e1n\u00ed ide\u00e1ln\u00ed rovnov\u00e1hy mezi ekologi\u00ed a cenou v\u00e1m mohou pomoci i konzultace s odborn\u00edky na ekologick\u00e9 obaly.<\/p>\n<p>M\u00e1te dotaz ohledn\u011b <a href=\"https:\/\/www.rajapack.cz\/ekologicke_C9630.html\">eko obal\u016f<\/a> a jejich n\u00e1klad\u016f? Kontaktujte n\u00e1s, r\u00e1di se s v\u00e1mi pod\u011bl\u00edme o na\u0161e zku\u0161enosti.<\/p>\n","protected":false},"excerpt":{"rendered":"<p>Ekologick\u00e9 balen\u00ed = ekonomick\u00e9 balen\u00ed? T\u00e9ma ekologick\u00e9ho balen\u00ed je v posledn\u00ed dob\u011b velmi aktu\u00e1ln\u00ed. Na jedn\u00e9 stran\u011b roste popt\u00e1vka po \u0161etrn\u00fdch obalech ze strany z\u00e1kazn\u00edk\u016f. Na druh\u00e9 stran\u011b maj\u00ed firmy [&#8230;]<\/p>\n","protected":false},"author":33,"featured_media":12303,"comment_status":"open","ping_status":"open","sticky":false,"template":"","format":"standard","meta":{"_acf_changed":false,"footnotes":""},"categories":[1212],"tags":[1028,1207,1084,873],"class_list":["post-12294","post","type-post","status-publish","format-standard","has-post-thumbnail","hentry","category-ekologie-v-obalech","tag-ekologie","tag-navody","tag-produkty","tag-vyplnovy-material"],"acf":[],"yoast_head":"\n<title>Je ekologick\u00e9 balen\u00ed i ekonomicky v\u00fdhodn\u00e9? | RAJA<\/title>\n<meta name=\"description\" content=\"M\u00fdtus drah\u00fdch eko obal\u016f neplat\u00ed v\u017edy. Zjist\u011bte, jak ekologick\u00e9 balen\u00ed m\u016f\u017ee \u0161et\u0159it n\u00e1klady. Poznejte ekologick\u00e9 i ekonomick\u00e9 balen\u00ed!\" \/>\n<meta name=\"robots\" content=\"index, follow, max-snippet:-1, max-image-preview:large, max-video-preview:-1\" \/>\n<link rel=\"canonical\" href=\"https:\/\/www.rajapack.cz\/blog-cz\/je-ekologicke-baleni-i-ekonomicky-vyhodne\" \/>\n<meta property=\"og:locale\" content=\"cs_CZ\" \/>\n<meta property=\"og:type\" content=\"article\" \/>\n<meta property=\"og:title\" content=\"Je ekologick\u00e9 balen\u00ed i ekonomicky v\u00fdhodn\u00e9? | RAJA\" \/>\n<meta property=\"og:description\" content=\"M\u00fdtus drah\u00fdch eko obal\u016f neplat\u00ed v\u017edy. Zjist\u011bte, jak ekologick\u00e9 balen\u00ed m\u016f\u017ee \u0161et\u0159it n\u00e1klady. Poznejte ekologick\u00e9 i ekonomick\u00e9 balen\u00ed!\" \/>\n<meta property=\"og:url\" content=\"https:\/\/www.rajapack.cz\/blog-cz\/je-ekologicke-baleni-i-ekonomicky-vyhodne\" \/>\n<meta property=\"og:site_name\" content=\"Tipy a rady z oblasti logistiky, obal\u016f i p\u0159epravy | Rajapack\" \/>\n<meta property=\"article:published_time\" content=\"2023-11-01T14:35:02+00:00\" \/>\n<meta property=\"article:modified_time\" content=\"2023-11-01T14:41:41+00:00\" \/>\n<meta property=\"og:image\" content=\"https:\/\/www.rajapack.cz\/blog-cz\/wp-content\/uploads\/flat-lay-cardboard-minimal-recycling-concept.jpg\" \/>\n\t<meta property=\"og:image:width\" content=\"899\" \/>\n\t<meta property=\"og:image:height\" content=\"600\" \/>\n\t<meta property=\"og:image:type\" content=\"image\/jpeg\" \/>\n<meta name=\"author\" content=\"Petra Duongov\u00e1\" \/>\n<meta name=\"twitter:label1\" content=\"Napsal(a)\" \/>\n\t<meta name=\"twitter:data1\" content=\"Petra Duongov\u00e1\" \/>\n\t<meta name=\"twitter:label2\" content=\"Odhadovan\u00e1 doba \u010dten\u00ed\" \/>\n\t<meta name=\"twitter:data2\" content=\"4 minuty\" \/>\n<script type=\"application\/ld+json\" class=\"yoast-schema-graph\">{\n\t    \"@context\": \"https:\/\/schema.org\",\n\t    \"@graph\": [\n\t        {\n\t            \"@type\": \"WebPage\",\n\t            \"@id\": \"https:\/\/www.rajapack.cz\/blog-cz\/je-ekologicke-baleni-i-ekonomicky-vyhodne\",\n\t            \"url\": \"https:\/\/www.rajapack.cz\/blog-cz\/je-ekologicke-baleni-i-ekonomicky-vyhodne\",\n\t            \"name\": \"Je ekologick\u00e9 balen\u00ed i ekonomicky v\u00fdhodn\u00e9? | RAJA\",\n\t            \"isPartOf\": {\n\t                \"@id\": \"https:\/\/www.rajapack.cz\/blog-cz\/#website\"\n\t            },\n\t            \"primaryImageOfPage\": {\n\t                \"@id\": \"https:\/\/www.rajapack.cz\/blog-cz\/je-ekologicke-baleni-i-ekonomicky-vyhodne#primaryimage\"\n\t            },\n\t            \"image\": {\n\t                \"@id\": \"https:\/\/www.rajapack.cz\/blog-cz\/je-ekologicke-baleni-i-ekonomicky-vyhodne#primaryimage\"\n\t            },\n\t            \"thumbnailUrl\": \"https:\/\/www.rajapack.cz\/blog-cz\/wp-content\/uploads\/flat-lay-cardboard-minimal-recycling-concept.jpg\",\n\t            \"datePublished\": \"2023-11-01T14:35:02+00:00\",\n\t            \"dateModified\": \"2023-11-01T14:41:41+00:00\",\n\t            \"author\": {\n\t                \"@id\": \"https:\/\/www.rajapack.cz\/blog-cz\/#\/schema\/person\/c1d734291177e42481124ecdf89d4aaf\"\n\t            },\n\t            \"description\": \"M\u00fdtus drah\u00fdch eko obal\u016f neplat\u00ed v\u017edy. Zjist\u011bte, jak ekologick\u00e9 balen\u00ed m\u016f\u017ee \u0161et\u0159it n\u00e1klady. Poznejte ekologick\u00e9 i ekonomick\u00e9 balen\u00ed!\",\n\t            \"inLanguage\": \"cs\",\n\t            \"potentialAction\": [\n\t                {\n\t                    \"@type\": \"ReadAction\",\n\t                    \"target\": [\n\t                        \"https:\/\/www.rajapack.cz\/blog-cz\/je-ekologicke-baleni-i-ekonomicky-vyhodne\"\n\t                    ]\n\t                }\n\t            ]\n\t        },\n\t        {\n\t            \"@type\": \"ImageObject\",\n\t            \"inLanguage\": \"cs\",\n\t            \"@id\": \"https:\/\/www.rajapack.cz\/blog-cz\/je-ekologicke-baleni-i-ekonomicky-vyhodne#primaryimage\",\n\t            \"url\": \"https:\/\/www.rajapack.cz\/blog-cz\/wp-content\/uploads\/flat-lay-cardboard-minimal-recycling-concept.jpg\",\n\t            \"contentUrl\": \"https:\/\/www.rajapack.cz\/blog-cz\/wp-content\/uploads\/flat-lay-cardboard-minimal-recycling-concept.jpg\",\n\t            \"width\": 899,\n\t            \"height\": 600\n\t        },\n\t        {\n\t            \"@type\": \"WebSite\",\n\t            \"@id\": \"https:\/\/www.rajapack.cz\/blog-cz\/#website\",\n\t            \"url\": \"https:\/\/www.rajapack.cz\/blog-cz\/\",\n\t            \"name\": \"Tipy a rady z oblasti logistiky, obal\u016f i p\u0159epravy | Rajapack\",\n\t            \"description\": \"Na\u010derpejte na na\u0161em blogu odborn\u00e9 tipy v oblasti logistiky i obal\u016f pro r\u016fzn\u00e9 typy balen\u00ed \u2714 Zaj\u00edmav\u00e9 \u010dl\u00e1nky a aktuality ze sv\u011bta obalov\u00fdch materi\u00e1l\u016f \u2714\",\n\t            \"potentialAction\": [\n\t                {\n\t                    \"@type\": \"SearchAction\",\n\t                    \"target\": {\n\t                        \"@type\": \"EntryPoint\",\n\t                        \"urlTemplate\": \"https:\/\/www.rajapack.cz\/blog-cz\/?s={search_term_string}\"\n\t                    },\n\t                    \"query-input\": \"required name=search_term_string\"\n\t                }\n\t            ],\n\t            \"inLanguage\": \"cs\"\n\t        },\n\t        {\n\t            \"@type\": \"Person\",\n\t            \"@id\": \"https:\/\/www.rajapack.cz\/blog-cz\/#\/schema\/person\/c1d734291177e42481124ecdf89d4aaf\",\n\t            \"name\": \"Petra Duongov\u00e1\",\n\t            \"image\": {\n\t                \"@type\": \"ImageObject\",\n\t                \"inLanguage\": \"cs\",\n\t                \"@id\": \"https:\/\/www.rajapack.cz\/blog-cz\/#\/schema\/person\/image\/\",\n\t                \"url\": \"https:\/\/secure.gravatar.com\/avatar\/8d665ed1e747672d4bbdbb6640338389?s=96&d=mm&r=g\",\n\t                \"contentUrl\": \"https:\/\/secure.gravatar.com\/avatar\/8d665ed1e747672d4bbdbb6640338389?s=96&d=mm&r=g\",\n\t                \"caption\": \"Petra Duongov\u00e1\"\n\t            },\n\t            \"url\": \"https:\/\/www.rajapack.cz\/blog-cz\/author\/lenka\"\n\t        }\n\t    ]\n\t}<\/script>\n","yoast_head_json":{"title":"Je ekologick\u00e9 balen\u00ed i ekonomicky v\u00fdhodn\u00e9? | RAJA","description":"M\u00fdtus drah\u00fdch eko obal\u016f neplat\u00ed v\u017edy. Zjist\u011bte, jak ekologick\u00e9 balen\u00ed m\u016f\u017ee \u0161et\u0159it n\u00e1klady. Poznejte ekologick\u00e9 i ekonomick\u00e9 balen\u00ed!","robots":{"index":"index","follow":"follow","max-snippet":"max-snippet:-1","max-image-preview":"max-image-preview:large","max-video-preview":"max-video-preview:-1"},"canonical":"https:\/\/www.rajapack.cz\/blog-cz\/je-ekologicke-baleni-i-ekonomicky-vyhodne","og_locale":"cs_CZ","og_type":"article","og_title":"Je ekologick\u00e9 balen\u00ed i ekonomicky v\u00fdhodn\u00e9? | RAJA","og_description":"M\u00fdtus drah\u00fdch eko obal\u016f neplat\u00ed v\u017edy. Zjist\u011bte, jak ekologick\u00e9 balen\u00ed m\u016f\u017ee \u0161et\u0159it n\u00e1klady. Poznejte ekologick\u00e9 i ekonomick\u00e9 balen\u00ed!","og_url":"https:\/\/www.rajapack.cz\/blog-cz\/je-ekologicke-baleni-i-ekonomicky-vyhodne","og_site_name":"Tipy a rady z oblasti logistiky, obal\u016f i p\u0159epravy | Rajapack","article_published_time":"2023-11-01T14:35:02+00:00","article_modified_time":"2023-11-01T14:41:41+00:00","og_image":[{"width":899,"height":600,"url":"https:\/\/www.rajapack.cz\/blog-cz\/wp-content\/uploads\/flat-lay-cardboard-minimal-recycling-concept.jpg","type":"image\/jpeg"}],"author":"Petra Duongov\u00e1","twitter_misc":{"Napsal(a)":"Petra Duongov\u00e1","Odhadovan\u00e1 doba \u010dten\u00ed":"4 minuty"},"schema":{"@context":"https:\/\/schema.org","@graph":[{"@type":"WebPage","@id":"https:\/\/www.rajapack.cz\/blog-cz\/je-ekologicke-baleni-i-ekonomicky-vyhodne","url":"https:\/\/www.rajapack.cz\/blog-cz\/je-ekologicke-baleni-i-ekonomicky-vyhodne","name":"Je ekologick\u00e9 balen\u00ed i ekonomicky v\u00fdhodn\u00e9? | RAJA","isPartOf":{"@id":"https:\/\/www.rajapack.cz\/blog-cz\/#website"},"primaryImageOfPage":{"@id":"https:\/\/www.rajapack.cz\/blog-cz\/je-ekologicke-baleni-i-ekonomicky-vyhodne#primaryimage"},"image":{"@id":"https:\/\/www.rajapack.cz\/blog-cz\/je-ekologicke-baleni-i-ekonomicky-vyhodne#primaryimage"},"thumbnailUrl":"https:\/\/www.rajapack.cz\/blog-cz\/wp-content\/uploads\/flat-lay-cardboard-minimal-recycling-concept.jpg","datePublished":"2023-11-01T14:35:02+00:00","dateModified":"2023-11-01T14:41:41+00:00","author":{"@id":"https:\/\/www.rajapack.cz\/blog-cz\/#\/schema\/person\/c1d734291177e42481124ecdf89d4aaf"},"description":"M\u00fdtus drah\u00fdch eko obal\u016f neplat\u00ed v\u017edy. Zjist\u011bte, jak ekologick\u00e9 balen\u00ed m\u016f\u017ee \u0161et\u0159it n\u00e1klady. Poznejte ekologick\u00e9 i ekonomick\u00e9 balen\u00ed!","inLanguage":"cs","potentialAction":[{"@type":"ReadAction","target":["https:\/\/www.rajapack.cz\/blog-cz\/je-ekologicke-baleni-i-ekonomicky-vyhodne"]}]},{"@type":"ImageObject","inLanguage":"cs","@id":"https:\/\/www.rajapack.cz\/blog-cz\/je-ekologicke-baleni-i-ekonomicky-vyhodne#primaryimage","url":"https:\/\/www.rajapack.cz\/blog-cz\/wp-content\/uploads\/flat-lay-cardboard-minimal-recycling-concept.jpg","contentUrl":"https:\/\/www.rajapack.cz\/blog-cz\/wp-content\/uploads\/flat-lay-cardboard-minimal-recycling-concept.jpg","width":899,"height":600},{"@type":"WebSite","@id":"https:\/\/www.rajapack.cz\/blog-cz\/#website","url":"https:\/\/www.rajapack.cz\/blog-cz\/","name":"Tipy a rady z oblasti logistiky, obal\u016f i p\u0159epravy | Rajapack","description":"Na\u010derpejte na na\u0161em blogu odborn\u00e9 tipy v oblasti logistiky i obal\u016f pro r\u016fzn\u00e9 typy balen\u00ed \u2714 Zaj\u00edmav\u00e9 \u010dl\u00e1nky a aktuality ze sv\u011bta obalov\u00fdch materi\u00e1l\u016f \u2714","potentialAction":[{"@type":"SearchAction","target":{"@type":"EntryPoint","urlTemplate":"https:\/\/www.rajapack.cz\/blog-cz\/?s={search_term_string}"},"query-input":"required name=search_term_string"}],"inLanguage":"cs"},{"@type":"Person","@id":"https:\/\/www.rajapack.cz\/blog-cz\/#\/schema\/person\/c1d734291177e42481124ecdf89d4aaf","name":"Petra Duongov\u00e1","image":{"@type":"ImageObject","inLanguage":"cs","@id":"https:\/\/www.rajapack.cz\/blog-cz\/#\/schema\/person\/image\/","url":"https:\/\/secure.gravatar.com\/avatar\/8d665ed1e747672d4bbdbb6640338389?s=96&d=mm&r=g","contentUrl":"https:\/\/secure.gravatar.com\/avatar\/8d665ed1e747672d4bbdbb6640338389?s=96&d=mm&r=g","caption":"Petra Duongov\u00e1"},"url":"https:\/\/www.rajapack.cz\/blog-cz\/author\/lenka"}]}},"_links":{"self":[{"href":"https:\/\/www.rajapack.cz\/blog-cz\/wp-json\/wp\/v2\/posts\/12294"}],"collection":[{"href":"https:\/\/www.rajapack.cz\/blog-cz\/wp-json\/wp\/v2\/posts"}],"about":[{"href":"https:\/\/www.rajapack.cz\/blog-cz\/wp-json\/wp\/v2\/types\/post"}],"author":[{"embeddable":true,"href":"https:\/\/www.rajapack.cz\/blog-cz\/wp-json\/wp\/v2\/users\/33"}],"replies":[{"embeddable":true,"href":"https:\/\/www.rajapack.cz\/blog-cz\/wp-json\/wp\/v2\/comments?post=12294"}],"version-history":[{"count":0,"href":"https:\/\/www.rajapack.cz\/blog-cz\/wp-json\/wp\/v2\/posts\/12294\/revisions"}],"wp:featuredmedia":[{"embeddable":true,"href":"https:\/\/www.rajapack.cz\/blog-cz\/wp-json\/wp\/v2\/media\/12303"}],"wp:attachment":[{"href":"https:\/\/www.rajapack.cz\/blog-cz\/wp-json\/wp\/v2\/media?parent=12294"}],"wp:term":[{"taxonomy":"category","embeddable":true,"href":"https:\/\/www.rajapack.cz\/blog-cz\/wp-json\/wp\/v2\/categories?post=12294"},{"taxonomy":"post_tag","embeddable":true,"href":"https:\/\/www.rajapack.cz\/blog-cz\/wp-json\/wp\/v2\/tags?post=12294"}],"curies":[{"name":"wp","href":"https:\/\/api.w.org\/{rel}","templated":true}]}}