{"id":12168,"date":"2023-07-21T14:52:12","date_gmt":"2023-07-21T12:52:12","guid":{"rendered":"https:\/\/www.rajapack.cz\/blog-cz\/?p=12168"},"modified":"2023-11-01T14:34:54","modified_gmt":"2023-11-01T13:34:54","slug":"jak-zabalit-obraz-pri-preprave","status":"publish","type":"post","link":"https:\/\/www.rajapack.cz\/blog-cz\/jak-zabalit-obraz-pri-preprave","title":{"rendered":"Jak zabalit obraz p\u0159i p\u0159eprav\u011b?"},"content":{"rendered":"<p>Jedn\u00edm z produkt\u016f, kter\u00e9 mohou zp\u016fsobit mnoho probl\u00e9m\u016f z hlediska spr\u00e1vn\u00e9ho balen\u00ed, jsou obrazy r\u016fzn\u00e9ho druhu. Pro\u010d? P\u0159edev\u0161\u00edm proto, \u017ee b\u011bhem p\u0159epravy m\u016f\u017ee doj\u00edt k po\u0161kozen\u00ed k\u0159ehk\u00e9ho pl\u00e1tna. To plat\u00ed zejm\u00e9na v p\u0159\u00edpad\u011b, \u017ee je nata\u017eeno na p\u0159edem p\u0159ipraven\u00e9 r\u00e1my. Provozujete vlastn\u00ed ateli\u00e9r nebo snad prod\u00e1v\u00e1te r\u016fzn\u00e9 druhy obraz\u016f a pl\u00e1ten? Zjist\u011bte odpov\u011b\u010f na ot\u00e1zku, jak zabezpe\u010dit obraz v z\u00e1silce a jak zabalit obraz p\u0159i p\u0159eprav\u011b.<\/p>\n<h2><strong>Do \u010deho zabalit obraz p\u0159i p\u0159eprav\u011b &#8211; typy obraz\u016f<\/strong><\/h2>\n<p>Provozov\u00e1n\u00ed vlastn\u00edho ateli\u00e9ru nebo fotografick\u00e9ho obchodu \u010dasto vy\u017eaduje, abyste zak\u00e1zku doru\u010dili z\u00e1kazn\u00edkovi. Z\u00e1kazn\u00edk obvykle nem\u00e1 mo\u017enost osobn\u00edho vyzvednut\u00ed, a proto nem\u016f\u017ee p\u0159evz\u00edt plnou odpov\u011bdnost za p\u0159epravu z\u00e1silky. Jsme si dob\u0159e v\u011bdomi toho, \u017ee p\u0159i balen\u00ed hotov\u00e9ho v\u00fdrobku chcete zajistit maxim\u00e1ln\u00ed bezpe\u010dnost, aby sn\u00edmek dorazil na m\u00edsto ur\u010den\u00ed v neporu\u0161en\u00e9m stavu.<\/p>\n<p>Jak\u00e9 typy obr\u00e1zk\u016f lze zabalit a poslat po\u0161tou nebo kur\u00fdrem? To v\u0161e z\u00e1vis\u00ed na nab\u00edzen\u00fdch slu\u017eb\u00e1ch. Z mnoha n\u00e1vrh\u016f jsou nej\u010dast\u011bj\u0161\u00ed klasick\u00e9 obrazy malovan\u00e9 na pl\u00e1tno akvarelov\u00fdmi nebo olejov\u00fdmi barvami. St\u00e1le \u010dast\u011bji se tak\u00e9 setk\u00e1v\u00e1me s hotov\u00fdmi tisky p\u0159ipraven\u00fdmi na napnut\u00e9m pl\u00e1tn\u011b imituj\u00edc\u00edm malbu. Mnoho v\u00fdrobc\u016f se tak\u00e9 rozhodlo dod\u00e1vat obl\u00edben\u00e9 plak\u00e1ty. Jak by m\u011bl b\u00fdt obraz zabalen pro p\u0159epravu a m\u011bl by b\u00fdt ka\u017ed\u00fd typ dekorativn\u00edho v\u00fdrobku p\u0159ipraven stejn\u00fdm zp\u016fsobem?<\/p>\n<h2><strong>Do \u010deho zabalit obrazy p\u0159i p\u0159eprav\u011b &#8211; balen\u00ed produkt\u016f<\/strong><\/h2>\n<p>Nejlep\u0161\u00edm zp\u016fsobem, jak p\u0159ipravit r\u016fzn\u00e9 typy obraz\u016f k p\u0159eprav\u011b, je zabalit je do speci\u00e1ln\u011b vyztu\u017een\u00fdch <a href=\"https:\/\/www.rajapack.cz\/kartonove-krabice_C10.html\">kartonov\u00fdch krabic<\/a>. <strong>V\u00fdrobky nab\u00edzen\u00e9 spole\u010dnost\u00ed RAJA jsou kartonov\u00e9 krabice nejvy\u0161\u0161\u00ed kvality, kter\u00e9 lze \u00fasp\u011b\u0161n\u011b pou\u017e\u00edt p\u0159i p\u0159eprav\u011b.<\/strong> Vzhledem k choulostiv\u00e9 konstrukci obraz\u016f stoj\u00ed za zv\u00e1\u017een\u00ed volba speci\u00e1ln\u011b vyztu\u017een\u00fdch obal\u016f, p\u0159i jejich\u017e v\u00fdrob\u011b bylo pou\u017eito 5 nebo 7 vrstev. To jist\u011b poskytne vynikaj\u00edc\u00ed ochranu p\u0159ed r\u016fzn\u00fdmi druhy mechanick\u00e9ho po\u0161kozen\u00ed, poma\u010dk\u00e1n\u00edm a dal\u0161\u00edmi faktory, kter\u00e9 by mohly nep\u0159\u00edzniv\u011b ovlivnit kvalitu um\u00edst\u011bn\u00e9ho pl\u00e1tna.<\/p>\n<p>P\u0159i v\u00fdb\u011bru karton\u016f je t\u0159eba zv\u00e1\u017eit jejich velikost. Kartony na obrazy by m\u011bly b\u00fdt o n\u011bco v\u011bt\u0161\u00ed ne\u017e samotn\u00fd r\u00e1m a jejich \u0161\u00ed\u0159ka by nem\u011bla nech\u00e1vat p\u0159\u00edli\u0161 velkou v\u016fli, jakmile je v\u00fdrobek uvnit\u0159 obalu. T\u00edm zajist\u00edte, \u017ee se v\u00fdrobek b\u011bhem p\u0159epravy neposune a ur\u010dit\u011b doraz\u00ed bezpe\u010dn\u011b na uvedenou adresu.<\/p>\n<h2><strong>Jak zajistit obraz v bal\u00edku &#8211; produkty pou\u017e\u00edvan\u00e9 k vypln\u011bn\u00ed a zaji\u0161t\u011bn\u00ed<\/strong><\/h2>\n<p>Samotn\u00fd obal, a\u010dkoli je velmi pevn\u00fd, nemus\u00ed p\u0159i p\u0159eprav\u011b k\u0159ehk\u00fdch p\u0159edm\u011bt\u016f, jako jsou obrazy, sta\u010dit. Abyste jim zajistili maxim\u00e1ln\u00ed ochranu, je dobr\u00e9 spolehnout se na obalov\u00e9 dopl\u0148ky, kter\u00e9 um\u00edst\u00edte dovnit\u0159 z\u00e1silky. Prvn\u00edm z nich budou <a href=\"https:\/\/www.rajapack.cz\/vyplnovy-fixacni-material\/ochrana-rohu-hran_C2570.html\"><u>ochrann\u00e9 profily a rohy<\/u><\/a>, kter\u00e9 jsou vyrobeny z m\u011bkk\u00fdch, ale odoln\u00fdch materi\u00e1l\u016f. Ty lze \u00fasp\u011b\u0161n\u011b sladit s okraji jemn\u00e9ho pl\u00e1tna a aplikovat je na ka\u017ed\u00fd okraj. Jsou ide\u00e1ln\u00ed pro ochranu d\u0159ev\u011bn\u00fdch, plastov\u00fdch a kovov\u00fdch r\u00e1m\u016f i pl\u00e1ten, kter\u00e1 byla nata\u017eena na r\u00e1m a nevy\u017eaduj\u00ed dal\u0161\u00ed zdoben\u00ed.<\/p>\n<p>Krom\u011b ochrany okraj\u016f je dobr\u00e9 pou\u017e\u00edt i velmi obl\u00edbenou <a href=\"https:\/\/www.rajapack.cz\/vyplnovy-fixacni-material\/bublinkove-folie-sacky\/bublinkova-folie_C251010.html\">bublinkovou f\u00f3lii<\/a>. Ta je k dispozici v r\u016fzn\u00fdch variant\u00e1ch. Je nesm\u00edrn\u011b d\u016fle\u017eit\u00e9, aby byla p\u0159ipravena z odoln\u00e9ho polyethylenu. D\u00edky tomu je odoln\u00e1 nejen proti po\u0161kozen\u00ed, ale tak\u00e9 proti vlhkosti a r\u016fzn\u00fdm druh\u016fm ne\u010distot. Bublinkov\u00e1 f\u00f3lie se nav\u00edc skl\u00e1d\u00e1 ze dvou vrstev, kter\u00e9 byly mezit\u00edm vypln\u011bny vzduchem. <strong>Ta dokonale pohlcuje nejr\u016fzn\u011bj\u0161\u00ed n\u00e1razy a poskytuje \u00fa\u010dinnou ochranu ka\u017ed\u00e9mu zabalen\u00e9mu v\u00fdrobku.<\/strong><\/p>\n<h2><strong>Balen\u00ed obraz\u016f p\u0159i p\u0159eprav\u011b &#8211; na co si d\u00e1t pozor?<\/strong><\/h2>\n<p>Zaj\u00edm\u00e1 v\u00e1s, zda se do jedn\u00e9 z\u00e1silky vejde v\u00edce obraz\u016f? V z\u00e1sad\u011b by to nem\u011bl b\u00fdt velk\u00fd probl\u00e9m, pokud ka\u017ed\u00fd z nich \u0159\u00e1dn\u011b ochr\u00e1n\u00edte. Nezapome\u0148te, \u017ee obrazy mohou b\u00fdt vystaveny vn\u011bj\u0161\u00edmu po\u0161kozen\u00ed, ale tak\u00e9 se o sebe mohou uvnit\u0159 z\u00e1silky t\u0159\u00edt. Proto je dobr\u00e9 krom\u011b pou\u017eit\u00ed specializovan\u00fdch f\u00f3li\u00ed vlo\u017eit do z\u00e1silky tak\u00e9 odd\u011blovac\u00ed <a href=\"https:\/\/www.rajapack.cz\/vyplnovy-fixacni-material\/fixace-oddeleni\/prolozky_C256010.html\">p\u0159ep\u00e1\u017eky z kartonu<\/a>. Takov\u00e9 \u0159e\u0161en\u00ed jist\u011b umo\u017en\u00ed \u0159\u00e1dn\u00e9 odesl\u00e1n\u00ed z\u00e1silky.<\/p>\n<h2><strong>Do \u010deho zabalit obraz p\u0159i p\u0159eprav\u011b? Nejobl\u00edben\u011bj\u0161\u00ed \u0159e\u0161en\u00ed<\/strong><\/h2>\n<p>Pokud se rozhodnete pro p\u0159epravu obrazu prost\u0159ednictv\u00edm p\u0159epravn\u00ed spole\u010dnosti, je d\u016fle\u017eit\u00e9 obraz \u0159\u00e1dn\u011b ochr\u00e1nit p\u0159ed poma\u010dk\u00e1n\u00edm a po\u0161kozen\u00edm. Jak\u00fd obal zvolit, z\u00e1vis\u00ed na \u0159ad\u011b faktor\u016f. T\u00edm hlavn\u00edm v\u0161ak bude form\u00e1t pl\u00e1tna nebo jin\u00e9ho materi\u00e1lu, kter\u00fd hodl\u00e1te poslat. P\u0159i hled\u00e1n\u00ed vhodn\u00e9ho obalu se m\u016f\u017eete rozhodnout pro:<\/p>\n<ul>\n<li><a href=\"https:\/\/www.rajapack.cz\/kartonove-krabice\/klopove_C1010.html\"><u>kartonov\u00e9 krabice<\/u><\/a> r\u016fzn\u00fdch velikost\u00ed, do kter\u00fdch lze snadno um\u00edstit obr\u00e1zky o rozm\u011brech a\u017e 650 \u00d7 450 \u00d7 50 mm,<\/li>\n<li>klasick\u00e9 velk\u00e9 kartonov\u00e9 krabice, ve kter\u00fdch m\u016f\u017eete \u00fasp\u011b\u0161n\u011b odeslat v\u00edce ne\u017e jeden obraz. Samoz\u0159ejm\u011b za p\u0159edpokladu, \u017ee je ka\u017ed\u00fd z nich dostate\u010dn\u011b odd\u011blen,<\/li>\n<li>pro plak\u00e1ty a obrazy, kter\u00e9 se pos\u00edlaj\u00ed bez pevn\u00e9ho r\u00e1mu, zvolte <a href=\"https:\/\/www.rajapack.cz\/obalky-tubusy\/zasilkove-tubusy_C1518.html\"><u>kartonov\u00e9 tubusy<\/u><\/a>. Plak\u00e1ty m\u016f\u017eete snadno srolovat a poslat z\u00e1kazn\u00edkovi, tak\u017ee je obdr\u017e\u00ed v perfektn\u00edm stavu.<\/li>\n<\/ul>\n<h2><strong>Jak zabalit obrazy a plak\u00e1ty k p\u0159eprav\u011b?<\/strong><\/h2>\n<p>Jak a do \u010deho zabalit obraz k p\u0159eprav\u011b? Ur\u010dit\u011b se krom\u011b samotn\u00fdch karton\u016f a ochrann\u00fdch obal\u016f bude hodit m\u00edt dal\u0161\u00ed p\u0159\u00edslu\u0161enstv\u00ed, kter\u00e9 balen\u00ed zefektivn\u00ed a kur\u00fdrovi poskytne pot\u0159ebn\u00e9 informace o hodnot\u011b z\u00e1silky. Pro tento \u00fa\u010del se vyplat\u00ed zakoupit:<\/p>\n<ul>\n<li>balic\u00ed p\u00e1sku,<\/li>\n<li>samolepic\u00ed \u0161t\u00edtky,<\/li>\n<li>informa\u010dn\u00ed a v\u00fdstra\u017en\u00e9 n\u00e1lepky (Pozor! Nahoru\/dol\u016f, K\u0159ehk\u00e9!),<\/li>\n<li>ochrannou stre\u010dovou f\u00f3lii,<\/li>\n<li>ozdobn\u00e9 obaly a polstrov\u00e1n\u00ed pro men\u0161\u00ed v\u00fdrobky.<\/li>\n<\/ul>\n","protected":false},"excerpt":{"rendered":"<p>Jedn\u00edm z produkt\u016f, kter\u00e9 mohou zp\u016fsobit mnoho probl\u00e9m\u016f z hlediska spr\u00e1vn\u00e9ho balen\u00ed, jsou obrazy r\u016fzn\u00e9ho druhu. Pro\u010d? P\u0159edev\u0161\u00edm proto, \u017ee b\u011bhem p\u0159epravy m\u016f\u017ee doj\u00edt k po\u0161kozen\u00ed k\u0159ehk\u00e9ho pl\u00e1tna. To plat\u00ed [&#8230;]<\/p>\n","protected":false},"author":29,"featured_media":12172,"comment_status":"open","ping_status":"open","sticky":false,"template":"","format":"standard","meta":{"_acf_changed":false,"footnotes":""},"categories":[1208,1206],"tags":[580,1211,1207,1084],"class_list":["post-12168","post","type-post","status-publish","format-standard","has-post-thumbnail","hentry","category-logistika-a-e-commerce","category-tipy-a-navody","tag-krabice","tag-logistika","tag-navody","tag-produkty"],"acf":[],"yoast_head":"\n<title>Jak zabalit obraz p\u0159i p\u0159eprav\u011b? - Tipy a rady z oblasti logistiky, obal\u016f i p\u0159epravy | Rajapack<\/title>\n<meta name=\"description\" content=\"Provozujete ateli\u00e9r nebo prod\u00e1v\u00e1te r\u016fzn\u00e9 druhy obraz\u016f? Zjist\u011bte odpov\u011b\u010f na ot\u00e1zku, jak zabezpe\u010dit a zabalit obraz p\u0159i p\u0159eprav\u011b.\" \/>\n<meta name=\"robots\" content=\"index, follow, max-snippet:-1, max-image-preview:large, max-video-preview:-1\" \/>\n<link rel=\"canonical\" href=\"https:\/\/www.rajapack.cz\/blog-cz\/jak-zabalit-obraz-pri-preprave\" \/>\n<meta property=\"og:locale\" content=\"cs_CZ\" \/>\n<meta property=\"og:type\" content=\"article\" \/>\n<meta property=\"og:title\" content=\"Jak zabalit obraz p\u0159i p\u0159eprav\u011b? - Tipy a rady z oblasti logistiky, obal\u016f i p\u0159epravy | Rajapack\" \/>\n<meta property=\"og:description\" content=\"Provozujete ateli\u00e9r nebo prod\u00e1v\u00e1te r\u016fzn\u00e9 druhy obraz\u016f? Zjist\u011bte odpov\u011b\u010f na ot\u00e1zku, jak zabezpe\u010dit a zabalit obraz p\u0159i p\u0159eprav\u011b.\" \/>\n<meta property=\"og:url\" content=\"https:\/\/www.rajapack.cz\/blog-cz\/jak-zabalit-obraz-pri-preprave\" \/>\n<meta property=\"og:site_name\" content=\"Tipy a rady z oblasti logistiky, obal\u016f i p\u0159epravy | Rajapack\" \/>\n<meta property=\"article:published_time\" content=\"2023-07-21T12:52:12+00:00\" \/>\n<meta property=\"article:modified_time\" content=\"2023-11-01T13:34:54+00:00\" \/>\n<meta property=\"og:image\" content=\"https:\/\/www.rajapack.cz\/blog-cz\/wp-content\/uploads\/teleskopick-krabice-pro-ploch-produkty_PDT00291.webp\" \/>\n\t<meta property=\"og:image:width\" content=\"410\" \/>\n\t<meta property=\"og:image:height\" content=\"410\" \/>\n\t<meta property=\"og:image:type\" content=\"image\/webp\" \/>\n<meta name=\"author\" content=\"sseidlova@rajapack.cz\" \/>\n<meta name=\"twitter:label1\" content=\"Napsal(a)\" \/>\n\t<meta name=\"twitter:data1\" content=\"sseidlova@rajapack.cz\" \/>\n\t<meta name=\"twitter:label2\" content=\"Odhadovan\u00e1 doba \u010dten\u00ed\" \/>\n\t<meta name=\"twitter:data2\" content=\"5 minut\" \/>\n<script type=\"application\/ld+json\" class=\"yoast-schema-graph\">{\n\t    \"@context\": \"https:\/\/schema.org\",\n\t    \"@graph\": [\n\t        {\n\t            \"@type\": \"WebPage\",\n\t            \"@id\": \"https:\/\/www.rajapack.cz\/blog-cz\/jak-zabalit-obraz-pri-preprave\",\n\t            \"url\": \"https:\/\/www.rajapack.cz\/blog-cz\/jak-zabalit-obraz-pri-preprave\",\n\t            \"name\": \"Jak zabalit obraz p\u0159i p\u0159eprav\u011b? - Tipy a rady z oblasti logistiky, obal\u016f i p\u0159epravy | Rajapack\",\n\t            \"isPartOf\": {\n\t                \"@id\": \"https:\/\/www.rajapack.cz\/blog-cz\/#website\"\n\t            },\n\t            \"primaryImageOfPage\": {\n\t                \"@id\": \"https:\/\/www.rajapack.cz\/blog-cz\/jak-zabalit-obraz-pri-preprave#primaryimage\"\n\t            },\n\t            \"image\": {\n\t                \"@id\": \"https:\/\/www.rajapack.cz\/blog-cz\/jak-zabalit-obraz-pri-preprave#primaryimage\"\n\t            },\n\t            \"thumbnailUrl\": \"https:\/\/www.rajapack.cz\/blog-cz\/wp-content\/uploads\/teleskopick-krabice-pro-ploch-produkty_PDT00291.webp\",\n\t            \"datePublished\": \"2023-07-21T12:52:12+00:00\",\n\t            \"dateModified\": \"2023-11-01T13:34:54+00:00\",\n\t            \"author\": {\n\t                \"@id\": \"https:\/\/www.rajapack.cz\/blog-cz\/#\/schema\/person\/9feaf9696a569429d0d9411f1b11260e\"\n\t            },\n\t            \"description\": \"Provozujete ateli\u00e9r nebo prod\u00e1v\u00e1te r\u016fzn\u00e9 druhy obraz\u016f? Zjist\u011bte odpov\u011b\u010f na ot\u00e1zku, jak zabezpe\u010dit a zabalit obraz p\u0159i p\u0159eprav\u011b.\",\n\t            \"inLanguage\": \"cs\",\n\t            \"potentialAction\": [\n\t                {\n\t                    \"@type\": \"ReadAction\",\n\t                    \"target\": [\n\t                        \"https:\/\/www.rajapack.cz\/blog-cz\/jak-zabalit-obraz-pri-preprave\"\n\t                    ]\n\t                }\n\t            ]\n\t        },\n\t        {\n\t            \"@type\": \"ImageObject\",\n\t            \"inLanguage\": \"cs\",\n\t            \"@id\": \"https:\/\/www.rajapack.cz\/blog-cz\/jak-zabalit-obraz-pri-preprave#primaryimage\",\n\t            \"url\": \"https:\/\/www.rajapack.cz\/blog-cz\/wp-content\/uploads\/teleskopick-krabice-pro-ploch-produkty_PDT00291.webp\",\n\t            \"contentUrl\": \"https:\/\/www.rajapack.cz\/blog-cz\/wp-content\/uploads\/teleskopick-krabice-pro-ploch-produkty_PDT00291.webp\",\n\t            \"width\": 410,\n\t            \"height\": 410\n\t        },\n\t        {\n\t            \"@type\": \"WebSite\",\n\t            \"@id\": \"https:\/\/www.rajapack.cz\/blog-cz\/#website\",\n\t            \"url\": \"https:\/\/www.rajapack.cz\/blog-cz\/\",\n\t            \"name\": \"Tipy a rady z oblasti logistiky, obal\u016f i p\u0159epravy | Rajapack\",\n\t            \"description\": \"Na\u010derpejte na na\u0161em blogu odborn\u00e9 tipy v oblasti logistiky i obal\u016f pro r\u016fzn\u00e9 typy balen\u00ed \u2714 Zaj\u00edmav\u00e9 \u010dl\u00e1nky a aktuality ze sv\u011bta obalov\u00fdch materi\u00e1l\u016f \u2714\",\n\t            \"potentialAction\": [\n\t                {\n\t                    \"@type\": \"SearchAction\",\n\t                    \"target\": {\n\t                        \"@type\": \"EntryPoint\",\n\t                        \"urlTemplate\": \"https:\/\/www.rajapack.cz\/blog-cz\/?s={search_term_string}\"\n\t                    },\n\t                    \"query-input\": \"required name=search_term_string\"\n\t                }\n\t            ],\n\t            \"inLanguage\": \"cs\"\n\t        },\n\t        {\n\t            \"@type\": \"Person\",\n\t            \"@id\": \"https:\/\/www.rajapack.cz\/blog-cz\/#\/schema\/person\/9feaf9696a569429d0d9411f1b11260e\",\n\t            \"name\": \"sseidlova@rajapack.cz\",\n\t            \"image\": {\n\t                \"@type\": \"ImageObject\",\n\t                \"inLanguage\": \"cs\",\n\t                \"@id\": \"https:\/\/www.rajapack.cz\/blog-cz\/#\/schema\/person\/image\/\",\n\t                \"url\": \"https:\/\/secure.gravatar.com\/avatar\/b9636fec511f7f6280d93c726a1e9d88?s=96&d=mm&r=g\",\n\t                \"contentUrl\": \"https:\/\/secure.gravatar.com\/avatar\/b9636fec511f7f6280d93c726a1e9d88?s=96&d=mm&r=g\",\n\t                \"caption\": \"sseidlova@rajapack.cz\"\n\t            },\n\t            \"url\": \"https:\/\/www.rajapack.cz\/blog-cz\/author\/sseidlovarajapack-cz\"\n\t        }\n\t    ]\n\t}<\/script>\n","yoast_head_json":{"title":"Jak zabalit obraz p\u0159i p\u0159eprav\u011b? - Tipy a rady z oblasti logistiky, obal\u016f i p\u0159epravy | Rajapack","description":"Provozujete ateli\u00e9r nebo prod\u00e1v\u00e1te r\u016fzn\u00e9 druhy obraz\u016f? Zjist\u011bte odpov\u011b\u010f na ot\u00e1zku, jak zabezpe\u010dit a zabalit obraz p\u0159i p\u0159eprav\u011b.","robots":{"index":"index","follow":"follow","max-snippet":"max-snippet:-1","max-image-preview":"max-image-preview:large","max-video-preview":"max-video-preview:-1"},"canonical":"https:\/\/www.rajapack.cz\/blog-cz\/jak-zabalit-obraz-pri-preprave","og_locale":"cs_CZ","og_type":"article","og_title":"Jak zabalit obraz p\u0159i p\u0159eprav\u011b? - Tipy a rady z oblasti logistiky, obal\u016f i p\u0159epravy | Rajapack","og_description":"Provozujete ateli\u00e9r nebo prod\u00e1v\u00e1te r\u016fzn\u00e9 druhy obraz\u016f? Zjist\u011bte odpov\u011b\u010f na ot\u00e1zku, jak zabezpe\u010dit a zabalit obraz p\u0159i p\u0159eprav\u011b.","og_url":"https:\/\/www.rajapack.cz\/blog-cz\/jak-zabalit-obraz-pri-preprave","og_site_name":"Tipy a rady z oblasti logistiky, obal\u016f i p\u0159epravy | Rajapack","article_published_time":"2023-07-21T12:52:12+00:00","article_modified_time":"2023-11-01T13:34:54+00:00","og_image":[{"width":410,"height":410,"url":"https:\/\/www.rajapack.cz\/blog-cz\/wp-content\/uploads\/teleskopick-krabice-pro-ploch-produkty_PDT00291.webp","type":"image\/webp"}],"author":"sseidlova@rajapack.cz","twitter_misc":{"Napsal(a)":"sseidlova@rajapack.cz","Odhadovan\u00e1 doba \u010dten\u00ed":"5 minut"},"schema":{"@context":"https:\/\/schema.org","@graph":[{"@type":"WebPage","@id":"https:\/\/www.rajapack.cz\/blog-cz\/jak-zabalit-obraz-pri-preprave","url":"https:\/\/www.rajapack.cz\/blog-cz\/jak-zabalit-obraz-pri-preprave","name":"Jak zabalit obraz p\u0159i p\u0159eprav\u011b? - Tipy a rady z oblasti logistiky, obal\u016f i p\u0159epravy | Rajapack","isPartOf":{"@id":"https:\/\/www.rajapack.cz\/blog-cz\/#website"},"primaryImageOfPage":{"@id":"https:\/\/www.rajapack.cz\/blog-cz\/jak-zabalit-obraz-pri-preprave#primaryimage"},"image":{"@id":"https:\/\/www.rajapack.cz\/blog-cz\/jak-zabalit-obraz-pri-preprave#primaryimage"},"thumbnailUrl":"https:\/\/www.rajapack.cz\/blog-cz\/wp-content\/uploads\/teleskopick-krabice-pro-ploch-produkty_PDT00291.webp","datePublished":"2023-07-21T12:52:12+00:00","dateModified":"2023-11-01T13:34:54+00:00","author":{"@id":"https:\/\/www.rajapack.cz\/blog-cz\/#\/schema\/person\/9feaf9696a569429d0d9411f1b11260e"},"description":"Provozujete ateli\u00e9r nebo prod\u00e1v\u00e1te r\u016fzn\u00e9 druhy obraz\u016f? Zjist\u011bte odpov\u011b\u010f na ot\u00e1zku, jak zabezpe\u010dit a zabalit obraz p\u0159i p\u0159eprav\u011b.","inLanguage":"cs","potentialAction":[{"@type":"ReadAction","target":["https:\/\/www.rajapack.cz\/blog-cz\/jak-zabalit-obraz-pri-preprave"]}]},{"@type":"ImageObject","inLanguage":"cs","@id":"https:\/\/www.rajapack.cz\/blog-cz\/jak-zabalit-obraz-pri-preprave#primaryimage","url":"https:\/\/www.rajapack.cz\/blog-cz\/wp-content\/uploads\/teleskopick-krabice-pro-ploch-produkty_PDT00291.webp","contentUrl":"https:\/\/www.rajapack.cz\/blog-cz\/wp-content\/uploads\/teleskopick-krabice-pro-ploch-produkty_PDT00291.webp","width":410,"height":410},{"@type":"WebSite","@id":"https:\/\/www.rajapack.cz\/blog-cz\/#website","url":"https:\/\/www.rajapack.cz\/blog-cz\/","name":"Tipy a rady z oblasti logistiky, obal\u016f i p\u0159epravy | Rajapack","description":"Na\u010derpejte na na\u0161em blogu odborn\u00e9 tipy v oblasti logistiky i obal\u016f pro r\u016fzn\u00e9 typy balen\u00ed \u2714 Zaj\u00edmav\u00e9 \u010dl\u00e1nky a aktuality ze sv\u011bta obalov\u00fdch materi\u00e1l\u016f \u2714","potentialAction":[{"@type":"SearchAction","target":{"@type":"EntryPoint","urlTemplate":"https:\/\/www.rajapack.cz\/blog-cz\/?s={search_term_string}"},"query-input":"required name=search_term_string"}],"inLanguage":"cs"},{"@type":"Person","@id":"https:\/\/www.rajapack.cz\/blog-cz\/#\/schema\/person\/9feaf9696a569429d0d9411f1b11260e","name":"sseidlova@rajapack.cz","image":{"@type":"ImageObject","inLanguage":"cs","@id":"https:\/\/www.rajapack.cz\/blog-cz\/#\/schema\/person\/image\/","url":"https:\/\/secure.gravatar.com\/avatar\/b9636fec511f7f6280d93c726a1e9d88?s=96&d=mm&r=g","contentUrl":"https:\/\/secure.gravatar.com\/avatar\/b9636fec511f7f6280d93c726a1e9d88?s=96&d=mm&r=g","caption":"sseidlova@rajapack.cz"},"url":"https:\/\/www.rajapack.cz\/blog-cz\/author\/sseidlovarajapack-cz"}]}},"_links":{"self":[{"href":"https:\/\/www.rajapack.cz\/blog-cz\/wp-json\/wp\/v2\/posts\/12168"}],"collection":[{"href":"https:\/\/www.rajapack.cz\/blog-cz\/wp-json\/wp\/v2\/posts"}],"about":[{"href":"https:\/\/www.rajapack.cz\/blog-cz\/wp-json\/wp\/v2\/types\/post"}],"author":[{"embeddable":true,"href":"https:\/\/www.rajapack.cz\/blog-cz\/wp-json\/wp\/v2\/users\/29"}],"replies":[{"embeddable":true,"href":"https:\/\/www.rajapack.cz\/blog-cz\/wp-json\/wp\/v2\/comments?post=12168"}],"version-history":[{"count":0,"href":"https:\/\/www.rajapack.cz\/blog-cz\/wp-json\/wp\/v2\/posts\/12168\/revisions"}],"wp:featuredmedia":[{"embeddable":true,"href":"https:\/\/www.rajapack.cz\/blog-cz\/wp-json\/wp\/v2\/media\/12172"}],"wp:attachment":[{"href":"https:\/\/www.rajapack.cz\/blog-cz\/wp-json\/wp\/v2\/media?parent=12168"}],"wp:term":[{"taxonomy":"category","embeddable":true,"href":"https:\/\/www.rajapack.cz\/blog-cz\/wp-json\/wp\/v2\/categories?post=12168"},{"taxonomy":"post_tag","embeddable":true,"href":"https:\/\/www.rajapack.cz\/blog-cz\/wp-json\/wp\/v2\/tags?post=12168"}],"curies":[{"name":"wp","href":"https:\/\/api.w.org\/{rel}","templated":true}]}}