{"id":12153,"date":"2023-07-10T11:15:44","date_gmt":"2023-07-10T09:15:44","guid":{"rendered":"https:\/\/www.rajapack.cz\/blog-cz\/?p=12153"},"modified":"2023-07-10T11:15:44","modified_gmt":"2023-07-10T09:15:44","slug":"skupina-raja-vita-noveho-marketingoveho-reditele","status":"publish","type":"post","link":"https:\/\/www.rajapack.cz\/blog-cz\/skupina-raja-vita-noveho-marketingoveho-reditele","title":{"rendered":"Skupina RAJA v\u00edt\u00e1 nov\u00e9ho marketingov\u00e9ho \u0159editele"},"content":{"rendered":"<p style=\"text-align: justify;\"><a href=\"https:\/\/www.rajapack.cz\/o-spolecnosti-rajapack\/skupina-raja_cms_000019.html\">Skupina RAJA<\/a> s pot\u011b\u0161en\u00edm oznamuje jmenov\u00e1n\u00ed <strong>Francka CHENETA<\/strong> <a href=\"https:\/\/www.raja-group.com\/en\/our-news\/raja-group-appoints-franck-chenet-group-marketing-director\">marketingov\u00fdm \u0159editelem skupiny<\/a>.<\/p>\n<p style=\"text-align: justify;\">Na t\u00e9to nov\u011b vytvo\u0159en\u00e9 pozici bude Franck CHENET zodpov\u011bdn\u00fd za rozvoj multikan\u00e1lov\u00fdch strategi\u00ed, p\u0159isp\u00edv\u00e1n\u00ed k je\u0161t\u011b lep\u0161\u00ed z\u00e1kaznick\u00e9 zku\u0161enosti, zvy\u0161ov\u00e1n\u00ed presti\u017ee zna\u010dky RAJA a v\u011bt\u0161\u00ed slad\u011bn\u00ed s multifunk\u010dn\u00edmi marketingov\u00fdmi t\u00fdmy na mezin\u00e1rodn\u00ed \u00farovni.<\/p>\n<p style=\"text-align: justify;\">Franck zah\u00e1jil svou kari\u00e9ru v Kanad\u011b a USA. T\u0159in\u00e1ct let (1994-2007) pracoval ve spole\u010dnosti BRODART, americk\u00e9m prodejci obal\u016f a obchodn\u00edch pot\u0159eb.<\/p>\n<p style=\"text-align: justify;\">Kdy\u017e se v roce 2008 vr\u00e1til do Francie , zast\u00e1val \u0159adu \u0159\u00edd\u00edc\u00edch funkc\u00ed v oblasti prodeje a marketingu ve skupin\u011b FIDUCIAL Group, kter\u00e1 se zab\u00fdv\u00e1 poskytov\u00e1n\u00edm B2B slu\u017eeb.<\/p>\n<p style=\"text-align: justify;\">V roce 2014 se stal v\u00fdkonn\u00fdm \u0159editelem spole\u010dnosti SKINJAY, za\u010d\u00ednaj\u00edc\u00edho kosmetick\u00e9ho podniku ve francouzsk\u00e9m Lyonu.<\/p>\n<p style=\"text-align: justify;\">V letech 2016-2022 pracoval Franck CHENET ve spole\u010dnosti ANTALIS jako \u0159editel skupiny odpov\u011bdn\u00fd za digit\u00e1ln\u00ed transformaci, nab\u00eddku slu\u017eeb, komunikaci a CSR.<\/p>\n<p><img loading=\"lazy\" decoding=\"async\" class=\"aligncenter wp-image-12160 size-medium\" src=\"https:\/\/www.rajapack.cz\/blog-cz\/wp-content\/uploads\/Photo-HD-Franck-Chenet_1-1-200x300.jpg\" alt=\"Marketingov\u00fd \u0159editel RAJA Group Franck Chenet\" width=\"200\" height=\"300\" srcset=\"https:\/\/www.rajapack.cz\/blog-cz\/wp-content\/uploads\/Photo-HD-Franck-Chenet_1-1-200x300.jpg 200w, https:\/\/www.rajapack.cz\/blog-cz\/wp-content\/uploads\/Photo-HD-Franck-Chenet_1-1-683x1024.jpg 683w, https:\/\/www.rajapack.cz\/blog-cz\/wp-content\/uploads\/Photo-HD-Franck-Chenet_1-1-768x1152.jpg 768w, https:\/\/www.rajapack.cz\/blog-cz\/wp-content\/uploads\/Photo-HD-Franck-Chenet_1-1-1024x1536.jpg 1024w, https:\/\/www.rajapack.cz\/blog-cz\/wp-content\/uploads\/Photo-HD-Franck-Chenet_1-1-1365x2048.jpg 1365w, https:\/\/www.rajapack.cz\/blog-cz\/wp-content\/uploads\/Photo-HD-Franck-Chenet_1-1.jpg 1385w\" sizes=\"(max-width: 200px) 100vw, 200px\" \/><\/p>\n","protected":false},"excerpt":{"rendered":"<p>Skupina RAJA s pot\u011b\u0161en\u00edm oznamuje jmenov\u00e1n\u00ed Francka CHENETA marketingov\u00fdm \u0159editelem skupiny. Na t\u00e9to nov\u011b vytvo\u0159en\u00e9 pozici bude Franck CHENET zodpov\u011bdn\u00fd za rozvoj multikan\u00e1lov\u00fdch strategi\u00ed, p\u0159isp\u00edv\u00e1n\u00ed k je\u0161t\u011b lep\u0161\u00ed z\u00e1kaznick\u00e9 zku\u0161enosti, [&#8230;]<\/p>\n","protected":false},"author":29,"featured_media":12158,"comment_status":"open","ping_status":"open","sticky":false,"template":"","format":"standard","meta":{"_acf_changed":false,"footnotes":""},"categories":[1209],"tags":[1210],"class_list":["post-12153","post","type-post","status-publish","format-standard","has-post-thumbnail","hentry","category-udalosti-v-rajapack","tag-firemni-udalosti"],"acf":[],"yoast_head":"\n<title>RAJA Group m\u00e1 nov\u00e9ho \u0159editele pro marketing<\/title>\n<meta name=\"description\" content=\"Skupina RAJA s pot\u011b\u0161en\u00edm oznamuje jmenov\u00e1n\u00ed Francka CHENETA marketingov\u00fdm \u0159editelem. Jeho \u00fakolem bude mimo jin\u00e9 rozv\u00edjet v\u00edcekan\u00e1lov\u00e9 strategie.\" \/>\n<meta name=\"robots\" content=\"index, follow, max-snippet:-1, max-image-preview:large, max-video-preview:-1\" \/>\n<link rel=\"canonical\" href=\"https:\/\/www.rajapack.cz\/blog-cz\/skupina-raja-vita-noveho-marketingoveho-reditele\" \/>\n<meta property=\"og:locale\" content=\"cs_CZ\" \/>\n<meta property=\"og:type\" content=\"article\" \/>\n<meta property=\"og:title\" content=\"RAJA Group m\u00e1 nov\u00e9ho \u0159editele pro marketing\" \/>\n<meta property=\"og:description\" content=\"Skupina RAJA s pot\u011b\u0161en\u00edm oznamuje jmenov\u00e1n\u00ed Francka CHENETA marketingov\u00fdm \u0159editelem. Jeho \u00fakolem bude mimo jin\u00e9 rozv\u00edjet v\u00edcekan\u00e1lov\u00e9 strategie.\" \/>\n<meta property=\"og:url\" content=\"https:\/\/www.rajapack.cz\/blog-cz\/skupina-raja-vita-noveho-marketingoveho-reditele\" \/>\n<meta property=\"og:site_name\" content=\"Tipy a rady z oblasti logistiky, obal\u016f i p\u0159epravy | Rajapack\" \/>\n<meta property=\"article:published_time\" content=\"2023-07-10T09:15:44+00:00\" \/>\n<meta property=\"og:image\" content=\"https:\/\/www.rajapack.cz\/blog-cz\/wp-content\/uploads\/Photo-HD-Franck-Chene_2t.jpg\" \/>\n\t<meta property=\"og:image:width\" content=\"1385\" \/>\n\t<meta property=\"og:image:height\" content=\"858\" \/>\n\t<meta property=\"og:image:type\" content=\"image\/jpeg\" \/>\n<meta name=\"author\" content=\"sseidlova@rajapack.cz\" \/>\n<meta name=\"twitter:label1\" content=\"Napsal(a)\" \/>\n\t<meta name=\"twitter:data1\" content=\"sseidlova@rajapack.cz\" \/>\n\t<meta name=\"twitter:label2\" content=\"Odhadovan\u00e1 doba \u010dten\u00ed\" \/>\n\t<meta name=\"twitter:data2\" content=\"1 minuta\" \/>\n<script type=\"application\/ld+json\" class=\"yoast-schema-graph\">{\n\t    \"@context\": \"https:\/\/schema.org\",\n\t    \"@graph\": [\n\t        {\n\t            \"@type\": \"WebPage\",\n\t            \"@id\": \"https:\/\/www.rajapack.cz\/blog-cz\/skupina-raja-vita-noveho-marketingoveho-reditele\",\n\t            \"url\": \"https:\/\/www.rajapack.cz\/blog-cz\/skupina-raja-vita-noveho-marketingoveho-reditele\",\n\t            \"name\": \"RAJA Group m\u00e1 nov\u00e9ho \u0159editele pro marketing\",\n\t            \"isPartOf\": {\n\t                \"@id\": \"https:\/\/www.rajapack.cz\/blog-cz\/#website\"\n\t            },\n\t            \"primaryImageOfPage\": {\n\t                \"@id\": \"https:\/\/www.rajapack.cz\/blog-cz\/skupina-raja-vita-noveho-marketingoveho-reditele#primaryimage\"\n\t            },\n\t            \"image\": {\n\t                \"@id\": \"https:\/\/www.rajapack.cz\/blog-cz\/skupina-raja-vita-noveho-marketingoveho-reditele#primaryimage\"\n\t            },\n\t            \"thumbnailUrl\": \"https:\/\/www.rajapack.cz\/blog-cz\/wp-content\/uploads\/Photo-HD-Franck-Chene_2t.jpg\",\n\t            \"datePublished\": \"2023-07-10T09:15:44+00:00\",\n\t            \"dateModified\": \"2023-07-10T09:15:44+00:00\",\n\t            \"author\": {\n\t                \"@id\": \"https:\/\/www.rajapack.cz\/blog-cz\/#\/schema\/person\/9feaf9696a569429d0d9411f1b11260e\"\n\t            },\n\t            \"description\": \"Skupina RAJA s pot\u011b\u0161en\u00edm oznamuje jmenov\u00e1n\u00ed Francka CHENETA marketingov\u00fdm \u0159editelem. Jeho \u00fakolem bude mimo jin\u00e9 rozv\u00edjet v\u00edcekan\u00e1lov\u00e9 strategie.\",\n\t            \"inLanguage\": \"cs\",\n\t            \"potentialAction\": [\n\t                {\n\t                    \"@type\": \"ReadAction\",\n\t                    \"target\": [\n\t                        \"https:\/\/www.rajapack.cz\/blog-cz\/skupina-raja-vita-noveho-marketingoveho-reditele\"\n\t                    ]\n\t                }\n\t            ]\n\t        },\n\t        {\n\t            \"@type\": \"ImageObject\",\n\t            \"inLanguage\": \"cs\",\n\t            \"@id\": \"https:\/\/www.rajapack.cz\/blog-cz\/skupina-raja-vita-noveho-marketingoveho-reditele#primaryimage\",\n\t            \"url\": \"https:\/\/www.rajapack.cz\/blog-cz\/wp-content\/uploads\/Photo-HD-Franck-Chene_2t.jpg\",\n\t            \"contentUrl\": \"https:\/\/www.rajapack.cz\/blog-cz\/wp-content\/uploads\/Photo-HD-Franck-Chene_2t.jpg\",\n\t            \"width\": 1385,\n\t            \"height\": 858\n\t        },\n\t        {\n\t            \"@type\": \"WebSite\",\n\t            \"@id\": \"https:\/\/www.rajapack.cz\/blog-cz\/#website\",\n\t            \"url\": \"https:\/\/www.rajapack.cz\/blog-cz\/\",\n\t            \"name\": \"Tipy a rady z oblasti logistiky, obal\u016f i p\u0159epravy | Rajapack\",\n\t            \"description\": \"Na\u010derpejte na na\u0161em blogu odborn\u00e9 tipy v oblasti logistiky i obal\u016f pro r\u016fzn\u00e9 typy balen\u00ed \u2714 Zaj\u00edmav\u00e9 \u010dl\u00e1nky a aktuality ze sv\u011bta obalov\u00fdch materi\u00e1l\u016f \u2714\",\n\t            \"potentialAction\": [\n\t                {\n\t                    \"@type\": \"SearchAction\",\n\t                    \"target\": {\n\t                        \"@type\": \"EntryPoint\",\n\t                        \"urlTemplate\": \"https:\/\/www.rajapack.cz\/blog-cz\/?s={search_term_string}\"\n\t                    },\n\t                    \"query-input\": \"required name=search_term_string\"\n\t                }\n\t            ],\n\t            \"inLanguage\": \"cs\"\n\t        },\n\t        {\n\t            \"@type\": \"Person\",\n\t            \"@id\": \"https:\/\/www.rajapack.cz\/blog-cz\/#\/schema\/person\/9feaf9696a569429d0d9411f1b11260e\",\n\t            \"name\": \"sseidlova@rajapack.cz\",\n\t            \"image\": {\n\t                \"@type\": \"ImageObject\",\n\t                \"inLanguage\": \"cs\",\n\t                \"@id\": \"https:\/\/www.rajapack.cz\/blog-cz\/#\/schema\/person\/image\/\",\n\t                \"url\": \"https:\/\/secure.gravatar.com\/avatar\/b9636fec511f7f6280d93c726a1e9d88?s=96&d=mm&r=g\",\n\t                \"contentUrl\": \"https:\/\/secure.gravatar.com\/avatar\/b9636fec511f7f6280d93c726a1e9d88?s=96&d=mm&r=g\",\n\t                \"caption\": \"sseidlova@rajapack.cz\"\n\t            },\n\t            \"url\": \"https:\/\/www.rajapack.cz\/blog-cz\/author\/sseidlovarajapack-cz\"\n\t        }\n\t    ]\n\t}<\/script>\n","yoast_head_json":{"title":"RAJA Group m\u00e1 nov\u00e9ho \u0159editele pro marketing","description":"Skupina RAJA s pot\u011b\u0161en\u00edm oznamuje jmenov\u00e1n\u00ed Francka CHENETA marketingov\u00fdm \u0159editelem. Jeho \u00fakolem bude mimo jin\u00e9 rozv\u00edjet v\u00edcekan\u00e1lov\u00e9 strategie.","robots":{"index":"index","follow":"follow","max-snippet":"max-snippet:-1","max-image-preview":"max-image-preview:large","max-video-preview":"max-video-preview:-1"},"canonical":"https:\/\/www.rajapack.cz\/blog-cz\/skupina-raja-vita-noveho-marketingoveho-reditele","og_locale":"cs_CZ","og_type":"article","og_title":"RAJA Group m\u00e1 nov\u00e9ho \u0159editele pro marketing","og_description":"Skupina RAJA s pot\u011b\u0161en\u00edm oznamuje jmenov\u00e1n\u00ed Francka CHENETA marketingov\u00fdm \u0159editelem. Jeho \u00fakolem bude mimo jin\u00e9 rozv\u00edjet v\u00edcekan\u00e1lov\u00e9 strategie.","og_url":"https:\/\/www.rajapack.cz\/blog-cz\/skupina-raja-vita-noveho-marketingoveho-reditele","og_site_name":"Tipy a rady z oblasti logistiky, obal\u016f i p\u0159epravy | Rajapack","article_published_time":"2023-07-10T09:15:44+00:00","og_image":[{"width":1385,"height":858,"url":"https:\/\/www.rajapack.cz\/blog-cz\/wp-content\/uploads\/Photo-HD-Franck-Chene_2t.jpg","type":"image\/jpeg"}],"author":"sseidlova@rajapack.cz","twitter_misc":{"Napsal(a)":"sseidlova@rajapack.cz","Odhadovan\u00e1 doba \u010dten\u00ed":"1 minuta"},"schema":{"@context":"https:\/\/schema.org","@graph":[{"@type":"WebPage","@id":"https:\/\/www.rajapack.cz\/blog-cz\/skupina-raja-vita-noveho-marketingoveho-reditele","url":"https:\/\/www.rajapack.cz\/blog-cz\/skupina-raja-vita-noveho-marketingoveho-reditele","name":"RAJA Group m\u00e1 nov\u00e9ho \u0159editele pro marketing","isPartOf":{"@id":"https:\/\/www.rajapack.cz\/blog-cz\/#website"},"primaryImageOfPage":{"@id":"https:\/\/www.rajapack.cz\/blog-cz\/skupina-raja-vita-noveho-marketingoveho-reditele#primaryimage"},"image":{"@id":"https:\/\/www.rajapack.cz\/blog-cz\/skupina-raja-vita-noveho-marketingoveho-reditele#primaryimage"},"thumbnailUrl":"https:\/\/www.rajapack.cz\/blog-cz\/wp-content\/uploads\/Photo-HD-Franck-Chene_2t.jpg","datePublished":"2023-07-10T09:15:44+00:00","dateModified":"2023-07-10T09:15:44+00:00","author":{"@id":"https:\/\/www.rajapack.cz\/blog-cz\/#\/schema\/person\/9feaf9696a569429d0d9411f1b11260e"},"description":"Skupina RAJA s pot\u011b\u0161en\u00edm oznamuje jmenov\u00e1n\u00ed Francka CHENETA marketingov\u00fdm \u0159editelem. Jeho \u00fakolem bude mimo jin\u00e9 rozv\u00edjet v\u00edcekan\u00e1lov\u00e9 strategie.","inLanguage":"cs","potentialAction":[{"@type":"ReadAction","target":["https:\/\/www.rajapack.cz\/blog-cz\/skupina-raja-vita-noveho-marketingoveho-reditele"]}]},{"@type":"ImageObject","inLanguage":"cs","@id":"https:\/\/www.rajapack.cz\/blog-cz\/skupina-raja-vita-noveho-marketingoveho-reditele#primaryimage","url":"https:\/\/www.rajapack.cz\/blog-cz\/wp-content\/uploads\/Photo-HD-Franck-Chene_2t.jpg","contentUrl":"https:\/\/www.rajapack.cz\/blog-cz\/wp-content\/uploads\/Photo-HD-Franck-Chene_2t.jpg","width":1385,"height":858},{"@type":"WebSite","@id":"https:\/\/www.rajapack.cz\/blog-cz\/#website","url":"https:\/\/www.rajapack.cz\/blog-cz\/","name":"Tipy a rady z oblasti logistiky, obal\u016f i p\u0159epravy | Rajapack","description":"Na\u010derpejte na na\u0161em blogu odborn\u00e9 tipy v oblasti logistiky i obal\u016f pro r\u016fzn\u00e9 typy balen\u00ed \u2714 Zaj\u00edmav\u00e9 \u010dl\u00e1nky a aktuality ze sv\u011bta obalov\u00fdch materi\u00e1l\u016f \u2714","potentialAction":[{"@type":"SearchAction","target":{"@type":"EntryPoint","urlTemplate":"https:\/\/www.rajapack.cz\/blog-cz\/?s={search_term_string}"},"query-input":"required name=search_term_string"}],"inLanguage":"cs"},{"@type":"Person","@id":"https:\/\/www.rajapack.cz\/blog-cz\/#\/schema\/person\/9feaf9696a569429d0d9411f1b11260e","name":"sseidlova@rajapack.cz","image":{"@type":"ImageObject","inLanguage":"cs","@id":"https:\/\/www.rajapack.cz\/blog-cz\/#\/schema\/person\/image\/","url":"https:\/\/secure.gravatar.com\/avatar\/b9636fec511f7f6280d93c726a1e9d88?s=96&d=mm&r=g","contentUrl":"https:\/\/secure.gravatar.com\/avatar\/b9636fec511f7f6280d93c726a1e9d88?s=96&d=mm&r=g","caption":"sseidlova@rajapack.cz"},"url":"https:\/\/www.rajapack.cz\/blog-cz\/author\/sseidlovarajapack-cz"}]}},"_links":{"self":[{"href":"https:\/\/www.rajapack.cz\/blog-cz\/wp-json\/wp\/v2\/posts\/12153"}],"collection":[{"href":"https:\/\/www.rajapack.cz\/blog-cz\/wp-json\/wp\/v2\/posts"}],"about":[{"href":"https:\/\/www.rajapack.cz\/blog-cz\/wp-json\/wp\/v2\/types\/post"}],"author":[{"embeddable":true,"href":"https:\/\/www.rajapack.cz\/blog-cz\/wp-json\/wp\/v2\/users\/29"}],"replies":[{"embeddable":true,"href":"https:\/\/www.rajapack.cz\/blog-cz\/wp-json\/wp\/v2\/comments?post=12153"}],"version-history":[{"count":0,"href":"https:\/\/www.rajapack.cz\/blog-cz\/wp-json\/wp\/v2\/posts\/12153\/revisions"}],"wp:featuredmedia":[{"embeddable":true,"href":"https:\/\/www.rajapack.cz\/blog-cz\/wp-json\/wp\/v2\/media\/12158"}],"wp:attachment":[{"href":"https:\/\/www.rajapack.cz\/blog-cz\/wp-json\/wp\/v2\/media?parent=12153"}],"wp:term":[{"taxonomy":"category","embeddable":true,"href":"https:\/\/www.rajapack.cz\/blog-cz\/wp-json\/wp\/v2\/categories?post=12153"},{"taxonomy":"post_tag","embeddable":true,"href":"https:\/\/www.rajapack.cz\/blog-cz\/wp-json\/wp\/v2\/tags?post=12153"}],"curies":[{"name":"wp","href":"https:\/\/api.w.org\/{rel}","templated":true}]}}