{"id":12085,"date":"2023-06-07T14:25:49","date_gmt":"2023-06-07T12:25:49","guid":{"rendered":"https:\/\/www.rajapack.cz\/blog-cz\/?p=12085"},"modified":"2023-06-09T15:25:55","modified_gmt":"2023-06-09T13:25:55","slug":"skupina-raja-se-pripojuje-k-csr-europe","status":"publish","type":"post","link":"https:\/\/www.rajapack.cz\/blog-cz\/skupina-raja-se-pripojuje-k-csr-europe","title":{"rendered":"Skupina RAJA se p\u0159ipojuje k CSR Europe"},"content":{"rendered":"<h1 style=\"text-align: justify;\">RAJA a CSR Europe<\/h1>\n<p style=\"text-align: justify;\"><strong>Skupina RAJA se stala nejnov\u011bj\u0161\u00edm \u010dlenem <\/strong><a href=\"https:\/\/www.csreurope.org\/our-network#corporatemembers\"><strong>CSR Europe<\/strong><\/a><strong>, s\u00edt\u011b podnik\u016f pro spole\u010denskou odpov\u011bdnost firem.<\/strong><\/p>\n<h2 style=\"text-align: justify;\"><strong>CSR Europe<\/strong><\/h2>\n<p style=\"text-align: justify;\"><a href=\"https:\/\/www.csreurope.org\/\">CSR Europe<\/a> je p\u0159edn\u00ed evropsk\u00e1 s\u00ed\u0165 podnik\u016f pro <strong>udr\u017eitelnost a odpov\u011bdnost<\/strong> firem. Byla zalo\u017eena roku 1995 a s\u00eddl\u00ed v\u00a0Bruselu v\u00a0Belgii. Spolupracuje s v\u00edce ne\u017e 10 000 spole\u010dnostmi a organizacemi v cel\u00e9 Evrop\u011b, v\u010detn\u011b korporac\u00ed, nevl\u00e1dn\u00edch organizac\u00ed, odbor\u016f, univerzit a vl\u00e1dn\u00edch org\u00e1n\u016f.<\/p>\n<p style=\"text-align: justify;\">CSR Europe podporuje podniky a pr\u016fmysl v\u00a0transformaci a spolupr\u00e1ci sm\u011brem k praktick\u00fdm \u0159e\u0161en\u00edm a udr\u017eiteln\u00e9mu r\u016fstu. D\u00e1le se sna\u017e\u00ed nav\u00e1zat na <a href=\"https:\/\/osn.cz\/osn\/hlavni-temata\/cile-udrzitelneho-rozvoje-sdgs\/\">c\u00edle udr\u017eiteln\u00e9ho rozvoje<\/a> (<a href=\"https:\/\/sdgs.un.org\/goals\">SDGs<\/a>) a spole\u010dn\u011b s evropsk\u00fdmi l\u00eddry a z\u00fa\u010dastn\u011bn\u00fdmi stranami vytv\u00e1\u0159et zast\u0159e\u0161uj\u00edc\u00ed strategii pro udr\u017eitelnou Evropu 2030.<\/p>\n<p style=\"text-align: justify;\"><strong>\u010cty\u0159i hlavn\u00ed c\u00edle CSR Europe:<\/strong><\/p>\n<ol style=\"text-align: justify;\">\n<li>Zlep\u0161it integraci CSR do obchodn\u00edho modelu a \u0159\u00edzen\u00ed spole\u010dnost\u00ed.<\/li>\n<li>St\u00e1t se p\u0159edn\u00ed obchodn\u00ed s\u00edt\u00ed, pokud jde o nejlep\u0161\u00ed postupy v oblasti CSR.<\/li>\n<li>B\u00fdt platformou pro spolupr\u00e1ci v\u0161ech z\u00fa\u010dastn\u011bn\u00fdch stran zapojen\u00fdch do CSR a katalyz\u00e1torem odpov\u011bdn\u00fdch inovac\u00ed.<\/li>\n<li>Spolupracovat s EU na politik\u00e1ch pro dosa\u017een\u00ed c\u00edl\u016f udr\u017eiteln\u00e9ho rozvoje OSN.<\/li>\n<\/ol>\n<h2 style=\"text-align: justify;\"><strong>RAJA, nov\u00fd \u010dlen CSR EUROPE<\/strong><\/h2>\n<p style=\"text-align: justify;\">Spole\u010dn\u011b s CSR Europe bude RAJA usilovat o dekarbonizaci odv\u011btv\u00ed elektronick\u00e9ho obchodu a distribuce na evropsk\u00e9 \u00farovni, pom\u00e1hat z\u00e1kazn\u00edk\u016fm zlep\u0161ovat jejich v\u00fdkonnost v oblasti CSR a podporovat dodavatele, aby reagovali na v\u00fdzvy ob\u010dansk\u00e9 spole\u010dnosti.<\/p>\n<p style=\"text-align: justify;\"><em>\u201eSkupina RAJA je prvn\u00ed spole\u010dnost\u00ed ve sv\u00e9m oboru, kter\u00e1 se p\u0159ipojila k CSR Europe jako korpor\u00e1tn\u00ed \u010dlen. Tato rozs\u00e1hl\u00e1 s\u00ed\u0165 pom\u00e1h\u00e1 podnik\u016fm a jejich ekosyst\u00e9m\u016fm zav\u00e1d\u011bt spole\u010denskou odpov\u011bdnost firem. N\u00e1\u0161 vstup do CSR Europe podporuje rozvoj diferencuj\u00edc\u00ed strategie spole\u010densk\u00e9 odpov\u011bdnosti na\u0161\u00ed skupiny.\u201c &#8211; <\/em><a href=\"https:\/\/www.rajapack.cz\/blog-cz\/skupina-raja-ma-novou-reditelku-pro-csr-a-udrzitelny-rozvoj-stala-se-ji-brigitte-thieck\"><strong>Brigitte Thieck<\/strong>, \u0159editelka pro CSR a udr\u017eiteln\u00fd rozvoj<\/a><\/p>\n<p style=\"text-align: justify;\"><em>\u201eS pot\u011b\u0161en\u00edm v\u00edt\u00e1me spole\u010dnost RAJA Group jako na\u0161eho nejnov\u011bj\u0161\u00edho korpor\u00e1tn\u00edho \u010dlena. T\u011b\u0161\u00edme se, \u017ee budeme moci roz\u0161\u00ed\u0159it dosah udr\u017eiteln\u00e9ho podnik\u00e1n\u00ed a veden\u00ed, kter\u00e9 Daniele Kapel-Marcovici p\u0159edstavuje ve Francii, i na evropsk\u00e9 \u00farovni \u2013 tak\u00e9 sm\u011brem k emancipaci, vzd\u011bl\u00e1v\u00e1n\u00ed a dodr\u017eov\u00e1n\u00ed pr\u00e1v \u017een.\u201c &#8211; <\/em><strong>Stefan Crets<\/strong>, v\u00fdkonn\u00fd \u0159editel CSR Europe<\/p>\n","protected":false},"excerpt":{"rendered":"<p>RAJA a CSR Europe Skupina RAJA se stala nejnov\u011bj\u0161\u00edm \u010dlenem CSR Europe, s\u00edt\u011b podnik\u016f pro spole\u010denskou odpov\u011bdnost firem. CSR Europe CSR Europe je p\u0159edn\u00ed evropsk\u00e1 s\u00ed\u0165 podnik\u016f pro udr\u017eitelnost a [&#8230;]<\/p>\n","protected":false},"author":29,"featured_media":12102,"comment_status":"open","ping_status":"open","sticky":false,"template":"","format":"standard","meta":{"_acf_changed":false,"footnotes":""},"categories":[1209],"tags":[1210,621],"class_list":["post-12085","post","type-post","status-publish","format-standard","has-post-thumbnail","hentry","category-udalosti-v-rajapack","tag-firemni-udalosti","tag-novinky"],"acf":[],"yoast_head":"\n<title>Skupina RAJA se p\u0159ipojuje k CSR Europe<\/title>\n<meta name=\"description\" content=\"Skupina RAJA se p\u0159ipojuje k CSR Europe a potvrzuje t\u00edm svou snahu o neust\u00e1l\u00e9 zlep\u0161ov\u00e1n\u00ed v oblasti CSR a udr\u017eiteln\u00e9ho rozvoje.\" \/>\n<meta name=\"robots\" content=\"index, follow, max-snippet:-1, max-image-preview:large, max-video-preview:-1\" \/>\n<link rel=\"canonical\" href=\"https:\/\/www.rajapack.cz\/blog-cz\/skupina-raja-se-pripojuje-k-csr-europe\" \/>\n<meta property=\"og:locale\" content=\"cs_CZ\" \/>\n<meta property=\"og:type\" content=\"article\" \/>\n<meta property=\"og:title\" content=\"Skupina RAJA se p\u0159ipojuje k CSR Europe\" \/>\n<meta property=\"og:description\" content=\"Skupina RAJA se p\u0159ipojuje k CSR Europe a potvrzuje t\u00edm svou snahu o neust\u00e1l\u00e9 zlep\u0161ov\u00e1n\u00ed v oblasti CSR a udr\u017eiteln\u00e9ho rozvoje.\" \/>\n<meta property=\"og:url\" content=\"https:\/\/www.rajapack.cz\/blog-cz\/skupina-raja-se-pripojuje-k-csr-europe\" \/>\n<meta property=\"og:site_name\" content=\"Tipy a rady z oblasti logistiky, obal\u016f i p\u0159epravy | Rajapack\" \/>\n<meta property=\"article:published_time\" content=\"2023-06-07T12:25:49+00:00\" \/>\n<meta property=\"article:modified_time\" content=\"2023-06-09T13:25:55+00:00\" \/>\n<meta property=\"og:image\" content=\"https:\/\/www.rajapack.cz\/blog-cz\/wp-content\/uploads\/hands-holding-earth-csr-business-campaign-2-1.jpg\" \/>\n\t<meta property=\"og:image:width\" content=\"1000\" \/>\n\t<meta property=\"og:image:height\" content=\"666\" \/>\n\t<meta property=\"og:image:type\" content=\"image\/jpeg\" \/>\n<meta name=\"author\" content=\"sseidlova@rajapack.cz\" \/>\n<meta name=\"twitter:label1\" content=\"Napsal(a)\" \/>\n\t<meta name=\"twitter:data1\" content=\"sseidlova@rajapack.cz\" \/>\n\t<meta name=\"twitter:label2\" content=\"Odhadovan\u00e1 doba \u010dten\u00ed\" \/>\n\t<meta name=\"twitter:data2\" content=\"2 minuty\" \/>\n<script type=\"application\/ld+json\" class=\"yoast-schema-graph\">{\n\t    \"@context\": \"https:\/\/schema.org\",\n\t    \"@graph\": [\n\t        {\n\t            \"@type\": \"WebPage\",\n\t            \"@id\": \"https:\/\/www.rajapack.cz\/blog-cz\/skupina-raja-se-pripojuje-k-csr-europe\",\n\t            \"url\": \"https:\/\/www.rajapack.cz\/blog-cz\/skupina-raja-se-pripojuje-k-csr-europe\",\n\t            \"name\": \"Skupina RAJA se p\u0159ipojuje k CSR Europe\",\n\t            \"isPartOf\": {\n\t                \"@id\": \"https:\/\/www.rajapack.cz\/blog-cz\/#website\"\n\t            },\n\t            \"primaryImageOfPage\": {\n\t                \"@id\": \"https:\/\/www.rajapack.cz\/blog-cz\/skupina-raja-se-pripojuje-k-csr-europe#primaryimage\"\n\t            },\n\t            \"image\": {\n\t                \"@id\": \"https:\/\/www.rajapack.cz\/blog-cz\/skupina-raja-se-pripojuje-k-csr-europe#primaryimage\"\n\t            },\n\t            \"thumbnailUrl\": \"https:\/\/www.rajapack.cz\/blog-cz\/wp-content\/uploads\/hands-holding-earth-csr-business-campaign-2-1.jpg\",\n\t            \"datePublished\": \"2023-06-07T12:25:49+00:00\",\n\t            \"dateModified\": \"2023-06-09T13:25:55+00:00\",\n\t            \"author\": {\n\t                \"@id\": \"https:\/\/www.rajapack.cz\/blog-cz\/#\/schema\/person\/9feaf9696a569429d0d9411f1b11260e\"\n\t            },\n\t            \"description\": \"Skupina RAJA se p\u0159ipojuje k CSR Europe a potvrzuje t\u00edm svou snahu o neust\u00e1l\u00e9 zlep\u0161ov\u00e1n\u00ed v oblasti CSR a udr\u017eiteln\u00e9ho rozvoje.\",\n\t            \"inLanguage\": \"cs\",\n\t            \"potentialAction\": [\n\t                {\n\t                    \"@type\": \"ReadAction\",\n\t                    \"target\": [\n\t                        \"https:\/\/www.rajapack.cz\/blog-cz\/skupina-raja-se-pripojuje-k-csr-europe\"\n\t                    ]\n\t                }\n\t            ]\n\t        },\n\t        {\n\t            \"@type\": \"ImageObject\",\n\t            \"inLanguage\": \"cs\",\n\t            \"@id\": \"https:\/\/www.rajapack.cz\/blog-cz\/skupina-raja-se-pripojuje-k-csr-europe#primaryimage\",\n\t            \"url\": \"https:\/\/www.rajapack.cz\/blog-cz\/wp-content\/uploads\/hands-holding-earth-csr-business-campaign-2-1.jpg\",\n\t            \"contentUrl\": \"https:\/\/www.rajapack.cz\/blog-cz\/wp-content\/uploads\/hands-holding-earth-csr-business-campaign-2-1.jpg\",\n\t            \"width\": 1000,\n\t            \"height\": 666,\n\t            \"caption\": \"Hands holding earth CSR business campaign\"\n\t        },\n\t        {\n\t            \"@type\": \"WebSite\",\n\t            \"@id\": \"https:\/\/www.rajapack.cz\/blog-cz\/#website\",\n\t            \"url\": \"https:\/\/www.rajapack.cz\/blog-cz\/\",\n\t            \"name\": \"Tipy a rady z oblasti logistiky, obal\u016f i p\u0159epravy | Rajapack\",\n\t            \"description\": \"Na\u010derpejte na na\u0161em blogu odborn\u00e9 tipy v oblasti logistiky i obal\u016f pro r\u016fzn\u00e9 typy balen\u00ed \u2714 Zaj\u00edmav\u00e9 \u010dl\u00e1nky a aktuality ze sv\u011bta obalov\u00fdch materi\u00e1l\u016f \u2714\",\n\t            \"potentialAction\": [\n\t                {\n\t                    \"@type\": \"SearchAction\",\n\t                    \"target\": {\n\t                        \"@type\": \"EntryPoint\",\n\t                        \"urlTemplate\": \"https:\/\/www.rajapack.cz\/blog-cz\/?s={search_term_string}\"\n\t                    },\n\t                    \"query-input\": \"required name=search_term_string\"\n\t                }\n\t            ],\n\t            \"inLanguage\": \"cs\"\n\t        },\n\t        {\n\t            \"@type\": \"Person\",\n\t            \"@id\": \"https:\/\/www.rajapack.cz\/blog-cz\/#\/schema\/person\/9feaf9696a569429d0d9411f1b11260e\",\n\t            \"name\": \"sseidlova@rajapack.cz\",\n\t            \"image\": {\n\t                \"@type\": \"ImageObject\",\n\t                \"inLanguage\": \"cs\",\n\t                \"@id\": \"https:\/\/www.rajapack.cz\/blog-cz\/#\/schema\/person\/image\/\",\n\t                \"url\": \"https:\/\/secure.gravatar.com\/avatar\/b9636fec511f7f6280d93c726a1e9d88?s=96&d=mm&r=g\",\n\t                \"contentUrl\": \"https:\/\/secure.gravatar.com\/avatar\/b9636fec511f7f6280d93c726a1e9d88?s=96&d=mm&r=g\",\n\t                \"caption\": \"sseidlova@rajapack.cz\"\n\t            },\n\t            \"url\": \"https:\/\/www.rajapack.cz\/blog-cz\/author\/sseidlovarajapack-cz\"\n\t        }\n\t    ]\n\t}<\/script>\n","yoast_head_json":{"title":"Skupina RAJA se p\u0159ipojuje k CSR Europe","description":"Skupina RAJA se p\u0159ipojuje k CSR Europe a potvrzuje t\u00edm svou snahu o neust\u00e1l\u00e9 zlep\u0161ov\u00e1n\u00ed v oblasti CSR a udr\u017eiteln\u00e9ho rozvoje.","robots":{"index":"index","follow":"follow","max-snippet":"max-snippet:-1","max-image-preview":"max-image-preview:large","max-video-preview":"max-video-preview:-1"},"canonical":"https:\/\/www.rajapack.cz\/blog-cz\/skupina-raja-se-pripojuje-k-csr-europe","og_locale":"cs_CZ","og_type":"article","og_title":"Skupina RAJA se p\u0159ipojuje k CSR Europe","og_description":"Skupina RAJA se p\u0159ipojuje k CSR Europe a potvrzuje t\u00edm svou snahu o neust\u00e1l\u00e9 zlep\u0161ov\u00e1n\u00ed v oblasti CSR a udr\u017eiteln\u00e9ho rozvoje.","og_url":"https:\/\/www.rajapack.cz\/blog-cz\/skupina-raja-se-pripojuje-k-csr-europe","og_site_name":"Tipy a rady z oblasti logistiky, obal\u016f i p\u0159epravy | Rajapack","article_published_time":"2023-06-07T12:25:49+00:00","article_modified_time":"2023-06-09T13:25:55+00:00","og_image":[{"width":1000,"height":666,"url":"https:\/\/www.rajapack.cz\/blog-cz\/wp-content\/uploads\/hands-holding-earth-csr-business-campaign-2-1.jpg","type":"image\/jpeg"}],"author":"sseidlova@rajapack.cz","twitter_misc":{"Napsal(a)":"sseidlova@rajapack.cz","Odhadovan\u00e1 doba \u010dten\u00ed":"2 minuty"},"schema":{"@context":"https:\/\/schema.org","@graph":[{"@type":"WebPage","@id":"https:\/\/www.rajapack.cz\/blog-cz\/skupina-raja-se-pripojuje-k-csr-europe","url":"https:\/\/www.rajapack.cz\/blog-cz\/skupina-raja-se-pripojuje-k-csr-europe","name":"Skupina RAJA se p\u0159ipojuje k CSR Europe","isPartOf":{"@id":"https:\/\/www.rajapack.cz\/blog-cz\/#website"},"primaryImageOfPage":{"@id":"https:\/\/www.rajapack.cz\/blog-cz\/skupina-raja-se-pripojuje-k-csr-europe#primaryimage"},"image":{"@id":"https:\/\/www.rajapack.cz\/blog-cz\/skupina-raja-se-pripojuje-k-csr-europe#primaryimage"},"thumbnailUrl":"https:\/\/www.rajapack.cz\/blog-cz\/wp-content\/uploads\/hands-holding-earth-csr-business-campaign-2-1.jpg","datePublished":"2023-06-07T12:25:49+00:00","dateModified":"2023-06-09T13:25:55+00:00","author":{"@id":"https:\/\/www.rajapack.cz\/blog-cz\/#\/schema\/person\/9feaf9696a569429d0d9411f1b11260e"},"description":"Skupina RAJA se p\u0159ipojuje k CSR Europe a potvrzuje t\u00edm svou snahu o neust\u00e1l\u00e9 zlep\u0161ov\u00e1n\u00ed v oblasti CSR a udr\u017eiteln\u00e9ho rozvoje.","inLanguage":"cs","potentialAction":[{"@type":"ReadAction","target":["https:\/\/www.rajapack.cz\/blog-cz\/skupina-raja-se-pripojuje-k-csr-europe"]}]},{"@type":"ImageObject","inLanguage":"cs","@id":"https:\/\/www.rajapack.cz\/blog-cz\/skupina-raja-se-pripojuje-k-csr-europe#primaryimage","url":"https:\/\/www.rajapack.cz\/blog-cz\/wp-content\/uploads\/hands-holding-earth-csr-business-campaign-2-1.jpg","contentUrl":"https:\/\/www.rajapack.cz\/blog-cz\/wp-content\/uploads\/hands-holding-earth-csr-business-campaign-2-1.jpg","width":1000,"height":666,"caption":"Hands holding earth CSR business campaign"},{"@type":"WebSite","@id":"https:\/\/www.rajapack.cz\/blog-cz\/#website","url":"https:\/\/www.rajapack.cz\/blog-cz\/","name":"Tipy a rady z oblasti logistiky, obal\u016f i p\u0159epravy | Rajapack","description":"Na\u010derpejte na na\u0161em blogu odborn\u00e9 tipy v oblasti logistiky i obal\u016f pro r\u016fzn\u00e9 typy balen\u00ed \u2714 Zaj\u00edmav\u00e9 \u010dl\u00e1nky a aktuality ze sv\u011bta obalov\u00fdch materi\u00e1l\u016f \u2714","potentialAction":[{"@type":"SearchAction","target":{"@type":"EntryPoint","urlTemplate":"https:\/\/www.rajapack.cz\/blog-cz\/?s={search_term_string}"},"query-input":"required name=search_term_string"}],"inLanguage":"cs"},{"@type":"Person","@id":"https:\/\/www.rajapack.cz\/blog-cz\/#\/schema\/person\/9feaf9696a569429d0d9411f1b11260e","name":"sseidlova@rajapack.cz","image":{"@type":"ImageObject","inLanguage":"cs","@id":"https:\/\/www.rajapack.cz\/blog-cz\/#\/schema\/person\/image\/","url":"https:\/\/secure.gravatar.com\/avatar\/b9636fec511f7f6280d93c726a1e9d88?s=96&d=mm&r=g","contentUrl":"https:\/\/secure.gravatar.com\/avatar\/b9636fec511f7f6280d93c726a1e9d88?s=96&d=mm&r=g","caption":"sseidlova@rajapack.cz"},"url":"https:\/\/www.rajapack.cz\/blog-cz\/author\/sseidlovarajapack-cz"}]}},"_links":{"self":[{"href":"https:\/\/www.rajapack.cz\/blog-cz\/wp-json\/wp\/v2\/posts\/12085"}],"collection":[{"href":"https:\/\/www.rajapack.cz\/blog-cz\/wp-json\/wp\/v2\/posts"}],"about":[{"href":"https:\/\/www.rajapack.cz\/blog-cz\/wp-json\/wp\/v2\/types\/post"}],"author":[{"embeddable":true,"href":"https:\/\/www.rajapack.cz\/blog-cz\/wp-json\/wp\/v2\/users\/29"}],"replies":[{"embeddable":true,"href":"https:\/\/www.rajapack.cz\/blog-cz\/wp-json\/wp\/v2\/comments?post=12085"}],"version-history":[{"count":0,"href":"https:\/\/www.rajapack.cz\/blog-cz\/wp-json\/wp\/v2\/posts\/12085\/revisions"}],"wp:featuredmedia":[{"embeddable":true,"href":"https:\/\/www.rajapack.cz\/blog-cz\/wp-json\/wp\/v2\/media\/12102"}],"wp:attachment":[{"href":"https:\/\/www.rajapack.cz\/blog-cz\/wp-json\/wp\/v2\/media?parent=12085"}],"wp:term":[{"taxonomy":"category","embeddable":true,"href":"https:\/\/www.rajapack.cz\/blog-cz\/wp-json\/wp\/v2\/categories?post=12085"},{"taxonomy":"post_tag","embeddable":true,"href":"https:\/\/www.rajapack.cz\/blog-cz\/wp-json\/wp\/v2\/tags?post=12085"}],"curies":[{"name":"wp","href":"https:\/\/api.w.org\/{rel}","templated":true}]}}