{"id":10736,"date":"2022-11-04T10:12:25","date_gmt":"2022-11-04T09:12:25","guid":{"rendered":"https:\/\/www.rajapack.cz\/blog-cz\/?p=10736"},"modified":"2023-05-19T08:29:44","modified_gmt":"2023-05-19T06:29:44","slug":"listopad-v-raja-snizene-ceny-a-nejruznejsi-slevy-chcete-se-dozvedet-vic","status":"publish","type":"post","link":"https:\/\/www.rajapack.cz\/blog-cz\/listopad-v-raja-snizene-ceny-a-nejruznejsi-slevy-chcete-se-dozvedet-vic","title":{"rendered":"Listopad v\u202fRAJA = sn\u00ed\u017een\u00e9 ceny a nejr\u016fzn\u011bj\u0161\u00ed slevy! Chcete se dozv\u011bd\u011bt v\u00edc?"},"content":{"rendered":"<p style=\"text-align: justify;\"><span data-contrast=\"auto\">Mil\u00ed z\u00e1kazn\u00edci, do V\u00e1noc je\u0161t\u011b n\u011bjak\u00fd \u010das zb\u00fdv\u00e1, ale my v\u202fRAJA jsme se u\u017e nyn\u00ed rozhodli d\u00e1t v\u00e1m ne jeden, ale hned n\u011bkolik \u201ed\u00e1rk\u016f\u201c.<\/span><span data-ccp-props=\"{&quot;201341983&quot;:0,&quot;335559739&quot;:160,&quot;335559740&quot;:259}\">\u00a0<\/span><\/p>\n<p style=\"text-align: justify;\"><span data-contrast=\"auto\">Tento m\u011bs\u00edc je \u0161t\u011bdr\u00fd na mnoho akc\u00ed a slev. Po cel\u00fd listopad m\u00e1te \u0161anci u n\u00e1s nakoupit vybran\u00e9 zbo\u017e\u00ed za sn\u00ed\u017een\u00e9 ceny. Nyn\u00ed se spole\u010dn\u011b pod\u00edv<\/span><span data-contrast=\"auto\">\u00e1me<\/span><span data-contrast=\"auto\"> na jednotliv\u00e9 mimo\u0159\u00e1dn\u00e9 nab\u00eddky.<\/span><span data-ccp-props=\"{&quot;201341983&quot;:0,&quot;335559739&quot;:160,&quot;335559740&quot;:259}\">\u00a0<\/span><\/p>\n<h1 style=\"text-align: justify;\"><b><span data-contrast=\"auto\">Tich\u00e9 p\u00e1sky<\/span><\/b><span data-ccp-props=\"{&quot;201341983&quot;:0,&quot;335559739&quot;:160,&quot;335559740&quot;:259}\">\u00a0<\/span><\/h1>\n<p style=\"text-align: justify;\"><span data-contrast=\"auto\">Prvn\u00ed extra slevu -40% v\u00e1m nab\u00edz\u00edme na vybran\u00e9 <a href=\"https:\/\/www.rajapack.cz\/lepici-pasky-paskovani-uzaver-obalu\/lepici-balici-pasky\/ticha-pp-lepici-paska-rajatape_OFF_CZ_0516.html\">Tich\u00e9 PP p\u00e1sky<\/a>. Jsou skv\u011blou volbou do mal\u00fdch prostor, kde m\u016f\u017ee b\u00fdt zvuk lepenky nep\u0159\u00edjemn\u00fd, a pr\u00e1v\u011b u t\u011bchto p\u00e1sek je zvuk p\u0159i odv\u00edjen\u00ed redukovan\u00fd. Z\u00e1rove\u0148 jsou velmi odoln\u00e9. Pou\u017eit\u00e9 akrylov\u00e9 lepidlo zaji\u0161\u0165uje v\u00fdbornou p\u0159ilnavost ke v\u0161em povrch\u016fm z\u202fpap\u00edru nebo lepenky. P\u00e1sky jsou nav\u00edc odoln\u00e9 proti UV z\u00e1\u0159en\u00ed.<\/span><span data-ccp-props=\"{&quot;201341983&quot;:0,&quot;335559739&quot;:160,&quot;335559740&quot;:259}\">\u00a0<\/span><\/p>\n<p><img loading=\"lazy\" decoding=\"async\" class=\"size-medium wp-image-9711 aligncenter\" src=\"https:\/\/www.rajapack.cz\/blog-cz\/wp-content\/uploads\/lepici-pasky-na-blog.jpg\" alt=\"Lep\u00edc\u00ed p\u00e1sky\" width=\"300\" height=\"276\" \/><\/p>\n<h1 style=\"text-align: justify;\"><b><span data-contrast=\"auto\">Stre\u010dov\u00e9 f\u00f3lie<\/span><\/b><span data-ccp-props=\"{&quot;201341983&quot;:0,&quot;335559739&quot;:160,&quot;335559740&quot;:259}\">\u00a0<\/span><\/h1>\n<p style=\"text-align: justify;\"><span data-contrast=\"auto\">Dal\u0161\u00ed speci\u00e1ln\u00ed nab\u00eddku -20% m\u00e1me na vybran\u00e9 <a href=\"https:\/\/www.rajapack.cz\/paletizace-folie\/rucni-stretch-folie_C4010.html\">ru\u010dn\u00ed stre\u010dov\u00e9 f\u00f3lie<\/a>. Jsou elastick\u00e9 a pevn\u00e9, p\u0159izp\u016fsob\u00ed se jak\u00e9mukoli tvaru. Nepo\u0161kod\u00ed v\u00fdrobky ani jejich obal. Jejich odv\u00edjen\u00ed je rychl\u00e9 a tich\u00e9 a pro u\u017eivatele jsou snadno pou\u017eiteln\u00e9. V\u202fnab\u00eddce pro v\u00e1s m\u00e1me tak\u00e9 <a href=\"https:\/\/www.rajapack.cz\/paletizace-folie\/rucni-stretch-folie\/rucni-napinaci-folie-recyklovana_PDT838584.html\">ekologickou variantu<\/a>, ve dvou barv\u00e1ch, kter\u00e1 je z\u202f80% recyklovan\u00e1.<\/span><span data-ccp-props=\"{&quot;201341983&quot;:0,&quot;335559739&quot;:160,&quot;335559740&quot;:259}\">\u00a0<\/span><\/p>\n<p><img loading=\"lazy\" decoding=\"async\" class=\"size-full wp-image-9797 aligncenter\" src=\"https:\/\/www.rajapack.cz\/blog-cz\/wp-content\/uploads\/stretch-folia-biela-500-mm-x-300-20-mikronov_feb16.jpg\" alt=\"Stretch f\u00f3lie\" width=\"300\" height=\"300\" srcset=\"https:\/\/www.rajapack.cz\/blog-cz\/wp-content\/uploads\/stretch-folia-biela-500-mm-x-300-20-mikronov_feb16.jpg 300w, https:\/\/www.rajapack.cz\/blog-cz\/wp-content\/uploads\/stretch-folia-biela-500-mm-x-300-20-mikronov_feb16-150x150.jpg 150w, https:\/\/www.rajapack.cz\/blog-cz\/wp-content\/uploads\/stretch-folia-biela-500-mm-x-300-20-mikronov_feb16-120x120.jpg 120w, https:\/\/www.rajapack.cz\/blog-cz\/wp-content\/uploads\/stretch-folia-biela-500-mm-x-300-20-mikronov_feb16-45x45.jpg 45w\" sizes=\"(max-width: 300px) 100vw, 300px\" \/><\/p>\n<h1 style=\"text-align: justify;\"><b><span data-contrast=\"auto\">Balic\u00ed pap\u00edry<\/span><\/b><span data-ccp-props=\"{&quot;201341983&quot;:0,&quot;335559739&quot;:160,&quot;335559740&quot;:259}\">\u00a0<\/span><\/h1>\n<p style=\"text-align: justify;\"><span data-contrast=\"auto\">U p\u0159\u00edle\u017eitosti bl\u00ed\u017e\u00edc\u00edch se V\u00e1noc v\u00e1m tak\u00e9 nab\u00edz\u00edme slevu -25% na ve\u0161ker\u00fd <a href=\"https:\/\/www.rajapack.cz\/tasky-darkove-baleni\/darkovy-balici-material\/darkovy-papir-celofan_C653012.html\">balic\u00ed pap\u00edr<\/a>. Vybrat si m\u016f\u017eete ze \u0161irok\u00e9 nab\u00eddky leskl\u00fdch, kraftov\u00fdch, vzorovan\u00fdch, a dokonce i balic\u00edch pap\u00edr\u016f pro d\u011bti. V\u0161echny balic\u00ed pap\u00edry jsou elegantn\u00ed, vysoce kvalitn\u00ed a maj\u00ed kr\u00e1sn\u00e9 barvy. A pozor, tuto akci jsme pro v\u00e1s prodlou\u017eily a bude platit a\u017e do konce prosince 2022!<\/span><span data-ccp-props=\"{&quot;201341983&quot;:0,&quot;335559739&quot;:160,&quot;335559740&quot;:259}\">\u00a0<\/span><\/p>\n<p><img loading=\"lazy\" decoding=\"async\" class=\"size-full wp-image-9920 aligncenter\" src=\"https:\/\/www.rajapack.cz\/blog-cz\/wp-content\/uploads\/leskly-darkovy-papir_OFF_CZ_0903.jpg\" alt=\"Leskl\u00fd darkov\u00fd pap\u00edr\" width=\"300\" height=\"300\" srcset=\"https:\/\/www.rajapack.cz\/blog-cz\/wp-content\/uploads\/leskly-darkovy-papir_OFF_CZ_0903.jpg 300w, https:\/\/www.rajapack.cz\/blog-cz\/wp-content\/uploads\/leskly-darkovy-papir_OFF_CZ_0903-150x150.jpg 150w, https:\/\/www.rajapack.cz\/blog-cz\/wp-content\/uploads\/leskly-darkovy-papir_OFF_CZ_0903-120x120.jpg 120w\" sizes=\"(max-width: 300px) 100vw, 300px\" \/><\/p>\n<h1 style=\"text-align: justify;\"><b><span data-contrast=\"auto\">BLACK FRIDAY \u2013 3 DNY S\u202fEXTRA SLEVOU<\/span><\/b><span data-ccp-props=\"{&quot;201341983&quot;:0,&quot;335559739&quot;:160,&quot;335559740&quot;:259}\">\u00a0<\/span><\/h1>\n<p style=\"text-align: justify;\"><span data-contrast=\"auto\">Ofici\u00e1ln\u00ed Black Friday je letos spojen s\u202fbl\u00ed\u017e\u00edc\u00edm se datem 25. listopadu. Proto nev\u00e1hejte a z\u00e1sobte se u\u017e nyn\u00ed. P\u0159ipravili jsme pro v\u00e1s dodate\u010dnou slevu -15% na v\u0161echno ostatn\u00ed nezlevn\u011bn\u00e9 zbo\u017e\u00ed. Tuto v\u00fdjime\u010dnou nab\u00eddku v\u0161ak m\u00e1te mo\u017enost vyu\u017e\u00edt POUZE 3 DNY od 7.11. do 9.11.2022. Ve\u0161ker\u00e9 dal\u0161\u00ed informace a podm\u00ednky naleznete na na\u0161ich webov\u00fdch str\u00e1nk\u00e1ch <a href=\"https:\/\/www.rajapack.cz\/\">rajapack.cz<\/a>. <\/span><span data-ccp-props=\"{&quot;201341983&quot;:0,&quot;335559739&quot;:160,&quot;335559740&quot;:259}\">\u00a0<\/span><\/p>\n<p><img loading=\"lazy\" decoding=\"async\" class=\"size-medium wp-image-9911 aligncenter\" src=\"https:\/\/www.rajapack.cz\/blog-cz\/wp-content\/uploads\/Painting-Blog-Banner-300x169.jpg\" alt=\"Black Friday logo\" width=\"300\" height=\"169\" \/><\/p>\n<h1 style=\"text-align: justify;\"><b><span data-contrast=\"auto\">Adventn\u00ed kalend\u00e1\u0159<\/span><\/b><span data-ccp-props=\"{&quot;201341983&quot;:0,&quot;335559739&quot;:160,&quot;335559740&quot;:259}\">\u00a0<\/span><\/h1>\n<p style=\"text-align: justify;\"><span data-contrast=\"auto\">A aby toho nebylo m\u00e1lo, i letos v\u00e1m k\u202fva\u0161\u00ed objedn\u00e1vce p\u0159in\u00e1\u0161\u00edme d\u00e1rek v\u202fpodob\u011b na\u0161eho adventn\u00edho kalend\u00e1\u0159e, a\u0165 u\u017e jste na\u0161\u00edm nov\u00fdm \u010di v\u011brn\u00fdm z\u00e1kazn\u00edkem. M\u00e1me je pro v\u00e1s v\u202fnab\u00eddce po cel\u00fd listopad nebo do vyd\u00e1n\u00ed z\u00e1sob. Bli\u017e\u0161\u00ed informace tak\u00e9 naleznete na webov\u00fdch str\u00e1nk\u00e1ch <a href=\"https:\/\/www.rajapack.cz\/\">rajapack.cz<\/a>.<\/span><span data-ccp-props=\"{&quot;201341983&quot;:0,&quot;335559739&quot;:160,&quot;335559740&quot;:259}\">\u00a0<\/span><\/p>\n<p>&nbsp;<\/p>\n<p><img loading=\"lazy\" decoding=\"async\" class=\"alignnone size-medium wp-image-10741 aligncenter\" src=\"https:\/\/www.rajapack.cz\/blog-cz\/wp-content\/uploads\/Vystrizek-300x179.jpg\" alt=\"Adventn\u00ed kalend\u00e1\u0159\" width=\"300\" height=\"179\" srcset=\"https:\/\/www.rajapack.cz\/blog-cz\/wp-content\/uploads\/Vystrizek-300x179.jpg 300w, https:\/\/www.rajapack.cz\/blog-cz\/wp-content\/uploads\/Vystrizek-375x225.jpg 375w, https:\/\/www.rajapack.cz\/blog-cz\/wp-content\/uploads\/Vystrizek.jpg 637w\" sizes=\"(max-width: 300px) 100vw, 300px\" \/><\/p>\n","protected":false},"excerpt":{"rendered":"<p>Mil\u00ed z\u00e1kazn\u00edci, do V\u00e1noc je\u0161t\u011b n\u011bjak\u00fd \u010das zb\u00fdv\u00e1, ale my v\u202fRAJA jsme se u\u017e nyn\u00ed rozhodli d\u00e1t v\u00e1m ne jeden, ale hned n\u011bkolik \u201ed\u00e1rk\u016f\u201c.\u00a0 Tento m\u011bs\u00edc je \u0161t\u011bdr\u00fd na mnoho [&#8230;]<\/p>\n","protected":false},"author":25,"featured_media":10936,"comment_status":"open","ping_status":"open","sticky":false,"template":"","format":"standard","meta":{"_acf_changed":false,"footnotes":""},"categories":[1205,1209],"tags":[1210,621,1084,1026],"class_list":["post-10736","post","type-post","status-publish","format-standard","has-post-thumbnail","hentry","category-nase-obaly-a-novinky","category-udalosti-v-rajapack","tag-firemni-udalosti","tag-novinky","tag-produkty","tag-sluzby"],"acf":[],"yoast_head":"\n<title>Listopad v\u202fRAJA = sn\u00ed\u017een\u00e9 ceny a nejr\u016fzn\u011bj\u0161\u00ed slevy! Chcete se dozv\u011bd\u011bt v\u00edc? - Tipy a rady z oblasti logistiky, obal\u016f i p\u0159epravy | Rajapack<\/title>\n<meta name=\"robots\" content=\"index, follow, max-snippet:-1, max-image-preview:large, max-video-preview:-1\" \/>\n<link rel=\"canonical\" href=\"https:\/\/www.rajapack.cz\/blog-cz\/listopad-v-raja-snizene-ceny-a-nejruznejsi-slevy-chcete-se-dozvedet-vic\" \/>\n<meta property=\"og:locale\" content=\"cs_CZ\" \/>\n<meta property=\"og:type\" content=\"article\" \/>\n<meta property=\"og:title\" content=\"Listopad v\u202fRAJA = sn\u00ed\u017een\u00e9 ceny a nejr\u016fzn\u011bj\u0161\u00ed slevy! Chcete se dozv\u011bd\u011bt v\u00edc? - Tipy a rady z oblasti logistiky, obal\u016f i p\u0159epravy | Rajapack\" \/>\n<meta property=\"og:description\" content=\"Mil\u00ed z\u00e1kazn\u00edci, do V\u00e1noc je\u0161t\u011b n\u011bjak\u00fd \u010das zb\u00fdv\u00e1, ale my v\u202fRAJA jsme se u\u017e nyn\u00ed rozhodli d\u00e1t v\u00e1m ne jeden, ale hned n\u011bkolik \u201ed\u00e1rk\u016f\u201c.\u00a0 Tento m\u011bs\u00edc je \u0161t\u011bdr\u00fd na mnoho [...]\" \/>\n<meta property=\"og:url\" content=\"https:\/\/www.rajapack.cz\/blog-cz\/listopad-v-raja-snizene-ceny-a-nejruznejsi-slevy-chcete-se-dozvedet-vic\" \/>\n<meta property=\"og:site_name\" content=\"Tipy a rady z oblasti logistiky, obal\u016f i p\u0159epravy | Rajapack\" \/>\n<meta property=\"article:published_time\" content=\"2022-11-04T09:12:25+00:00\" \/>\n<meta property=\"article:modified_time\" content=\"2023-05-19T06:29:44+00:00\" \/>\n<meta property=\"og:image\" content=\"https:\/\/www.rajapack.cz\/blog-cz\/wp-content\/uploads\/raja-logo-cz-1.png\" \/>\n\t<meta property=\"og:image:width\" content=\"820\" \/>\n\t<meta property=\"og:image:height\" content=\"279\" \/>\n\t<meta property=\"og:image:type\" content=\"image\/png\" \/>\n<meta name=\"author\" content=\"Rajapack CZ\" \/>\n<meta name=\"twitter:label1\" content=\"Napsal(a)\" \/>\n\t<meta name=\"twitter:data1\" content=\"Rajapack CZ\" \/>\n\t<meta name=\"twitter:label2\" content=\"Odhadovan\u00e1 doba \u010dten\u00ed\" \/>\n\t<meta name=\"twitter:data2\" content=\"3 minuty\" \/>\n<script type=\"application\/ld+json\" class=\"yoast-schema-graph\">{\n\t    \"@context\": \"https:\/\/schema.org\",\n\t    \"@graph\": [\n\t        {\n\t            \"@type\": \"WebPage\",\n\t            \"@id\": \"https:\/\/www.rajapack.cz\/blog-cz\/listopad-v-raja-snizene-ceny-a-nejruznejsi-slevy-chcete-se-dozvedet-vic\",\n\t            \"url\": \"https:\/\/www.rajapack.cz\/blog-cz\/listopad-v-raja-snizene-ceny-a-nejruznejsi-slevy-chcete-se-dozvedet-vic\",\n\t            \"name\": \"Listopad v\u202fRAJA = sn\u00ed\u017een\u00e9 ceny a nejr\u016fzn\u011bj\u0161\u00ed slevy! Chcete se dozv\u011bd\u011bt v\u00edc? - Tipy a rady z oblasti logistiky, obal\u016f i p\u0159epravy | Rajapack\",\n\t            \"isPartOf\": {\n\t                \"@id\": \"https:\/\/www.rajapack.cz\/blog-cz\/#website\"\n\t            },\n\t            \"primaryImageOfPage\": {\n\t                \"@id\": \"https:\/\/www.rajapack.cz\/blog-cz\/listopad-v-raja-snizene-ceny-a-nejruznejsi-slevy-chcete-se-dozvedet-vic#primaryimage\"\n\t            },\n\t            \"image\": {\n\t                \"@id\": \"https:\/\/www.rajapack.cz\/blog-cz\/listopad-v-raja-snizene-ceny-a-nejruznejsi-slevy-chcete-se-dozvedet-vic#primaryimage\"\n\t            },\n\t            \"thumbnailUrl\": \"https:\/\/www.rajapack.cz\/blog-cz\/wp-content\/uploads\/raja-logo-cz-1.png\",\n\t            \"datePublished\": \"2022-11-04T09:12:25+00:00\",\n\t            \"dateModified\": \"2023-05-19T06:29:44+00:00\",\n\t            \"author\": {\n\t                \"@id\": \"https:\/\/www.rajapack.cz\/blog-cz\/#\/schema\/person\/51cf52e672940ef07086793d87bb2bcc\"\n\t            },\n\t            \"inLanguage\": \"cs\",\n\t            \"potentialAction\": [\n\t                {\n\t                    \"@type\": \"ReadAction\",\n\t                    \"target\": [\n\t                        \"https:\/\/www.rajapack.cz\/blog-cz\/listopad-v-raja-snizene-ceny-a-nejruznejsi-slevy-chcete-se-dozvedet-vic\"\n\t                    ]\n\t                }\n\t            ]\n\t        },\n\t        {\n\t            \"@type\": \"ImageObject\",\n\t            \"inLanguage\": \"cs\",\n\t            \"@id\": \"https:\/\/www.rajapack.cz\/blog-cz\/listopad-v-raja-snizene-ceny-a-nejruznejsi-slevy-chcete-se-dozvedet-vic#primaryimage\",\n\t            \"url\": \"https:\/\/www.rajapack.cz\/blog-cz\/wp-content\/uploads\/raja-logo-cz-1.png\",\n\t            \"contentUrl\": \"https:\/\/www.rajapack.cz\/blog-cz\/wp-content\/uploads\/raja-logo-cz-1.png\",\n\t            \"width\": 820,\n\t            \"height\": 279\n\t        },\n\t        {\n\t            \"@type\": \"WebSite\",\n\t            \"@id\": \"https:\/\/www.rajapack.cz\/blog-cz\/#website\",\n\t            \"url\": \"https:\/\/www.rajapack.cz\/blog-cz\/\",\n\t            \"name\": \"Tipy a rady z oblasti logistiky, obal\u016f i p\u0159epravy | Rajapack\",\n\t            \"description\": \"Na\u010derpejte na na\u0161em blogu odborn\u00e9 tipy v oblasti logistiky i obal\u016f pro r\u016fzn\u00e9 typy balen\u00ed \u2714 Zaj\u00edmav\u00e9 \u010dl\u00e1nky a aktuality ze sv\u011bta obalov\u00fdch materi\u00e1l\u016f \u2714\",\n\t            \"potentialAction\": [\n\t                {\n\t                    \"@type\": \"SearchAction\",\n\t                    \"target\": {\n\t                        \"@type\": \"EntryPoint\",\n\t                        \"urlTemplate\": \"https:\/\/www.rajapack.cz\/blog-cz\/?s={search_term_string}\"\n\t                    },\n\t                    \"query-input\": \"required name=search_term_string\"\n\t                }\n\t            ],\n\t            \"inLanguage\": \"cs\"\n\t        },\n\t        {\n\t            \"@type\": \"Person\",\n\t            \"@id\": \"https:\/\/www.rajapack.cz\/blog-cz\/#\/schema\/person\/51cf52e672940ef07086793d87bb2bcc\",\n\t            \"name\": \"Rajapack CZ\",\n\t            \"image\": {\n\t                \"@type\": \"ImageObject\",\n\t                \"inLanguage\": \"cs\",\n\t                \"@id\": \"https:\/\/www.rajapack.cz\/blog-cz\/#\/schema\/person\/image\/\",\n\t                \"url\": \"https:\/\/secure.gravatar.com\/avatar\/fa599d097ebb7cb9005345c085842c37?s=96&d=mm&r=g\",\n\t                \"contentUrl\": \"https:\/\/secure.gravatar.com\/avatar\/fa599d097ebb7cb9005345c085842c37?s=96&d=mm&r=g\",\n\t                \"caption\": \"Rajapack CZ\"\n\t            },\n\t            \"url\": \"https:\/\/www.rajapack.cz\/blog-cz\/author\/rajapackcz\"\n\t        }\n\t    ]\n\t}<\/script>\n","yoast_head_json":{"title":"Listopad v\u202fRAJA = sn\u00ed\u017een\u00e9 ceny a nejr\u016fzn\u011bj\u0161\u00ed slevy! Chcete se dozv\u011bd\u011bt v\u00edc? - Tipy a rady z oblasti logistiky, obal\u016f i p\u0159epravy | Rajapack","robots":{"index":"index","follow":"follow","max-snippet":"max-snippet:-1","max-image-preview":"max-image-preview:large","max-video-preview":"max-video-preview:-1"},"canonical":"https:\/\/www.rajapack.cz\/blog-cz\/listopad-v-raja-snizene-ceny-a-nejruznejsi-slevy-chcete-se-dozvedet-vic","og_locale":"cs_CZ","og_type":"article","og_title":"Listopad v\u202fRAJA = sn\u00ed\u017een\u00e9 ceny a nejr\u016fzn\u011bj\u0161\u00ed slevy! Chcete se dozv\u011bd\u011bt v\u00edc? - Tipy a rady z oblasti logistiky, obal\u016f i p\u0159epravy | Rajapack","og_description":"Mil\u00ed z\u00e1kazn\u00edci, do V\u00e1noc je\u0161t\u011b n\u011bjak\u00fd \u010das zb\u00fdv\u00e1, ale my v\u202fRAJA jsme se u\u017e nyn\u00ed rozhodli d\u00e1t v\u00e1m ne jeden, ale hned n\u011bkolik \u201ed\u00e1rk\u016f\u201c.\u00a0 Tento m\u011bs\u00edc je \u0161t\u011bdr\u00fd na mnoho [...]","og_url":"https:\/\/www.rajapack.cz\/blog-cz\/listopad-v-raja-snizene-ceny-a-nejruznejsi-slevy-chcete-se-dozvedet-vic","og_site_name":"Tipy a rady z oblasti logistiky, obal\u016f i p\u0159epravy | Rajapack","article_published_time":"2022-11-04T09:12:25+00:00","article_modified_time":"2023-05-19T06:29:44+00:00","og_image":[{"width":820,"height":279,"url":"https:\/\/www.rajapack.cz\/blog-cz\/wp-content\/uploads\/raja-logo-cz-1.png","type":"image\/png"}],"author":"Rajapack CZ","twitter_misc":{"Napsal(a)":"Rajapack CZ","Odhadovan\u00e1 doba \u010dten\u00ed":"3 minuty"},"schema":{"@context":"https:\/\/schema.org","@graph":[{"@type":"WebPage","@id":"https:\/\/www.rajapack.cz\/blog-cz\/listopad-v-raja-snizene-ceny-a-nejruznejsi-slevy-chcete-se-dozvedet-vic","url":"https:\/\/www.rajapack.cz\/blog-cz\/listopad-v-raja-snizene-ceny-a-nejruznejsi-slevy-chcete-se-dozvedet-vic","name":"Listopad v\u202fRAJA = sn\u00ed\u017een\u00e9 ceny a nejr\u016fzn\u011bj\u0161\u00ed slevy! Chcete se dozv\u011bd\u011bt v\u00edc? - Tipy a rady z oblasti logistiky, obal\u016f i p\u0159epravy | Rajapack","isPartOf":{"@id":"https:\/\/www.rajapack.cz\/blog-cz\/#website"},"primaryImageOfPage":{"@id":"https:\/\/www.rajapack.cz\/blog-cz\/listopad-v-raja-snizene-ceny-a-nejruznejsi-slevy-chcete-se-dozvedet-vic#primaryimage"},"image":{"@id":"https:\/\/www.rajapack.cz\/blog-cz\/listopad-v-raja-snizene-ceny-a-nejruznejsi-slevy-chcete-se-dozvedet-vic#primaryimage"},"thumbnailUrl":"https:\/\/www.rajapack.cz\/blog-cz\/wp-content\/uploads\/raja-logo-cz-1.png","datePublished":"2022-11-04T09:12:25+00:00","dateModified":"2023-05-19T06:29:44+00:00","author":{"@id":"https:\/\/www.rajapack.cz\/blog-cz\/#\/schema\/person\/51cf52e672940ef07086793d87bb2bcc"},"inLanguage":"cs","potentialAction":[{"@type":"ReadAction","target":["https:\/\/www.rajapack.cz\/blog-cz\/listopad-v-raja-snizene-ceny-a-nejruznejsi-slevy-chcete-se-dozvedet-vic"]}]},{"@type":"ImageObject","inLanguage":"cs","@id":"https:\/\/www.rajapack.cz\/blog-cz\/listopad-v-raja-snizene-ceny-a-nejruznejsi-slevy-chcete-se-dozvedet-vic#primaryimage","url":"https:\/\/www.rajapack.cz\/blog-cz\/wp-content\/uploads\/raja-logo-cz-1.png","contentUrl":"https:\/\/www.rajapack.cz\/blog-cz\/wp-content\/uploads\/raja-logo-cz-1.png","width":820,"height":279},{"@type":"WebSite","@id":"https:\/\/www.rajapack.cz\/blog-cz\/#website","url":"https:\/\/www.rajapack.cz\/blog-cz\/","name":"Tipy a rady z oblasti logistiky, obal\u016f i p\u0159epravy | Rajapack","description":"Na\u010derpejte na na\u0161em blogu odborn\u00e9 tipy v oblasti logistiky i obal\u016f pro r\u016fzn\u00e9 typy balen\u00ed \u2714 Zaj\u00edmav\u00e9 \u010dl\u00e1nky a aktuality ze sv\u011bta obalov\u00fdch materi\u00e1l\u016f \u2714","potentialAction":[{"@type":"SearchAction","target":{"@type":"EntryPoint","urlTemplate":"https:\/\/www.rajapack.cz\/blog-cz\/?s={search_term_string}"},"query-input":"required name=search_term_string"}],"inLanguage":"cs"},{"@type":"Person","@id":"https:\/\/www.rajapack.cz\/blog-cz\/#\/schema\/person\/51cf52e672940ef07086793d87bb2bcc","name":"Rajapack CZ","image":{"@type":"ImageObject","inLanguage":"cs","@id":"https:\/\/www.rajapack.cz\/blog-cz\/#\/schema\/person\/image\/","url":"https:\/\/secure.gravatar.com\/avatar\/fa599d097ebb7cb9005345c085842c37?s=96&d=mm&r=g","contentUrl":"https:\/\/secure.gravatar.com\/avatar\/fa599d097ebb7cb9005345c085842c37?s=96&d=mm&r=g","caption":"Rajapack CZ"},"url":"https:\/\/www.rajapack.cz\/blog-cz\/author\/rajapackcz"}]}},"_links":{"self":[{"href":"https:\/\/www.rajapack.cz\/blog-cz\/wp-json\/wp\/v2\/posts\/10736"}],"collection":[{"href":"https:\/\/www.rajapack.cz\/blog-cz\/wp-json\/wp\/v2\/posts"}],"about":[{"href":"https:\/\/www.rajapack.cz\/blog-cz\/wp-json\/wp\/v2\/types\/post"}],"author":[{"embeddable":true,"href":"https:\/\/www.rajapack.cz\/blog-cz\/wp-json\/wp\/v2\/users\/25"}],"replies":[{"embeddable":true,"href":"https:\/\/www.rajapack.cz\/blog-cz\/wp-json\/wp\/v2\/comments?post=10736"}],"version-history":[{"count":0,"href":"https:\/\/www.rajapack.cz\/blog-cz\/wp-json\/wp\/v2\/posts\/10736\/revisions"}],"wp:featuredmedia":[{"embeddable":true,"href":"https:\/\/www.rajapack.cz\/blog-cz\/wp-json\/wp\/v2\/media\/10936"}],"wp:attachment":[{"href":"https:\/\/www.rajapack.cz\/blog-cz\/wp-json\/wp\/v2\/media?parent=10736"}],"wp:term":[{"taxonomy":"category","embeddable":true,"href":"https:\/\/www.rajapack.cz\/blog-cz\/wp-json\/wp\/v2\/categories?post=10736"},{"taxonomy":"post_tag","embeddable":true,"href":"https:\/\/www.rajapack.cz\/blog-cz\/wp-json\/wp\/v2\/tags?post=10736"}],"curies":[{"name":"wp","href":"https:\/\/api.w.org\/{rel}","templated":true}]}}