{"id":10611,"date":"2022-04-22T08:44:50","date_gmt":"2022-04-22T06:44:50","guid":{"rendered":"https:\/\/www.rajapack.cz\/blog-cz\/?p=10611"},"modified":"2023-05-17T15:09:24","modified_gmt":"2023-05-17T13:09:24","slug":"den-zeme-s-raja-a-hsm","status":"publish","type":"post","link":"https:\/\/www.rajapack.cz\/blog-cz\/den-zeme-s-raja-a-hsm","title":{"rendered":"Den Zem\u011b s RAJA a HSM"},"content":{"rendered":"<p>Den Zem\u011b je mezin\u00e1rodn\u011b uzn\u00e1van\u00fd v\u00fdznamn\u00fd den, kter\u00fd si p\u0159ipom\u00edn\u00e1 ji\u017e v\u00edce jak 175 zem\u00ed po cel\u00e9m sv\u011bt\u011b. Tento den by n\u00e1m m\u011bl p\u0159ipomenout, \u017ee planeta, kterou ob\u00fdv\u00e1me, je unik\u00e1tn\u00ed a m\u011bli bychom se o ni starat. \u017de klimatick\u00e9 zm\u011bny se opravdu d\u011bj\u00ed a nakonec dopadnou na n\u00e1s v\u0161echny. Proto je pot\u0159eba hledat cesty jak tyto zm\u011bny minimalizovat a neb\u00e1t se j\u00edt p\u0159\u00edkladem.<\/p>\n<p>Spole\u010dnost HSM pr\u00e1v\u011b takov\u00fdm p\u0159\u00edkladem je. Sna\u017e\u00ed se minimalizovat spot\u0159ebu p\u0159\u00edrodn\u00edch zdroj\u016f, p\u0159\u00edpadn\u011b je nahrazovat obnoviteln\u00fdmi zdroji. Vyt\u00e1p\u011bn\u00ed tak prov\u00e1d\u00ed pomoc\u00ed odpadn\u00edho tepla z vlastn\u00ed v\u00fdroby a \u010d\u00e1st energi\u00ed z\u00edsk\u00e1v\u00e1 pomoc\u00ed sol\u00e1rn\u00edch panel\u016f a plynov\u00fdch mikro turb\u00edn. V dob\u011b kdy energie nem\u00e1 vyu\u017eit\u00ed je pak ukl\u00e1d\u00e1na do z\u00e1sobn\u00edk\u016f pro pozd\u011bj\u0161\u00ed pot\u0159ebu.<\/p>\n<p>Filozofie spole\u010dnosti se prom\u00edt\u00e1 i do jejich produkt\u016f. Jako vzor m\u016f\u017eeme uv\u00e9st <a href=\"https:\/\/www.rajapack.cz\/obalova-technika-balici-stroje\/stroje-vyrobu-vyplne\/skartovaci-stroj-securio-b24-hsm_OFF_CZ_0879.html\">HSM skartova\u010de<\/a>. Ty sice spot\u0159ebov\u00e1vaj\u00ed elekt\u0159inu, ale pouze v okam\u017eiku, kdy opravdu skartuj\u00ed. V dob\u011b kdy nejsou vyu\u017e\u00edv\u00e1ny p\u0159ech\u00e1zej\u00ed do pohotovostn\u00edho re\u017eimu, a nebo se p\u0159\u00edmo vypnou. D\u00edky tomu se jejich spot\u0159eba sni\u017euje na m\u00e9n\u011b jak 0,1W. V\u011bt\u0161ina jejich skartovac\u00edch stroj\u016f je dokonce ohodnocena certifik\u00e1tem Blue Angel oce\u0148uj\u00edc\u00ed jejich udr\u017eitelnost.<\/p>\n<p>Tak\u00e9 spole\u010dnost RAJA, jako\u017eto nejv\u011bt\u0161\u00ed evropsk\u00fd prodejce obalov\u00fdch materi\u00e1l\u016f c\u00edt\u00ed silnou odpov\u011bdnost za ekologick\u00e9 nakl\u00e1d\u00e1n\u00ed s obaly a tak p\u0159in\u00e1\u0161\u00ed \u0161irokou nab\u00eddku <a href=\"https:\/\/www.rajapack.cz\/ekologicke_C9630.html\">ekologicky odpov\u011bdn\u00fdch obal\u016f<\/a>. Nav\u00edc se anga\u017euje v osv\u011bt\u011b a sna\u017e\u00ed se p\u016fsobit na sv\u00e9 z\u00e1kazn\u00edky tak, aby se chovali zodpov\u011bdn\u011b k \u017eivotn\u00edmu prost\u0159ed\u00ed. To je pro n\u011b velmi zaj\u00edmav\u00e9, zvl\u00e1\u0161t\u011b pokud to p\u0159i spr\u00e1vn\u00e9m proveden\u00ed m\u016f\u017ee p\u0159in\u00e9st i \u00faspory. Na\u0161e typy kombinuj\u00edc\u00ed ekologickou odpov\u011bdnost a cestu jak nel\u00e9zt \u00faspory jsme shrnuli do <a href=\"https:\/\/www.rajapack.cz\/raja-ekologie\">5 z\u00e1sad balen\u00ed<\/a>. V\u011b\u0159\u00edme, \u017ee pro v\u00e1s budou inspirac\u00ed.<\/p>\n<p>&nbsp;<\/p>\n<p>&nbsp;<\/p>\n","protected":false},"excerpt":{"rendered":"<p>Den Zem\u011b je mezin\u00e1rodn\u011b uzn\u00e1van\u00fd v\u00fdznamn\u00fd den, kter\u00fd si p\u0159ipom\u00edn\u00e1 ji\u017e v\u00edce jak 175 zem\u00ed po cel\u00e9m sv\u011bt\u011b. Tento den by n\u00e1m m\u011bl p\u0159ipomenout, \u017ee planeta, kterou ob\u00fdv\u00e1me, je unik\u00e1tn\u00ed [&#8230;]<\/p>\n","protected":false},"author":25,"featured_media":11746,"comment_status":"open","ping_status":"open","sticky":false,"template":"","format":"standard","meta":{"_acf_changed":false,"footnotes":""},"categories":[1212,1209],"tags":[1028,1210],"class_list":["post-10611","post","type-post","status-publish","format-standard","has-post-thumbnail","hentry","category-ekologie-v-obalech","category-udalosti-v-rajapack","tag-ekologie","tag-firemni-udalosti"],"acf":[],"yoast_head":"\n<title>Den Zem\u011b s RAJA a HSM - Tipy a rady z oblasti logistiky, obal\u016f i p\u0159epravy | Rajapack<\/title>\n<meta name=\"description\" content=\"Den Zem\u011b je mezin\u00e1rodn\u011b uzn\u00e1van\u00fd v\u00fdznamn\u00fd den, kter\u00fd si p\u0159ipom\u00edn\u00e1 ji\u017e v\u00edce jak 175 zem\u00ed po cel\u00e9m sv\u011bt\u011b. Tento den by n\u00e1m m\u011bl p\u0159ipomenout, \u017ee planeta, kterou ob\u00fdv\u00e1me, je unik\u00e1tn\u00ed a m\u011bli bychom se o ni starat. \u017de klimatick\u00e9 zm\u011bny se opravdu d\u011bj\u00ed a nakonec dopadnou na n\u00e1s v\u0161echny. Proto je pot\u0159eba hledat cesty jak tyto zm\u011bny minimalizovat a neb\u00e1t se j\u00edt p\u0159\u00edkladem.\" \/>\n<meta name=\"robots\" content=\"index, follow, max-snippet:-1, max-image-preview:large, max-video-preview:-1\" \/>\n<link rel=\"canonical\" href=\"https:\/\/www.rajapack.cz\/blog-cz\/den-zeme-s-raja-a-hsm\" \/>\n<meta property=\"og:locale\" content=\"cs_CZ\" \/>\n<meta property=\"og:type\" content=\"article\" \/>\n<meta property=\"og:title\" content=\"Den Zem\u011b s RAJA a HSM - Tipy a rady z oblasti logistiky, obal\u016f i p\u0159epravy | Rajapack\" \/>\n<meta property=\"og:description\" content=\"Den Zem\u011b je mezin\u00e1rodn\u011b uzn\u00e1van\u00fd v\u00fdznamn\u00fd den, kter\u00fd si p\u0159ipom\u00edn\u00e1 ji\u017e v\u00edce jak 175 zem\u00ed po cel\u00e9m sv\u011bt\u011b. Tento den by n\u00e1m m\u011bl p\u0159ipomenout, \u017ee planeta, kterou ob\u00fdv\u00e1me, je unik\u00e1tn\u00ed a m\u011bli bychom se o ni starat. \u017de klimatick\u00e9 zm\u011bny se opravdu d\u011bj\u00ed a nakonec dopadnou na n\u00e1s v\u0161echny. Proto je pot\u0159eba hledat cesty jak tyto zm\u011bny minimalizovat a neb\u00e1t se j\u00edt p\u0159\u00edkladem.\" \/>\n<meta property=\"og:url\" content=\"https:\/\/www.rajapack.cz\/blog-cz\/den-zeme-s-raja-a-hsm\" \/>\n<meta property=\"og:site_name\" content=\"Tipy a rady z oblasti logistiky, obal\u016f i p\u0159epravy | Rajapack\" \/>\n<meta property=\"article:published_time\" content=\"2022-04-22T06:44:50+00:00\" \/>\n<meta property=\"article:modified_time\" content=\"2023-05-17T13:09:24+00:00\" \/>\n<meta property=\"og:image\" content=\"https:\/\/www.rajapack.cz\/blog-cz\/wp-content\/uploads\/HSM_Post_LinkedIn_Sustainability_CZ.jpg\" \/>\n\t<meta property=\"og:image:width\" content=\"744\" \/>\n\t<meta property=\"og:image:height\" content=\"400\" \/>\n\t<meta property=\"og:image:type\" content=\"image\/jpeg\" \/>\n<meta name=\"author\" content=\"Rajapack CZ\" \/>\n<meta name=\"twitter:label1\" content=\"Napsal(a)\" \/>\n\t<meta name=\"twitter:data1\" content=\"Rajapack CZ\" \/>\n\t<meta name=\"twitter:label2\" content=\"Odhadovan\u00e1 doba \u010dten\u00ed\" \/>\n\t<meta name=\"twitter:data2\" content=\"2 minuty\" \/>\n<script type=\"application\/ld+json\" class=\"yoast-schema-graph\">{\n\t    \"@context\": \"https:\/\/schema.org\",\n\t    \"@graph\": [\n\t        {\n\t            \"@type\": \"WebPage\",\n\t            \"@id\": \"https:\/\/www.rajapack.cz\/blog-cz\/den-zeme-s-raja-a-hsm\",\n\t            \"url\": \"https:\/\/www.rajapack.cz\/blog-cz\/den-zeme-s-raja-a-hsm\",\n\t            \"name\": \"Den Zem\u011b s RAJA a HSM - Tipy a rady z oblasti logistiky, obal\u016f i p\u0159epravy | Rajapack\",\n\t            \"isPartOf\": {\n\t                \"@id\": \"https:\/\/www.rajapack.cz\/blog-cz\/#website\"\n\t            },\n\t            \"primaryImageOfPage\": {\n\t                \"@id\": \"https:\/\/www.rajapack.cz\/blog-cz\/den-zeme-s-raja-a-hsm#primaryimage\"\n\t            },\n\t            \"image\": {\n\t                \"@id\": \"https:\/\/www.rajapack.cz\/blog-cz\/den-zeme-s-raja-a-hsm#primaryimage\"\n\t            },\n\t            \"thumbnailUrl\": \"https:\/\/www.rajapack.cz\/blog-cz\/wp-content\/uploads\/HSM_Post_LinkedIn_Sustainability_CZ.jpg\",\n\t            \"datePublished\": \"2022-04-22T06:44:50+00:00\",\n\t            \"dateModified\": \"2023-05-17T13:09:24+00:00\",\n\t            \"author\": {\n\t                \"@id\": \"https:\/\/www.rajapack.cz\/blog-cz\/#\/schema\/person\/51cf52e672940ef07086793d87bb2bcc\"\n\t            },\n\t            \"description\": \"Den Zem\u011b je mezin\u00e1rodn\u011b uzn\u00e1van\u00fd v\u00fdznamn\u00fd den, kter\u00fd si p\u0159ipom\u00edn\u00e1 ji\u017e v\u00edce jak 175 zem\u00ed po cel\u00e9m sv\u011bt\u011b. Tento den by n\u00e1m m\u011bl p\u0159ipomenout, \u017ee planeta, kterou ob\u00fdv\u00e1me, je unik\u00e1tn\u00ed a m\u011bli bychom se o ni starat. \u017de klimatick\u00e9 zm\u011bny se opravdu d\u011bj\u00ed a nakonec dopadnou na n\u00e1s v\u0161echny. Proto je pot\u0159eba hledat cesty jak tyto zm\u011bny minimalizovat a neb\u00e1t se j\u00edt p\u0159\u00edkladem.\",\n\t            \"inLanguage\": \"cs\",\n\t            \"potentialAction\": [\n\t                {\n\t                    \"@type\": \"ReadAction\",\n\t                    \"target\": [\n\t                        \"https:\/\/www.rajapack.cz\/blog-cz\/den-zeme-s-raja-a-hsm\"\n\t                    ]\n\t                }\n\t            ]\n\t        },\n\t        {\n\t            \"@type\": \"ImageObject\",\n\t            \"inLanguage\": \"cs\",\n\t            \"@id\": \"https:\/\/www.rajapack.cz\/blog-cz\/den-zeme-s-raja-a-hsm#primaryimage\",\n\t            \"url\": \"https:\/\/www.rajapack.cz\/blog-cz\/wp-content\/uploads\/HSM_Post_LinkedIn_Sustainability_CZ.jpg\",\n\t            \"contentUrl\": \"https:\/\/www.rajapack.cz\/blog-cz\/wp-content\/uploads\/HSM_Post_LinkedIn_Sustainability_CZ.jpg\",\n\t            \"width\": 744,\n\t            \"height\": 400\n\t        },\n\t        {\n\t            \"@type\": \"WebSite\",\n\t            \"@id\": \"https:\/\/www.rajapack.cz\/blog-cz\/#website\",\n\t            \"url\": \"https:\/\/www.rajapack.cz\/blog-cz\/\",\n\t            \"name\": \"Tipy a rady z oblasti logistiky, obal\u016f i p\u0159epravy | Rajapack\",\n\t            \"description\": \"Na\u010derpejte na na\u0161em blogu odborn\u00e9 tipy v oblasti logistiky i obal\u016f pro r\u016fzn\u00e9 typy balen\u00ed \u2714 Zaj\u00edmav\u00e9 \u010dl\u00e1nky a aktuality ze sv\u011bta obalov\u00fdch materi\u00e1l\u016f \u2714\",\n\t            \"potentialAction\": [\n\t                {\n\t                    \"@type\": \"SearchAction\",\n\t                    \"target\": {\n\t                        \"@type\": \"EntryPoint\",\n\t                        \"urlTemplate\": \"https:\/\/www.rajapack.cz\/blog-cz\/?s={search_term_string}\"\n\t                    },\n\t                    \"query-input\": \"required name=search_term_string\"\n\t                }\n\t            ],\n\t            \"inLanguage\": \"cs\"\n\t        },\n\t        {\n\t            \"@type\": \"Person\",\n\t            \"@id\": \"https:\/\/www.rajapack.cz\/blog-cz\/#\/schema\/person\/51cf52e672940ef07086793d87bb2bcc\",\n\t            \"name\": \"Rajapack CZ\",\n\t            \"image\": {\n\t                \"@type\": \"ImageObject\",\n\t                \"inLanguage\": \"cs\",\n\t                \"@id\": \"https:\/\/www.rajapack.cz\/blog-cz\/#\/schema\/person\/image\/\",\n\t                \"url\": \"https:\/\/secure.gravatar.com\/avatar\/fa599d097ebb7cb9005345c085842c37?s=96&d=mm&r=g\",\n\t                \"contentUrl\": \"https:\/\/secure.gravatar.com\/avatar\/fa599d097ebb7cb9005345c085842c37?s=96&d=mm&r=g\",\n\t                \"caption\": \"Rajapack CZ\"\n\t            },\n\t            \"url\": \"https:\/\/www.rajapack.cz\/blog-cz\/author\/rajapackcz\"\n\t        }\n\t    ]\n\t}<\/script>\n","yoast_head_json":{"title":"Den Zem\u011b s RAJA a HSM - Tipy a rady z oblasti logistiky, obal\u016f i p\u0159epravy | Rajapack","description":"Den Zem\u011b je mezin\u00e1rodn\u011b uzn\u00e1van\u00fd v\u00fdznamn\u00fd den, kter\u00fd si p\u0159ipom\u00edn\u00e1 ji\u017e v\u00edce jak 175 zem\u00ed po cel\u00e9m sv\u011bt\u011b. Tento den by n\u00e1m m\u011bl p\u0159ipomenout, \u017ee planeta, kterou ob\u00fdv\u00e1me, je unik\u00e1tn\u00ed a m\u011bli bychom se o ni starat. \u017de klimatick\u00e9 zm\u011bny se opravdu d\u011bj\u00ed a nakonec dopadnou na n\u00e1s v\u0161echny. Proto je pot\u0159eba hledat cesty jak tyto zm\u011bny minimalizovat a neb\u00e1t se j\u00edt p\u0159\u00edkladem.","robots":{"index":"index","follow":"follow","max-snippet":"max-snippet:-1","max-image-preview":"max-image-preview:large","max-video-preview":"max-video-preview:-1"},"canonical":"https:\/\/www.rajapack.cz\/blog-cz\/den-zeme-s-raja-a-hsm","og_locale":"cs_CZ","og_type":"article","og_title":"Den Zem\u011b s RAJA a HSM - Tipy a rady z oblasti logistiky, obal\u016f i p\u0159epravy | Rajapack","og_description":"Den Zem\u011b je mezin\u00e1rodn\u011b uzn\u00e1van\u00fd v\u00fdznamn\u00fd den, kter\u00fd si p\u0159ipom\u00edn\u00e1 ji\u017e v\u00edce jak 175 zem\u00ed po cel\u00e9m sv\u011bt\u011b. Tento den by n\u00e1m m\u011bl p\u0159ipomenout, \u017ee planeta, kterou ob\u00fdv\u00e1me, je unik\u00e1tn\u00ed a m\u011bli bychom se o ni starat. \u017de klimatick\u00e9 zm\u011bny se opravdu d\u011bj\u00ed a nakonec dopadnou na n\u00e1s v\u0161echny. Proto je pot\u0159eba hledat cesty jak tyto zm\u011bny minimalizovat a neb\u00e1t se j\u00edt p\u0159\u00edkladem.","og_url":"https:\/\/www.rajapack.cz\/blog-cz\/den-zeme-s-raja-a-hsm","og_site_name":"Tipy a rady z oblasti logistiky, obal\u016f i p\u0159epravy | Rajapack","article_published_time":"2022-04-22T06:44:50+00:00","article_modified_time":"2023-05-17T13:09:24+00:00","og_image":[{"width":744,"height":400,"url":"https:\/\/www.rajapack.cz\/blog-cz\/wp-content\/uploads\/HSM_Post_LinkedIn_Sustainability_CZ.jpg","type":"image\/jpeg"}],"author":"Rajapack CZ","twitter_misc":{"Napsal(a)":"Rajapack CZ","Odhadovan\u00e1 doba \u010dten\u00ed":"2 minuty"},"schema":{"@context":"https:\/\/schema.org","@graph":[{"@type":"WebPage","@id":"https:\/\/www.rajapack.cz\/blog-cz\/den-zeme-s-raja-a-hsm","url":"https:\/\/www.rajapack.cz\/blog-cz\/den-zeme-s-raja-a-hsm","name":"Den Zem\u011b s RAJA a HSM - Tipy a rady z oblasti logistiky, obal\u016f i p\u0159epravy | Rajapack","isPartOf":{"@id":"https:\/\/www.rajapack.cz\/blog-cz\/#website"},"primaryImageOfPage":{"@id":"https:\/\/www.rajapack.cz\/blog-cz\/den-zeme-s-raja-a-hsm#primaryimage"},"image":{"@id":"https:\/\/www.rajapack.cz\/blog-cz\/den-zeme-s-raja-a-hsm#primaryimage"},"thumbnailUrl":"https:\/\/www.rajapack.cz\/blog-cz\/wp-content\/uploads\/HSM_Post_LinkedIn_Sustainability_CZ.jpg","datePublished":"2022-04-22T06:44:50+00:00","dateModified":"2023-05-17T13:09:24+00:00","author":{"@id":"https:\/\/www.rajapack.cz\/blog-cz\/#\/schema\/person\/51cf52e672940ef07086793d87bb2bcc"},"description":"Den Zem\u011b je mezin\u00e1rodn\u011b uzn\u00e1van\u00fd v\u00fdznamn\u00fd den, kter\u00fd si p\u0159ipom\u00edn\u00e1 ji\u017e v\u00edce jak 175 zem\u00ed po cel\u00e9m sv\u011bt\u011b. Tento den by n\u00e1m m\u011bl p\u0159ipomenout, \u017ee planeta, kterou ob\u00fdv\u00e1me, je unik\u00e1tn\u00ed a m\u011bli bychom se o ni starat. \u017de klimatick\u00e9 zm\u011bny se opravdu d\u011bj\u00ed a nakonec dopadnou na n\u00e1s v\u0161echny. Proto je pot\u0159eba hledat cesty jak tyto zm\u011bny minimalizovat a neb\u00e1t se j\u00edt p\u0159\u00edkladem.","inLanguage":"cs","potentialAction":[{"@type":"ReadAction","target":["https:\/\/www.rajapack.cz\/blog-cz\/den-zeme-s-raja-a-hsm"]}]},{"@type":"ImageObject","inLanguage":"cs","@id":"https:\/\/www.rajapack.cz\/blog-cz\/den-zeme-s-raja-a-hsm#primaryimage","url":"https:\/\/www.rajapack.cz\/blog-cz\/wp-content\/uploads\/HSM_Post_LinkedIn_Sustainability_CZ.jpg","contentUrl":"https:\/\/www.rajapack.cz\/blog-cz\/wp-content\/uploads\/HSM_Post_LinkedIn_Sustainability_CZ.jpg","width":744,"height":400},{"@type":"WebSite","@id":"https:\/\/www.rajapack.cz\/blog-cz\/#website","url":"https:\/\/www.rajapack.cz\/blog-cz\/","name":"Tipy a rady z oblasti logistiky, obal\u016f i p\u0159epravy | Rajapack","description":"Na\u010derpejte na na\u0161em blogu odborn\u00e9 tipy v oblasti logistiky i obal\u016f pro r\u016fzn\u00e9 typy balen\u00ed \u2714 Zaj\u00edmav\u00e9 \u010dl\u00e1nky a aktuality ze sv\u011bta obalov\u00fdch materi\u00e1l\u016f \u2714","potentialAction":[{"@type":"SearchAction","target":{"@type":"EntryPoint","urlTemplate":"https:\/\/www.rajapack.cz\/blog-cz\/?s={search_term_string}"},"query-input":"required name=search_term_string"}],"inLanguage":"cs"},{"@type":"Person","@id":"https:\/\/www.rajapack.cz\/blog-cz\/#\/schema\/person\/51cf52e672940ef07086793d87bb2bcc","name":"Rajapack CZ","image":{"@type":"ImageObject","inLanguage":"cs","@id":"https:\/\/www.rajapack.cz\/blog-cz\/#\/schema\/person\/image\/","url":"https:\/\/secure.gravatar.com\/avatar\/fa599d097ebb7cb9005345c085842c37?s=96&d=mm&r=g","contentUrl":"https:\/\/secure.gravatar.com\/avatar\/fa599d097ebb7cb9005345c085842c37?s=96&d=mm&r=g","caption":"Rajapack CZ"},"url":"https:\/\/www.rajapack.cz\/blog-cz\/author\/rajapackcz"}]}},"_links":{"self":[{"href":"https:\/\/www.rajapack.cz\/blog-cz\/wp-json\/wp\/v2\/posts\/10611"}],"collection":[{"href":"https:\/\/www.rajapack.cz\/blog-cz\/wp-json\/wp\/v2\/posts"}],"about":[{"href":"https:\/\/www.rajapack.cz\/blog-cz\/wp-json\/wp\/v2\/types\/post"}],"author":[{"embeddable":true,"href":"https:\/\/www.rajapack.cz\/blog-cz\/wp-json\/wp\/v2\/users\/25"}],"replies":[{"embeddable":true,"href":"https:\/\/www.rajapack.cz\/blog-cz\/wp-json\/wp\/v2\/comments?post=10611"}],"version-history":[{"count":0,"href":"https:\/\/www.rajapack.cz\/blog-cz\/wp-json\/wp\/v2\/posts\/10611\/revisions"}],"wp:featuredmedia":[{"embeddable":true,"href":"https:\/\/www.rajapack.cz\/blog-cz\/wp-json\/wp\/v2\/media\/11746"}],"wp:attachment":[{"href":"https:\/\/www.rajapack.cz\/blog-cz\/wp-json\/wp\/v2\/media?parent=10611"}],"wp:term":[{"taxonomy":"category","embeddable":true,"href":"https:\/\/www.rajapack.cz\/blog-cz\/wp-json\/wp\/v2\/categories?post=10611"},{"taxonomy":"post_tag","embeddable":true,"href":"https:\/\/www.rajapack.cz\/blog-cz\/wp-json\/wp\/v2\/tags?post=10611"}],"curies":[{"name":"wp","href":"https:\/\/api.w.org\/{rel}","templated":true}]}}