{"id":10548,"date":"2021-10-12T14:24:24","date_gmt":"2021-10-12T12:24:24","guid":{"rendered":"https:\/\/www.rajapack.cz\/blog-cz\/?p=10548"},"modified":"2023-05-17T11:44:04","modified_gmt":"2023-05-17T09:44:04","slug":"dopis-z-nadace-raja-daniele-marcovici-afghansky-special-zari-2021","status":"publish","type":"post","link":"https:\/\/www.rajapack.cz\/blog-cz\/dopis-z-nadace-raja-daniele-marcovici-afghansky-special-zari-2021","title":{"rendered":"DOPIS Z NADACE RAJA-DANI\u00c8LE MARCOVICI &#8211; AFGH\u00c1NSK\u00dd SPECI\u00c1L &#8211; Z\u00c1\u0158\u00cd 2021"},"content":{"rendered":"<p>Draz\u00ed z\u00e1kazn\u00edci,<\/p>\n<p>p\u0159i p\u0159\u00edle\u017eitost\u00ed bl\u00ed\u017e\u00edc\u00edho se 15. v\u00fdro\u010d\u00ed <a href=\"https:\/\/www.fondation-raja-marcovici.com\/\"><strong>Nadace RAJA-Dani\u00e8le Marcovici<\/strong><\/a> je \u010das zhodnotit na\u0161e akce, pod\u00edvat se na dosa\u017een\u00fd pokrok a na to, co mus\u00edme je\u0161t\u011b ud\u011blat, abychom umo\u017enili emancipaci \u017een ve Francii a ve sv\u011bt\u011b.<\/p>\n<p>Ned\u00e1vn\u00e9 ud\u00e1losti v Afgh\u00e1nist\u00e1nu zp\u016fsobily, \u017ee tato fr\u00e1ze Simone de Beauvoir op\u011bt nab\u00fdv\u00e1 na aktu\u00e1lnosti: \u201eKe zpochybn\u011bn\u00ed pr\u00e1v \u017een sta\u010d\u00ed jen politick\u00e1, ekonomick\u00e1 nebo n\u00e1bo\u017eensk\u00e1 krize.\u201c V dob\u011b, kdy m\u00e1 spole\u010dnost sv\u016fj zrak up\u0159en\u00fd na Afgh\u00e1nist\u00e1n a osud jeho obyvatel, n\u00e1m historie ukazuje, \u017ee budoucnost, kter\u00e1 nerespektuje pr\u00e1va ani svobody \u017een po cel\u00e9m sv\u011bt\u011b, pro n\u00e1s nen\u00ed p\u0159ijateln\u00e1.<\/p>\n<p>V\u00edce ne\u017e kdy jindy m\u00e1 boj, kter\u00fd vedeme ji\u017e 15 let, smysl. Pokrok dosa\u017een\u00fd v oblasti pr\u00e1v afgh\u00e1nsk\u00fdch \u017een za posledn\u00ed dv\u011b desetilet\u00ed je zpochybn\u011bn. Pr\u00e1vo \u017e\u00edt bez n\u00e1sil\u00ed a nakl\u00e1dat se sv\u00fdm t\u011blem; pr\u00e1vo d\u00edvek chodit do \u0161koly a mlad\u00fdch \u017een na univerzitu; pr\u00e1vo pracovat, vyd\u011bl\u00e1vat pen\u00edze, b\u00fdt nez\u00e1vislou. Ohro\u017een\u00ed t\u011bchto svobod n\u00e1s u\u010d\u00ed, \u017ee t\u011b\u017ece vydobyt\u00e1 pr\u00e1va \u017een jsou st\u00e1le k\u0159ehk\u00e1 a \u017ee je nutn\u00e9 za ka\u017edou cenu jednat, abychom je ochr\u00e1nili.<\/p>\n<p>Nadace se hodl\u00e1 aktivn\u011b \u00fa\u010dastnit prost\u0159ednictv\u00edm informa\u010dn\u00edch kampan\u00ed na podporu afgh\u00e1nsk\u00fdch \u017een a sdru\u017een\u00ed (AFGHANISTAN LIBRE), jejich\u017e projekty prob\u00edhaj\u00ed na \u00fazem\u00ed Afgh\u00e1nist\u00e1nu, tak aby boj za rovnost a pr\u00e1va \u017een a d\u00edvek mohl pokra\u010dovat. Daniele Kapel-Marcovici<\/p>\n<p><em><strong>Daniele Kapel-Marcovici<\/strong><\/em><\/p>\n<p>P\u0159edsedkyn\u011b Nadace RAJA-Dani\u00e8le Marcovici a\u00a0Gener\u00e1ln\u00ed \u0159editelka skupiny RAJA<\/p>\n<p><em><strong>Sophie Pouget<\/strong><\/em><\/p>\n<p>Gener\u00e1ln\u00ed \u0159editelka Nadace RAJA-Dani\u00e8le Marcovici<\/p>\n<p><em>AFGHANIST\u00c1N: P\u0158EHLED SITUACE<\/em><\/p>\n<p>Sv\u011bt n\u011bkolik t\u00fddn\u016f sleduje v\u00fdvoj politick\u00e9 situace v Afgh\u00e1nist\u00e1nu.Taliban, fundamentalisti\u010dt\u00ed islamist\u00e9 sdru\u017eeni ve vojensk\u00e9, politick\u00e9 a n\u00e1bo\u017eensk\u00e9 organizaci, z\u00edskal v zemi 15. srpna po 20 letech konfliktu op\u011bt moc t\u00edm, \u017ee se zmocnil hlavn\u00edho m\u011bsta K\u00e1bul. Od t\u00e9 doby byla v\u011bt\u0161ina aktivit v zemi pozastavena, co\u017e bylo doprov\u00e1zeno srdceryvn\u00fdmi obrazy obyvatel, kte\u0159\u00ed se sna\u017e\u00ed uprchnout ze zem\u011b, a nov\u00fdmi opat\u0159en\u00edmi p\u0159ijat\u00fdmi Talibanem za \u00fa\u010delem nastolen\u00ed jeho autority. Pr\u00e1va \u017een jsou tak op\u011bt ohro\u017eena.<\/p>\n<p>Aktu\u00e1ln\u00ed situace:<\/p>\n<ul>\n<li>Od 16. do 17. srpna sp\u011bchaj\u00ed des\u00edtky tis\u00edc Afgh\u00e1nc\u016f na k\u00e1bulsk\u00e9 leti\u0161t\u011b ve snaze uprchnout ze zem\u011b. Bezpe\u010dnostn\u00ed s\u00edly pou\u017eily slzn\u00fd plyn a zah\u00e1jily palbu do davu ostrou munic\u00ed.<\/li>\n<li>Afgh\u00e1nsk\u00e1 m\u00e9dia pozastavila svou \u010dinnost nebo drasticky omezila nab\u00edzen\u00fd obsah, aby neprovokovala Taliban.<\/li>\n<li>19. srpna T\u00e1lib\u00e1n vyhl\u00e1sil vytvo\u0159en\u00ed Isl\u00e1msk\u00e9ho emir\u00e1tu Afgh\u00e1nist\u00e1n.<\/li>\n<li>Podle agentury Reuters bylo mezi 14. srpnem a 30. srpnem ze zem\u011b evakuov\u00e1no v\u00edce ne\u017e 115 000 osob.<\/li>\n<li>31. srpna po odjezdu posledn\u00edch americk\u00fdch ozbrojen\u00fdch sil z\u00edskal Taliban znovu kontrolu nad leti\u0161t\u011bm.<\/li>\n<\/ul>\n<p><em>TV\u00c1\u0158\u00cd V TV\u00c1\u0158 TALIBANU<\/em><\/p>\n<p>Od srpna 2021 afgh\u00e1nsk\u00e9 \u017eeny demonstruj\u00ed za dodr\u017eov\u00e1n\u00ed sv\u00fdch svobod a pr\u00e1v. Cht\u011bj\u00ed zachovat to, co z\u00edskaly. Pr\u00e1va, jejich\u017e z\u00edsk\u00e1n\u00ed trvalo 20 let a za kter\u00e1 cht\u011bj\u00ed bojovat. Ob\u00e1vaj\u00ed se, \u017ee budou vylou\u010deny z ve\u0159ejn\u00e9ho \u017eivota jako za minul\u00e9ho re\u017eimu Talibanu v letech 1996 a\u017e 2001.<\/p>\n<p>A\u0165 u\u017e v K\u00e1bulu, Her\u00e1tu nebo v provinci\u00edch Kapisa, Takhar nebo Badakhshan, hnut\u00ed Taliban na demonstranty st\u0159\u00edlelo do vzduchu a aktivistky za pr\u00e1va \u017een byly zat\u010deny spolu s novin\u00e1\u0159i.<\/p>\n<p>Po t\u011bchto ud\u00e1lostech rozhodl nov\u00fd re\u017eim v K\u00e1bulu 8. z\u00e1\u0159\u00ed o z\u00e1kazu neopr\u00e1vn\u011bn\u00fdch shrom\u00e1\u017ed\u011bn\u00ed.<\/p>\n<p><em>JAK\u00c1 JE BUDOUCNOST PR\u00c1V \u017dEN V AFGH\u00c1NISTANU?<\/em><\/p>\n<p>Kdy\u017e se Taliban dostal k moci v letech 1996 a\u017e 2001, byla tato doba poznamen\u00e1na zmizen\u00edm \u017een z ve\u0159ejn\u00e9ho prostoru. Jeliko\u017e bylo o\u010dek\u00e1v\u00e1no, \u017ee se toto t\u00e9ma op\u011bt dostane do pop\u0159ed\u00ed, tak islamist\u00e9 15. srpna vydali \u0159adu prohl\u00e1\u0161en\u00ed, jimi\u017e se pokusili uklidnit mezin\u00e1rodn\u00ed spole\u010denstv\u00ed\u00a0 a t\u00edm si zajistit obnoven\u00ed hospod\u00e1\u0159sk\u00e9 pomoci, na kter\u00e9 je zem\u011b z\u00e1visl\u00e1. 7. z\u00e1\u0159\u00ed byla v\u0161ak p\u0159edstavena nov\u00e1 opat\u0159en\u00ed, kter\u00e1 ve spojen\u00ed s\u00a0absenc\u00ed \u017een v\u00a0prozat\u00edmn\u00ed vl\u00e1d\u011b Talibanu nevys\u00edlaj\u00ed optimistick\u00e9 sign\u00e1ly.<\/p>\n<p>&nbsp;<\/p>\n<p><strong>VZD\u011aL\u00c1V\u00c1N\u00cd<\/strong><\/p>\n<p>5. z\u00e1\u0159\u00ed Ministerstvo \u0161kolstv\u00ed Talibanu vyhl\u00e1silo rozd\u011blen\u00ed student\u016f na z\u00e1klad\u011b jejich pohlav\u00ed. Mal\u00e9 sm\u00ed\u0161en\u00e9 t\u0159\u00eddy jsou povoleny, ale \u017eeny jsou od mu\u017e\u016f odd\u011bleny z\u00e1v\u011bsem. V\u0161echny studentky a u\u010ditelky mus\u00ed nav\u00edc nosit hid\u017e\u00e1b (z\u00e1voj, kter\u00fd zakr\u00fdv\u00e1 vlasy, ale ne obli\u010dej). Podle americk\u00e9 CNN budou muset univerzity zajistit pro d\u00edvky \u017eensk\u00e9 vyu\u010duj\u00edc\u00ed. Kdy\u017e byly studentky dot\u00e1z\u00e1ny na tyto zm\u011bny, tak vyj\u00e1d\u0159ili \u00falevu nad t\u00edm, \u017ee jim bylo umo\u017en\u011bno nad\u00e1le studovat, proto\u017ee se ob\u00e1valy, \u017ee se ji\u017e na univerzitu nebudou moci vr\u00e1tit.<\/p>\n<p>&nbsp;<\/p>\n<p><strong>\u017dENSK\u00c9 NOVIN\u00c1\u0158KY<\/strong><\/p>\n<p>A\u010dkoli Taliban ozn\u00e1mil, \u017ee svoboda tisku bude respektov\u00e1na a \u017ee novin\u00e1\u0159ky mohou nad\u00e1le pracovat, afgh\u00e1nsk\u00e9 \u017eeny pracuj\u00edc\u00ed v m\u00e9di\u00edch a tisku rychle zmizely. Novin\u00e1\u0159 Hasiba Atakpal a moder\u00e1torka Beheshta Arghand, kte\u0159\u00ed 17. srpna vys\u00edlali rozhovor s mluv\u010d\u00edm Talibanu, kr\u00e1tce pot\u00e9 oba zemi opustili. 19. srpna dv\u011b novin\u00e1\u0159ky z Radio Television Afghanistan tvrdili, \u017ee jim Taliban br\u00e1n\u00ed v n\u00e1vratu do pr\u00e1ce t\u00edm, \u017ee je na rozd\u00edl od jejich mu\u017esk\u00fdch koleg\u016f nepust\u00ed do jejich kancel\u00e1\u0159e. Podle Report\u00e9r\u016f bez hranic k 1. z\u00e1\u0159\u00ed st\u00e1le vykon\u00e1v\u00e1 svou funkci pouze 76 \u017een z\u00a0510, je\u017e byly zam\u011bstn\u00e1ny v nejv\u011bt\u0161\u00edch afgh\u00e1nsk\u00fdch m\u00e9di\u00edch a tiskov\u00fdch skupin\u00e1ch.<\/p>\n<p>&nbsp;<\/p>\n<p><strong>SPORT<\/strong><\/p>\n<p>Vedouc\u00ed kulturn\u00ed komise Talibanu Ahmadullah Wasiq 8. z\u00e1\u0159\u00ed ozn\u00e1mil, \u017ee \u017een\u00e1m bude zak\u00e1z\u00e1n sport, a to zejm\u00e9na kv\u016fli oble\u010den\u00ed, kter\u00e9 nen\u00ed v souladu se z\u00e1kony isl\u00e1msk\u00e9ho emir\u00e1tu. Taliban dodal, \u017ee \u017een\u00e1m bude umo\u017en\u011bno j\u00edt ven, aby naplnily sv\u00e9 z\u00e1kladn\u00ed pot\u0159eby, ale sport nebyl pova\u017eov\u00e1n za nutnost. N\u011bkolik \u010dlenek afgh\u00e1nsk\u00e9ho kriketov\u00e9ho t\u00fdmu BBC sd\u011blilo, \u017ee se Taliban zam\u011b\u0159il na hr\u00e1\u010dky a vyhro\u017eoval jim, pokud by se pokusili znovu hr\u00e1t.<\/p>\n<p>&nbsp;<\/p>\n","protected":false},"excerpt":{"rendered":"<p>Draz\u00ed z\u00e1kazn\u00edci, p\u0159i p\u0159\u00edle\u017eitost\u00ed bl\u00ed\u017e\u00edc\u00edho se 15. v\u00fdro\u010d\u00ed Nadace RAJA-Dani\u00e8le Marcovici je \u010das zhodnotit na\u0161e akce, pod\u00edvat se na dosa\u017een\u00fd pokrok a na to, co mus\u00edme je\u0161t\u011b ud\u011blat, abychom umo\u017enili [&#8230;]<\/p>\n","protected":false},"author":25,"featured_media":11678,"comment_status":"open","ping_status":"open","sticky":false,"template":"","format":"standard","meta":{"_acf_changed":false,"footnotes":""},"categories":[1209],"tags":[1210],"class_list":["post-10548","post","type-post","status-publish","format-standard","has-post-thumbnail","hentry","category-udalosti-v-rajapack","tag-firemni-udalosti"],"acf":[],"yoast_head":"\n<title>DOPIS Z NADACE RAJA-DANI\u00c8LE MARCOVICI - AFGH\u00c1NSK\u00dd SPECI\u00c1L - Z\u00c1\u0158\u00cd 2021 - Tipy a rady z oblasti logistiky, obal\u016f i p\u0159epravy | Rajapack<\/title>\n<meta name=\"robots\" content=\"index, follow, max-snippet:-1, max-image-preview:large, max-video-preview:-1\" \/>\n<link rel=\"canonical\" href=\"https:\/\/www.rajapack.cz\/blog-cz\/dopis-z-nadace-raja-daniele-marcovici-afghansky-special-zari-2021\" \/>\n<meta property=\"og:locale\" content=\"cs_CZ\" \/>\n<meta property=\"og:type\" content=\"article\" \/>\n<meta property=\"og:title\" content=\"DOPIS Z NADACE RAJA-DANI\u00c8LE MARCOVICI - AFGH\u00c1NSK\u00dd SPECI\u00c1L - Z\u00c1\u0158\u00cd 2021 - Tipy a rady z oblasti logistiky, obal\u016f i p\u0159epravy | Rajapack\" \/>\n<meta property=\"og:description\" content=\"Draz\u00ed z\u00e1kazn\u00edci, p\u0159i p\u0159\u00edle\u017eitost\u00ed bl\u00ed\u017e\u00edc\u00edho se 15. v\u00fdro\u010d\u00ed Nadace RAJA-Dani\u00e8le Marcovici je \u010das zhodnotit na\u0161e akce, pod\u00edvat se na dosa\u017een\u00fd pokrok a na to, co mus\u00edme je\u0161t\u011b ud\u011blat, abychom umo\u017enili [...]\" \/>\n<meta property=\"og:url\" content=\"https:\/\/www.rajapack.cz\/blog-cz\/dopis-z-nadace-raja-daniele-marcovici-afghansky-special-zari-2021\" \/>\n<meta property=\"og:site_name\" content=\"Tipy a rady z oblasti logistiky, obal\u016f i p\u0159epravy | Rajapack\" \/>\n<meta property=\"article:published_time\" content=\"2021-10-12T12:24:24+00:00\" \/>\n<meta property=\"article:modified_time\" content=\"2023-05-17T09:44:04+00:00\" \/>\n<meta property=\"og:image\" content=\"https:\/\/www.rajapack.cz\/blog-cz\/wp-content\/uploads\/pexels-karolina-grabowska-8107535-scaled-1.jpg\" \/>\n\t<meta property=\"og:image:width\" content=\"1080\" \/>\n\t<meta property=\"og:image:height\" content=\"720\" \/>\n\t<meta property=\"og:image:type\" content=\"image\/jpeg\" \/>\n<meta name=\"author\" content=\"Rajapack CZ\" \/>\n<meta name=\"twitter:label1\" content=\"Napsal(a)\" \/>\n\t<meta name=\"twitter:data1\" content=\"Rajapack CZ\" \/>\n\t<meta name=\"twitter:label2\" content=\"Odhadovan\u00e1 doba \u010dten\u00ed\" \/>\n\t<meta name=\"twitter:data2\" content=\"5 minut\" \/>\n<script type=\"application\/ld+json\" class=\"yoast-schema-graph\">{\n\t    \"@context\": \"https:\/\/schema.org\",\n\t    \"@graph\": [\n\t        {\n\t            \"@type\": \"WebPage\",\n\t            \"@id\": \"https:\/\/www.rajapack.cz\/blog-cz\/dopis-z-nadace-raja-daniele-marcovici-afghansky-special-zari-2021\",\n\t            \"url\": \"https:\/\/www.rajapack.cz\/blog-cz\/dopis-z-nadace-raja-daniele-marcovici-afghansky-special-zari-2021\",\n\t            \"name\": \"DOPIS Z NADACE RAJA-DANI\u00c8LE MARCOVICI - AFGH\u00c1NSK\u00dd SPECI\u00c1L - Z\u00c1\u0158\u00cd 2021 - Tipy a rady z oblasti logistiky, obal\u016f i p\u0159epravy | Rajapack\",\n\t            \"isPartOf\": {\n\t                \"@id\": \"https:\/\/www.rajapack.cz\/blog-cz\/#website\"\n\t            },\n\t            \"primaryImageOfPage\": {\n\t                \"@id\": \"https:\/\/www.rajapack.cz\/blog-cz\/dopis-z-nadace-raja-daniele-marcovici-afghansky-special-zari-2021#primaryimage\"\n\t            },\n\t            \"image\": {\n\t                \"@id\": \"https:\/\/www.rajapack.cz\/blog-cz\/dopis-z-nadace-raja-daniele-marcovici-afghansky-special-zari-2021#primaryimage\"\n\t            },\n\t            \"thumbnailUrl\": \"https:\/\/www.rajapack.cz\/blog-cz\/wp-content\/uploads\/pexels-karolina-grabowska-8107535-scaled-1.jpg\",\n\t            \"datePublished\": \"2021-10-12T12:24:24+00:00\",\n\t            \"dateModified\": \"2023-05-17T09:44:04+00:00\",\n\t            \"author\": {\n\t                \"@id\": \"https:\/\/www.rajapack.cz\/blog-cz\/#\/schema\/person\/51cf52e672940ef07086793d87bb2bcc\"\n\t            },\n\t            \"inLanguage\": \"cs\",\n\t            \"potentialAction\": [\n\t                {\n\t                    \"@type\": \"ReadAction\",\n\t                    \"target\": [\n\t                        \"https:\/\/www.rajapack.cz\/blog-cz\/dopis-z-nadace-raja-daniele-marcovici-afghansky-special-zari-2021\"\n\t                    ]\n\t                }\n\t            ]\n\t        },\n\t        {\n\t            \"@type\": \"ImageObject\",\n\t            \"inLanguage\": \"cs\",\n\t            \"@id\": \"https:\/\/www.rajapack.cz\/blog-cz\/dopis-z-nadace-raja-daniele-marcovici-afghansky-special-zari-2021#primaryimage\",\n\t            \"url\": \"https:\/\/www.rajapack.cz\/blog-cz\/wp-content\/uploads\/pexels-karolina-grabowska-8107535-scaled-1.jpg\",\n\t            \"contentUrl\": \"https:\/\/www.rajapack.cz\/blog-cz\/wp-content\/uploads\/pexels-karolina-grabowska-8107535-scaled-1.jpg\",\n\t            \"width\": 1080,\n\t            \"height\": 720\n\t        },\n\t        {\n\t            \"@type\": \"WebSite\",\n\t            \"@id\": \"https:\/\/www.rajapack.cz\/blog-cz\/#website\",\n\t            \"url\": \"https:\/\/www.rajapack.cz\/blog-cz\/\",\n\t            \"name\": \"Tipy a rady z oblasti logistiky, obal\u016f i p\u0159epravy | Rajapack\",\n\t            \"description\": \"Na\u010derpejte na na\u0161em blogu odborn\u00e9 tipy v oblasti logistiky i obal\u016f pro r\u016fzn\u00e9 typy balen\u00ed \u2714 Zaj\u00edmav\u00e9 \u010dl\u00e1nky a aktuality ze sv\u011bta obalov\u00fdch materi\u00e1l\u016f \u2714\",\n\t            \"potentialAction\": [\n\t                {\n\t                    \"@type\": \"SearchAction\",\n\t                    \"target\": {\n\t                        \"@type\": \"EntryPoint\",\n\t                        \"urlTemplate\": \"https:\/\/www.rajapack.cz\/blog-cz\/?s={search_term_string}\"\n\t                    },\n\t                    \"query-input\": \"required name=search_term_string\"\n\t                }\n\t            ],\n\t            \"inLanguage\": \"cs\"\n\t        },\n\t        {\n\t            \"@type\": \"Person\",\n\t            \"@id\": \"https:\/\/www.rajapack.cz\/blog-cz\/#\/schema\/person\/51cf52e672940ef07086793d87bb2bcc\",\n\t            \"name\": \"Rajapack CZ\",\n\t            \"image\": {\n\t                \"@type\": \"ImageObject\",\n\t                \"inLanguage\": \"cs\",\n\t                \"@id\": \"https:\/\/www.rajapack.cz\/blog-cz\/#\/schema\/person\/image\/\",\n\t                \"url\": \"https:\/\/secure.gravatar.com\/avatar\/fa599d097ebb7cb9005345c085842c37?s=96&d=mm&r=g\",\n\t                \"contentUrl\": \"https:\/\/secure.gravatar.com\/avatar\/fa599d097ebb7cb9005345c085842c37?s=96&d=mm&r=g\",\n\t                \"caption\": \"Rajapack CZ\"\n\t            },\n\t            \"url\": \"https:\/\/www.rajapack.cz\/blog-cz\/author\/rajapackcz\"\n\t        }\n\t    ]\n\t}<\/script>\n","yoast_head_json":{"title":"DOPIS Z NADACE RAJA-DANI\u00c8LE MARCOVICI - AFGH\u00c1NSK\u00dd SPECI\u00c1L - Z\u00c1\u0158\u00cd 2021 - Tipy a rady z oblasti logistiky, obal\u016f i p\u0159epravy | Rajapack","robots":{"index":"index","follow":"follow","max-snippet":"max-snippet:-1","max-image-preview":"max-image-preview:large","max-video-preview":"max-video-preview:-1"},"canonical":"https:\/\/www.rajapack.cz\/blog-cz\/dopis-z-nadace-raja-daniele-marcovici-afghansky-special-zari-2021","og_locale":"cs_CZ","og_type":"article","og_title":"DOPIS Z NADACE RAJA-DANI\u00c8LE MARCOVICI - AFGH\u00c1NSK\u00dd SPECI\u00c1L - Z\u00c1\u0158\u00cd 2021 - Tipy a rady z oblasti logistiky, obal\u016f i p\u0159epravy | Rajapack","og_description":"Draz\u00ed z\u00e1kazn\u00edci, p\u0159i p\u0159\u00edle\u017eitost\u00ed bl\u00ed\u017e\u00edc\u00edho se 15. v\u00fdro\u010d\u00ed Nadace RAJA-Dani\u00e8le Marcovici je \u010das zhodnotit na\u0161e akce, pod\u00edvat se na dosa\u017een\u00fd pokrok a na to, co mus\u00edme je\u0161t\u011b ud\u011blat, abychom umo\u017enili [...]","og_url":"https:\/\/www.rajapack.cz\/blog-cz\/dopis-z-nadace-raja-daniele-marcovici-afghansky-special-zari-2021","og_site_name":"Tipy a rady z oblasti logistiky, obal\u016f i p\u0159epravy | Rajapack","article_published_time":"2021-10-12T12:24:24+00:00","article_modified_time":"2023-05-17T09:44:04+00:00","og_image":[{"width":1080,"height":720,"url":"https:\/\/www.rajapack.cz\/blog-cz\/wp-content\/uploads\/pexels-karolina-grabowska-8107535-scaled-1.jpg","type":"image\/jpeg"}],"author":"Rajapack CZ","twitter_misc":{"Napsal(a)":"Rajapack CZ","Odhadovan\u00e1 doba \u010dten\u00ed":"5 minut"},"schema":{"@context":"https:\/\/schema.org","@graph":[{"@type":"WebPage","@id":"https:\/\/www.rajapack.cz\/blog-cz\/dopis-z-nadace-raja-daniele-marcovici-afghansky-special-zari-2021","url":"https:\/\/www.rajapack.cz\/blog-cz\/dopis-z-nadace-raja-daniele-marcovici-afghansky-special-zari-2021","name":"DOPIS Z NADACE RAJA-DANI\u00c8LE MARCOVICI - AFGH\u00c1NSK\u00dd SPECI\u00c1L - Z\u00c1\u0158\u00cd 2021 - Tipy a rady z oblasti logistiky, obal\u016f i p\u0159epravy | Rajapack","isPartOf":{"@id":"https:\/\/www.rajapack.cz\/blog-cz\/#website"},"primaryImageOfPage":{"@id":"https:\/\/www.rajapack.cz\/blog-cz\/dopis-z-nadace-raja-daniele-marcovici-afghansky-special-zari-2021#primaryimage"},"image":{"@id":"https:\/\/www.rajapack.cz\/blog-cz\/dopis-z-nadace-raja-daniele-marcovici-afghansky-special-zari-2021#primaryimage"},"thumbnailUrl":"https:\/\/www.rajapack.cz\/blog-cz\/wp-content\/uploads\/pexels-karolina-grabowska-8107535-scaled-1.jpg","datePublished":"2021-10-12T12:24:24+00:00","dateModified":"2023-05-17T09:44:04+00:00","author":{"@id":"https:\/\/www.rajapack.cz\/blog-cz\/#\/schema\/person\/51cf52e672940ef07086793d87bb2bcc"},"inLanguage":"cs","potentialAction":[{"@type":"ReadAction","target":["https:\/\/www.rajapack.cz\/blog-cz\/dopis-z-nadace-raja-daniele-marcovici-afghansky-special-zari-2021"]}]},{"@type":"ImageObject","inLanguage":"cs","@id":"https:\/\/www.rajapack.cz\/blog-cz\/dopis-z-nadace-raja-daniele-marcovici-afghansky-special-zari-2021#primaryimage","url":"https:\/\/www.rajapack.cz\/blog-cz\/wp-content\/uploads\/pexels-karolina-grabowska-8107535-scaled-1.jpg","contentUrl":"https:\/\/www.rajapack.cz\/blog-cz\/wp-content\/uploads\/pexels-karolina-grabowska-8107535-scaled-1.jpg","width":1080,"height":720},{"@type":"WebSite","@id":"https:\/\/www.rajapack.cz\/blog-cz\/#website","url":"https:\/\/www.rajapack.cz\/blog-cz\/","name":"Tipy a rady z oblasti logistiky, obal\u016f i p\u0159epravy | Rajapack","description":"Na\u010derpejte na na\u0161em blogu odborn\u00e9 tipy v oblasti logistiky i obal\u016f pro r\u016fzn\u00e9 typy balen\u00ed \u2714 Zaj\u00edmav\u00e9 \u010dl\u00e1nky a aktuality ze sv\u011bta obalov\u00fdch materi\u00e1l\u016f \u2714","potentialAction":[{"@type":"SearchAction","target":{"@type":"EntryPoint","urlTemplate":"https:\/\/www.rajapack.cz\/blog-cz\/?s={search_term_string}"},"query-input":"required name=search_term_string"}],"inLanguage":"cs"},{"@type":"Person","@id":"https:\/\/www.rajapack.cz\/blog-cz\/#\/schema\/person\/51cf52e672940ef07086793d87bb2bcc","name":"Rajapack CZ","image":{"@type":"ImageObject","inLanguage":"cs","@id":"https:\/\/www.rajapack.cz\/blog-cz\/#\/schema\/person\/image\/","url":"https:\/\/secure.gravatar.com\/avatar\/fa599d097ebb7cb9005345c085842c37?s=96&d=mm&r=g","contentUrl":"https:\/\/secure.gravatar.com\/avatar\/fa599d097ebb7cb9005345c085842c37?s=96&d=mm&r=g","caption":"Rajapack CZ"},"url":"https:\/\/www.rajapack.cz\/blog-cz\/author\/rajapackcz"}]}},"_links":{"self":[{"href":"https:\/\/www.rajapack.cz\/blog-cz\/wp-json\/wp\/v2\/posts\/10548"}],"collection":[{"href":"https:\/\/www.rajapack.cz\/blog-cz\/wp-json\/wp\/v2\/posts"}],"about":[{"href":"https:\/\/www.rajapack.cz\/blog-cz\/wp-json\/wp\/v2\/types\/post"}],"author":[{"embeddable":true,"href":"https:\/\/www.rajapack.cz\/blog-cz\/wp-json\/wp\/v2\/users\/25"}],"replies":[{"embeddable":true,"href":"https:\/\/www.rajapack.cz\/blog-cz\/wp-json\/wp\/v2\/comments?post=10548"}],"version-history":[{"count":0,"href":"https:\/\/www.rajapack.cz\/blog-cz\/wp-json\/wp\/v2\/posts\/10548\/revisions"}],"wp:featuredmedia":[{"embeddable":true,"href":"https:\/\/www.rajapack.cz\/blog-cz\/wp-json\/wp\/v2\/media\/11678"}],"wp:attachment":[{"href":"https:\/\/www.rajapack.cz\/blog-cz\/wp-json\/wp\/v2\/media?parent=10548"}],"wp:term":[{"taxonomy":"category","embeddable":true,"href":"https:\/\/www.rajapack.cz\/blog-cz\/wp-json\/wp\/v2\/categories?post=10548"},{"taxonomy":"post_tag","embeddable":true,"href":"https:\/\/www.rajapack.cz\/blog-cz\/wp-json\/wp\/v2\/tags?post=10548"}],"curies":[{"name":"wp","href":"https:\/\/api.w.org\/{rel}","templated":true}]}}